{"id":46242,"date":"2021-01-18T08:41:17","date_gmt":"2021-01-18T13:41:17","guid":{"rendered":"https:\/\/cbieca.wpenginepowered.com\/cbie-remembers-one-of-its-founders-professor-thomas-h-b-symons\/"},"modified":"2021-01-21T09:24:53","modified_gmt":"2021-01-21T14:24:53","slug":"cbie-remembers-one-of-its-founders-professor-thomas-h-b-symons","status":"publish","type":"post","link":"https:\/\/cbie.ca\/fr\/cbie-remembers-one-of-its-founders-professor-thomas-h-b-symons\/","title":{"rendered":"Le BCEI rend hommage \u00e0 l\u2019un de ses fondateurs, le professeur Thomas H.B. Symons"},"content":{"rendered":"<p>Le Bureau canadien de l\u2019\u00e9ducation internationale (BCEI) honore la m\u00e9moire du professeur Thomas H.B. Symons, d\u00e9c\u00e9d\u00e9 le 1er janvier \u00e0 l\u2019\u00e2ge de 91 ans.<\/p>\n<p>Alors qu\u2019il \u00e9tudiait \u00e0 l\u2019Universit\u00e9 de Toronto dans les ann\u00e9es 1940, M. Symons faisait partie d\u2019un petit groupe de jeunes inspir\u00e9es qui ont fond\u00e9 le BCEI sous le nom de Friendly Relations with Overseas Students (relations amicales avec les \u00e9tudiants de l\u2019\u00e9tranger). Au cours de sa longue carri\u00e8re comme universitaire et cadre sup\u00e9rieur, M. Symons a continu\u00e9 d\u2019appuyer fortement le mandat du BCEI, faisant la promotion du r\u00f4le de l\u2019\u00e9ducation internationale dans l\u2019enrichissement de la population et la consolidation de la paix.<\/p>\n<p>M. Symons a \u00e9t\u00e9 le pr\u00e9sident fondateur de l\u2019Universit\u00e9 Trent (1961-1972) et le vice-pr\u00e9sident fondateur du Conseil de recherches en sciences humaines du Canada (1978-1984). Il est reconnu pour son r\u00f4le de pr\u00e9sident de la Commission sur les \u00e9tudes canadiennes (1972-1984). Conscient de l\u2019importance de la pr\u00e9sence canadienne sur la sc\u00e8ne universitaire internationale \u00e9largie, il a d\u00e9montr\u00e9 son engagement envers ce principe par un travail consid\u00e9rable \u00e0 l\u2019international. Il a notamment fait partie du Commonwealth Standing Committee on Student Mobility (dans les ann\u00e9es 1980) en plus d\u2019occuper le poste de pr\u00e9sident du conseil d\u2019administration international des Coll\u00e8ges du Monde Uni (dans les ann\u00e9es 1980) et celui de pr\u00e9sident de l\u2019Association des universit\u00e9s du Commonwealth (dans les ann\u00e9es 1970).<\/p>\n<p>\u00ab M. Symons a \u00e9t\u00e9 un \u00e9minent chef de file dans le domaine de l\u2019\u00e9ducation internationale et un v\u00e9ritable champion de l\u2019engagement du Canada sur la sc\u00e8ne mondiale \u00e0 travers l\u2019\u00e9ducation \u00bb, a soulign\u00e9 Ajay Patel, pr\u00e9sident du Coll\u00e8ge communautaire de Vancouver et du conseil d\u2019administration du BCEI. En 2016, le conseil d\u2019administration du BCEI lui a d\u00e9cern\u00e9 le Prix des fondateurs pour l\u2019excellence en \u00e9ducation internationale, reconnaissant ainsi son leadership remarquable dans ce secteur.<\/p>\n<p>Mme Larissa Bezo, pr\u00e9sidente et chef de la direction du BCEI, a offert ses plus sinc\u00e8res condol\u00e9ances \u00e0 la famille de M. Symons au nom de toute l\u2019\u00e9quipe du secr\u00e9tariat. \u00ab Nous sommes touch\u00e9.e.s par le travail cr\u00e9atif et fondamental accompli par M. Symons sur plusieurs d\u00e9cennies pour mettre en place des institutions et contribuer \u00e0 fa\u00e7onner la trajectoire et le secteur g\u00e9n\u00e9ral de l\u2019\u00e9ducation internationale au Canada. \u00bb<\/p>\n<p>La passion de M. Symons pour l\u2019apprentissage, son engagement envers la collectivit\u00e9 et le service exceptionnel qu\u2019il a rendu \u00e0 son pays resteront grav\u00e9s dans nos m\u00e9moires.<br \/>\nNous vous invitons \u00e0 en apprendre davantage \u00e0 propos de la vie et de l\u2019h\u00e9ritage de Thomas H.B. Symons en consultant le site Web de l\u2019Universit\u00e9 Trent lui rendant <a href=\"https:\/\/www.trentu.ca\/professorsymons\/\">un hommage sp\u00e9cial<\/a> (en anglais).<\/p>\n","protected":false},"excerpt":{"rendered":"<p>Le Bureau canadien de l\u2019\u00e9ducation internationale (BCEI) honore la m\u00e9moire du professeur Thomas H.B. Symons, d\u00e9c\u00e9d\u00e9 le 1er janvier \u00e0 l\u2019\u00e2ge de 91 ans. Alors qu\u2019il \u00e9tudiait \u00e0 l\u2019Universit\u00e9 de [&hellip;]<\/p>\n","protected":false},"author":11,"featured_media":46624,"comment_status":"closed","ping_status":"closed","sticky":false,"template":"","format":"standard","meta":{"_acf_changed":false,"footnotes":""},"categories":[82],"tags":[],"class_list":["post-46242","post","type-post","status-publish","format-standard","has-post-thumbnail","hentry","category-press-releases-fr"],"acf":[],"yoast_head":"<!-- This site is optimized with the Yoast SEO plugin v27.5 - https:\/\/yoast.com\/product\/yoast-seo-wordpress\/ -->\n<title>Le BCEI rend hommage \u00e0 l\u2019un de ses fondateurs, le professeur Thomas H.B. Symons - CBIE<\/title>\n<meta name=\"robots\" content=\"index, follow, max-snippet:-1, max-image-preview:large, max-video-preview:-1\" \/>\n<link rel=\"canonical\" href=\"https:\/\/cbie.ca\/fr\/cbie-remembers-one-of-its-founders-professor-thomas-h-b-symons\/\" \/>\n<meta property=\"og:locale\" content=\"fr_FR\" \/>\n<meta property=\"og:type\" content=\"article\" \/>\n<meta property=\"og:title\" content=\"Le BCEI rend hommage \u00e0 l\u2019un de ses fondateurs, le professeur Thomas H.B. Symons - CBIE\" \/>\n<meta property=\"og:description\" content=\"Le Bureau canadien de l\u2019\u00e9ducation internationale (BCEI) honore la m\u00e9moire du professeur Thomas H.B. Symons, d\u00e9c\u00e9d\u00e9 le 1er janvier \u00e0 l\u2019\u00e2ge de 91 ans. Alors qu\u2019il \u00e9tudiait \u00e0 l\u2019Universit\u00e9 de [&hellip;]\" \/>\n<meta property=\"og:url\" content=\"https:\/\/cbie.ca\/fr\/cbie-remembers-one-of-its-founders-professor-thomas-h-b-symons\/\" \/>\n<meta property=\"og:site_name\" content=\"CBIE\" \/>\n<meta property=\"article:published_time\" content=\"2021-01-18T13:41:17+00:00\" \/>\n<meta property=\"article:modified_time\" content=\"2021-01-21T14:24:53+00:00\" \/>\n<meta property=\"og:image\" content=\"https:\/\/cbie.ca\/wp-content\/uploads\/2021\/01\/21-007A4751.jpg\" \/>\n\t<meta property=\"og:image:width\" content=\"800\" \/>\n\t<meta property=\"og:image:height\" content=\"500\" \/>\n\t<meta property=\"og:image:type\" content=\"image\/jpeg\" \/>\n<meta name=\"author\" content=\"Melissa Payne\" \/>\n<meta name=\"twitter:card\" content=\"summary_large_image\" \/>\n<meta name=\"twitter:label1\" content=\"\u00c9crit par\" \/>\n\t<meta name=\"twitter:data1\" content=\"Melissa Payne\" \/>\n\t<meta name=\"twitter:label2\" content=\"Dur\u00e9e de lecture estim\u00e9e\" \/>\n\t<meta name=\"twitter:data2\" content=\"2 minutes\" \/>\n<script type=\"application\/ld+json\" class=\"yoast-schema-graph\">{\"@context\":\"https:\\\/\\\/schema.org\",\"@graph\":[{\"@type\":\"Article\",\"@id\":\"https:\\\/\\\/cbie.ca\\\/fr\\\/cbie-remembers-one-of-its-founders-professor-thomas-h-b-symons\\\/#article\",\"isPartOf\":{\"@id\":\"https:\\\/\\\/cbie.ca\\\/fr\\\/cbie-remembers-one-of-its-founders-professor-thomas-h-b-symons\\\/\"},\"author\":{\"name\":\"Melissa Payne\",\"@id\":\"https:\\\/\\\/cbie.ca\\\/#\\\/schema\\\/person\\\/854a54756fee54b7df86b7b916692882\"},\"headline\":\"Le BCEI rend hommage \u00e0 l\u2019un de ses fondateurs, le professeur Thomas H.B. Symons\",\"datePublished\":\"2021-01-18T13:41:17+00:00\",\"dateModified\":\"2021-01-21T14:24:53+00:00\",\"mainEntityOfPage\":{\"@id\":\"https:\\\/\\\/cbie.ca\\\/fr\\\/cbie-remembers-one-of-its-founders-professor-thomas-h-b-symons\\\/\"},\"wordCount\":497,\"image\":{\"@id\":\"https:\\\/\\\/cbie.ca\\\/fr\\\/cbie-remembers-one-of-its-founders-professor-thomas-h-b-symons\\\/#primaryimage\"},\"thumbnailUrl\":\"https:\\\/\\\/cbie.ca\\\/wp-content\\\/uploads\\\/2021\\\/01\\\/21-007A4751.jpg\",\"articleSection\":[\"Communiqu\u00e9\"],\"inLanguage\":\"fr-FR\"},{\"@type\":\"WebPage\",\"@id\":\"https:\\\/\\\/cbie.ca\\\/fr\\\/cbie-remembers-one-of-its-founders-professor-thomas-h-b-symons\\\/\",\"url\":\"https:\\\/\\\/cbie.ca\\\/fr\\\/cbie-remembers-one-of-its-founders-professor-thomas-h-b-symons\\\/\",\"name\":\"Le BCEI rend hommage \u00e0 l\u2019un de ses fondateurs, le professeur Thomas H.B. Symons - CBIE\",\"isPartOf\":{\"@id\":\"https:\\\/\\\/cbie.ca\\\/#website\"},\"primaryImageOfPage\":{\"@id\":\"https:\\\/\\\/cbie.ca\\\/fr\\\/cbie-remembers-one-of-its-founders-professor-thomas-h-b-symons\\\/#primaryimage\"},\"image\":{\"@id\":\"https:\\\/\\\/cbie.ca\\\/fr\\\/cbie-remembers-one-of-its-founders-professor-thomas-h-b-symons\\\/#primaryimage\"},\"thumbnailUrl\":\"https:\\\/\\\/cbie.ca\\\/wp-content\\\/uploads\\\/2021\\\/01\\\/21-007A4751.jpg\",\"datePublished\":\"2021-01-18T13:41:17+00:00\",\"dateModified\":\"2021-01-21T14:24:53+00:00\",\"author\":{\"@id\":\"https:\\\/\\\/cbie.ca\\\/#\\\/schema\\\/person\\\/854a54756fee54b7df86b7b916692882\"},\"breadcrumb\":{\"@id\":\"https:\\\/\\\/cbie.ca\\\/fr\\\/cbie-remembers-one-of-its-founders-professor-thomas-h-b-symons\\\/#breadcrumb\"},\"inLanguage\":\"fr-FR\",\"potentialAction\":[{\"@type\":\"ReadAction\",\"target\":[\"https:\\\/\\\/cbie.ca\\\/fr\\\/cbie-remembers-one-of-its-founders-professor-thomas-h-b-symons\\\/\"]}]},{\"@type\":\"ImageObject\",\"inLanguage\":\"fr-FR\",\"@id\":\"https:\\\/\\\/cbie.ca\\\/fr\\\/cbie-remembers-one-of-its-founders-professor-thomas-h-b-symons\\\/#primaryimage\",\"url\":\"https:\\\/\\\/cbie.ca\\\/wp-content\\\/uploads\\\/2021\\\/01\\\/21-007A4751.jpg\",\"contentUrl\":\"https:\\\/\\\/cbie.ca\\\/wp-content\\\/uploads\\\/2021\\\/01\\\/21-007A4751.jpg\",\"width\":800,\"height\":500},{\"@type\":\"BreadcrumbList\",\"@id\":\"https:\\\/\\\/cbie.ca\\\/fr\\\/cbie-remembers-one-of-its-founders-professor-thomas-h-b-symons\\\/#breadcrumb\",\"itemListElement\":[{\"@type\":\"ListItem\",\"position\":1,\"name\":\"Home\",\"item\":\"https:\\\/\\\/cbie.ca\\\/fr\\\/\"},{\"@type\":\"ListItem\",\"position\":2,\"name\":\"Le BCEI rend hommage \u00e0 l\u2019un de ses fondateurs, le professeur Thomas H.B. Symons\"}]},{\"@type\":\"WebSite\",\"@id\":\"https:\\\/\\\/cbie.ca\\\/#website\",\"url\":\"https:\\\/\\\/cbie.ca\\\/\",\"name\":\"Canadian Bureau for International Education\",\"description\":\"\",\"potentialAction\":[{\"@type\":\"SearchAction\",\"target\":{\"@type\":\"EntryPoint\",\"urlTemplate\":\"https:\\\/\\\/cbie.ca\\\/?s={search_term_string}\"},\"query-input\":{\"@type\":\"PropertyValueSpecification\",\"valueRequired\":true,\"valueName\":\"search_term_string\"}}],\"inLanguage\":\"fr-FR\"},{\"@type\":\"Person\",\"@id\":\"https:\\\/\\\/cbie.ca\\\/#\\\/schema\\\/person\\\/854a54756fee54b7df86b7b916692882\",\"name\":\"Melissa Payne\",\"image\":{\"@type\":\"ImageObject\",\"inLanguage\":\"fr-FR\",\"@id\":\"https:\\\/\\\/secure.gravatar.com\\\/avatar\\\/12e9efe7693591f27461a1d3163daab2041397136fbed8dedb578b5715b725ce?s=96&d=mm&r=g\",\"url\":\"https:\\\/\\\/secure.gravatar.com\\\/avatar\\\/12e9efe7693591f27461a1d3163daab2041397136fbed8dedb578b5715b725ce?s=96&d=mm&r=g\",\"contentUrl\":\"https:\\\/\\\/secure.gravatar.com\\\/avatar\\\/12e9efe7693591f27461a1d3163daab2041397136fbed8dedb578b5715b725ce?s=96&d=mm&r=g\",\"caption\":\"Melissa Payne\"},\"url\":\"https:\\\/\\\/cbie.ca\\\/fr\\\/author\\\/mpayne\\\/\"}]}<\/script>\n<!-- \/ Yoast SEO plugin. -->","yoast_head_json":{"title":"Le BCEI rend hommage \u00e0 l\u2019un de ses fondateurs, le professeur Thomas H.B. Symons - CBIE","robots":{"index":"index","follow":"follow","max-snippet":"max-snippet:-1","max-image-preview":"max-image-preview:large","max-video-preview":"max-video-preview:-1"},"canonical":"https:\/\/cbie.ca\/fr\/cbie-remembers-one-of-its-founders-professor-thomas-h-b-symons\/","og_locale":"fr_FR","og_type":"article","og_title":"Le BCEI rend hommage \u00e0 l\u2019un de ses fondateurs, le professeur Thomas H.B. Symons - CBIE","og_description":"Le Bureau canadien de l\u2019\u00e9ducation internationale (BCEI) honore la m\u00e9moire du professeur Thomas H.B. Symons, d\u00e9c\u00e9d\u00e9 le 1er janvier \u00e0 l\u2019\u00e2ge de 91 ans. Alors qu\u2019il \u00e9tudiait \u00e0 l\u2019Universit\u00e9 de [&hellip;]","og_url":"https:\/\/cbie.ca\/fr\/cbie-remembers-one-of-its-founders-professor-thomas-h-b-symons\/","og_site_name":"CBIE","article_published_time":"2021-01-18T13:41:17+00:00","article_modified_time":"2021-01-21T14:24:53+00:00","og_image":[{"width":800,"height":500,"url":"https:\/\/cbie.ca\/wp-content\/uploads\/2021\/01\/21-007A4751.jpg","type":"image\/jpeg"}],"author":"Melissa Payne","twitter_card":"summary_large_image","twitter_misc":{"\u00c9crit par":"Melissa Payne","Dur\u00e9e de lecture estim\u00e9e":"2 minutes"},"schema":{"@context":"https:\/\/schema.org","@graph":[{"@type":"Article","@id":"https:\/\/cbie.ca\/fr\/cbie-remembers-one-of-its-founders-professor-thomas-h-b-symons\/#article","isPartOf":{"@id":"https:\/\/cbie.ca\/fr\/cbie-remembers-one-of-its-founders-professor-thomas-h-b-symons\/"},"author":{"name":"Melissa Payne","@id":"https:\/\/cbie.ca\/#\/schema\/person\/854a54756fee54b7df86b7b916692882"},"headline":"Le BCEI rend hommage \u00e0 l\u2019un de ses fondateurs, le professeur Thomas H.B. Symons","datePublished":"2021-01-18T13:41:17+00:00","dateModified":"2021-01-21T14:24:53+00:00","mainEntityOfPage":{"@id":"https:\/\/cbie.ca\/fr\/cbie-remembers-one-of-its-founders-professor-thomas-h-b-symons\/"},"wordCount":497,"image":{"@id":"https:\/\/cbie.ca\/fr\/cbie-remembers-one-of-its-founders-professor-thomas-h-b-symons\/#primaryimage"},"thumbnailUrl":"https:\/\/cbie.ca\/wp-content\/uploads\/2021\/01\/21-007A4751.jpg","articleSection":["Communiqu\u00e9"],"inLanguage":"fr-FR"},{"@type":"WebPage","@id":"https:\/\/cbie.ca\/fr\/cbie-remembers-one-of-its-founders-professor-thomas-h-b-symons\/","url":"https:\/\/cbie.ca\/fr\/cbie-remembers-one-of-its-founders-professor-thomas-h-b-symons\/","name":"Le BCEI rend hommage \u00e0 l\u2019un de ses fondateurs, le professeur Thomas H.B. Symons - CBIE","isPartOf":{"@id":"https:\/\/cbie.ca\/#website"},"primaryImageOfPage":{"@id":"https:\/\/cbie.ca\/fr\/cbie-remembers-one-of-its-founders-professor-thomas-h-b-symons\/#primaryimage"},"image":{"@id":"https:\/\/cbie.ca\/fr\/cbie-remembers-one-of-its-founders-professor-thomas-h-b-symons\/#primaryimage"},"thumbnailUrl":"https:\/\/cbie.ca\/wp-content\/uploads\/2021\/01\/21-007A4751.jpg","datePublished":"2021-01-18T13:41:17+00:00","dateModified":"2021-01-21T14:24:53+00:00","author":{"@id":"https:\/\/cbie.ca\/#\/schema\/person\/854a54756fee54b7df86b7b916692882"},"breadcrumb":{"@id":"https:\/\/cbie.ca\/fr\/cbie-remembers-one-of-its-founders-professor-thomas-h-b-symons\/#breadcrumb"},"inLanguage":"fr-FR","potentialAction":[{"@type":"ReadAction","target":["https:\/\/cbie.ca\/fr\/cbie-remembers-one-of-its-founders-professor-thomas-h-b-symons\/"]}]},{"@type":"ImageObject","inLanguage":"fr-FR","@id":"https:\/\/cbie.ca\/fr\/cbie-remembers-one-of-its-founders-professor-thomas-h-b-symons\/#primaryimage","url":"https:\/\/cbie.ca\/wp-content\/uploads\/2021\/01\/21-007A4751.jpg","contentUrl":"https:\/\/cbie.ca\/wp-content\/uploads\/2021\/01\/21-007A4751.jpg","width":800,"height":500},{"@type":"BreadcrumbList","@id":"https:\/\/cbie.ca\/fr\/cbie-remembers-one-of-its-founders-professor-thomas-h-b-symons\/#breadcrumb","itemListElement":[{"@type":"ListItem","position":1,"name":"Home","item":"https:\/\/cbie.ca\/fr\/"},{"@type":"ListItem","position":2,"name":"Le BCEI rend hommage \u00e0 l\u2019un de ses fondateurs, le professeur Thomas H.B. Symons"}]},{"@type":"WebSite","@id":"https:\/\/cbie.ca\/#website","url":"https:\/\/cbie.ca\/","name":"Canadian Bureau for International Education","description":"","potentialAction":[{"@type":"SearchAction","target":{"@type":"EntryPoint","urlTemplate":"https:\/\/cbie.ca\/?s={search_term_string}"},"query-input":{"@type":"PropertyValueSpecification","valueRequired":true,"valueName":"search_term_string"}}],"inLanguage":"fr-FR"},{"@type":"Person","@id":"https:\/\/cbie.ca\/#\/schema\/person\/854a54756fee54b7df86b7b916692882","name":"Melissa Payne","image":{"@type":"ImageObject","inLanguage":"fr-FR","@id":"https:\/\/secure.gravatar.com\/avatar\/12e9efe7693591f27461a1d3163daab2041397136fbed8dedb578b5715b725ce?s=96&d=mm&r=g","url":"https:\/\/secure.gravatar.com\/avatar\/12e9efe7693591f27461a1d3163daab2041397136fbed8dedb578b5715b725ce?s=96&d=mm&r=g","contentUrl":"https:\/\/secure.gravatar.com\/avatar\/12e9efe7693591f27461a1d3163daab2041397136fbed8dedb578b5715b725ce?s=96&d=mm&r=g","caption":"Melissa Payne"},"url":"https:\/\/cbie.ca\/fr\/author\/mpayne\/"}]}},"_links":{"self":[{"href":"https:\/\/cbie.ca\/fr\/wp-json\/wp\/v2\/posts\/46242","targetHints":{"allow":["GET"]}}],"collection":[{"href":"https:\/\/cbie.ca\/fr\/wp-json\/wp\/v2\/posts"}],"about":[{"href":"https:\/\/cbie.ca\/fr\/wp-json\/wp\/v2\/types\/post"}],"author":[{"embeddable":true,"href":"https:\/\/cbie.ca\/fr\/wp-json\/wp\/v2\/users\/11"}],"replies":[{"embeddable":true,"href":"https:\/\/cbie.ca\/fr\/wp-json\/wp\/v2\/comments?post=46242"}],"version-history":[{"count":0,"href":"https:\/\/cbie.ca\/fr\/wp-json\/wp\/v2\/posts\/46242\/revisions"}],"wp:featuredmedia":[{"embeddable":true,"href":"https:\/\/cbie.ca\/fr\/wp-json\/wp\/v2\/media\/46624"}],"wp:attachment":[{"href":"https:\/\/cbie.ca\/fr\/wp-json\/wp\/v2\/media?parent=46242"}],"wp:term":[{"taxonomy":"category","embeddable":true,"href":"https:\/\/cbie.ca\/fr\/wp-json\/wp\/v2\/categories?post=46242"},{"taxonomy":"post_tag","embeddable":true,"href":"https:\/\/cbie.ca\/fr\/wp-json\/wp\/v2\/tags?post=46242"}],"curies":[{"name":"wp","href":"https:\/\/api.w.org\/{rel}","templated":true}]}}