{"id":41854,"date":"2019-11-27T13:30:25","date_gmt":"2019-11-27T18:30:25","guid":{"rendered":"https:\/\/cbieca.wpenginepowered.com\/?p=41854"},"modified":"2020-06-25T10:11:55","modified_gmt":"2020-06-25T14:11:55","slug":"bcei-annonce-plan-strategique-2020-2025","status":"publish","type":"post","link":"https:\/\/cbie.ca\/fr\/bcei-annonce-plan-strategique-2020-2025\/","title":{"rendered":"Le Bureau canadien de l\u2019\u00e9ducation internationale annonce son Plan strat\u00e9gique 2020-2025\u00a0"},"content":{"rendered":"<p><strong>Winnipeg \u2013 le 27 novembre 2019<\/strong>\u00a0: Le Bureau canadien de l\u2019\u00e9ducation internationale (BCEI) a annonc\u00e9 son nouveau <a href=\"\/wp-content\/uploads\/2019\/11\/BCEI_PS_2020-2025.pdf\" target=\"_blank\" rel=\"noopener noreferrer\"><em>Plan strat\u00e9gique<\/em><em> 2020-2025<\/em><\/a> lors de son Congr\u00e8s et Assembl\u00e9e g\u00e9n\u00e9rale annuelle \u00e0 Winnipeg, Manitoba la semaine derni\u00e8re. Le plan permettra au BCEI de jouer un r\u00f4le de plus en plus actif et strat\u00e9gique au nom de ses plus de 150 \u00e9tablissements membres pour soutenir l&rsquo;internationalisation de l\u2019\u00e9ducation au Canada et \u00e0 l\u2019\u00e9tranger.<\/p>\n<p>Le nouveau Plan strat\u00e9gique est ax\u00e9 sur 3 priorit\u00e9s en mati\u00e8re d\u2019action\u00a0:<\/p>\n<ol>\n<li>Un BCEI plus inclusif, engag\u00e9 et durable<\/li>\n<li>Capacit\u00e9s renforc\u00e9es en leadership et d\u00e9fense des int\u00e9r\u00eats inform\u00e9s<\/li>\n<li>R\u00f4le agrandi pour faire avancer l\u2019internationalisation de l\u2019\u00e9ducation au Canada et \u00e0 l\u2019\u00e9chelle mondiale.<\/li>\n<\/ol>\n<p>\u00ab Notre nouveau plan strat\u00e9gique quinquennal est ax\u00e9 sur les priorit\u00e9s que nos Membres ont signal\u00e9es comme essentielles pour renforcer et am\u00e9liorer la qualit\u00e9 ainsi que la pertinence des programmes d\u2019\u00e9ducation internationale au Canada.\u00a0\u00bb a d\u00e9clar\u00e9 M. Robert Summerby-Murray, pr\u00e9sident du conseil d&rsquo;administration du BCEI. Il a poursuivi \u00ab Dans toutes les r\u00e9gions du pays, nos membres ont souhait\u00e9 voir le BCEI jouer un r\u00f4le plus actif dans le plan d\u2019affaires de l\u2019internationalisation de l\u2019\u00e9ducation, les aider \u00e0 parler d\u2019une seule voix des questions d&rsquo;int\u00e9r\u00eat commun et concevoir des programmes de pointe qui encourageront les \u00e9changes entre corps professoraux et \u00e9ducatifs, encourager la collaboration au sein du secteur et renforcer les inscriptions d\u2019\u00e9tudiants transfrontali\u00e8res, au Canada et \u00e0 l\u2019\u00e9tranger\u00a0\u00bb.<\/p>\n<p>Au cours de l&rsquo;\u00e9t\u00e9 et de l&rsquo;automne 2019, le Conseil d\u2019administration et l\u2019\u00e9quipe dirigeante du BCEI ont rencontr\u00e9 les membres lors d\u2019une s\u00e9rie de r\u00e9unions et de tables rondes r\u00e9gionales pour fa\u00e7onner et d\u00e9finir cette nouvelle orientation strat\u00e9gique. Les membres du BCEI ont eu l\u2019occasion de pr\u00e9senter par \u00e9crit leurs commentaires et leur r\u00e9troaction.<\/p>\n<p>\u00ab Le BCIE devra changer pour mettre en \u0153uvre son nouveau programme audacieux\u00a0\u00bb a d\u00e9clar\u00e9 Mme Larissa Bezo, Pr\u00e9sidente et chef de la direction du BCEI. \u00ab Il nous faudra \u00e9laborer de nouveaux forums et plateformes pour susciter la participation ide nos membres et principaux intervenants. Plus pr\u00e9cis\u00e9ment, nous devrons nous impliquer de fa\u00e7on plus cibl\u00e9e et strat\u00e9gique aupr\u00e8s de nos membres et de la communaut\u00e9 \u00e9ducative internationale, afin de recueillir de nouvelles donn\u00e9es probantes et d\u2019acqu\u00e9rir de nouvelles perspectives qui permettront au BCEI de prendre des d\u00e9cisions strat\u00e9giques plus \u00e9clair\u00e9es et contribueront \u00e0 la formation d&rsquo;un consensus qui renforcera \u00e0 l\u2019\u00e9chelle internationale le leadership du Canada dans le domaine de l\u2019\u00e9ducation internationale\u00a0\u00bb conclut-elle.<\/p>\n<p>Le Bureau canadien de l\u2019\u00e9ducation internationale est l&rsquo;organisme national qui se consacre \u00e0 l\u2019internationalisation de l\u2019\u00e9ducation et au d\u00e9veloppement d\u2019un r\u00e9seau international de partenariats en \u00e9ducation. Les organisations membres pancanadiennes du BCEI comprennent plus de 150 coll\u00e8ges, instituts, c\u00e9geps, universit\u00e9s, conseils scolaires, et \u00e9coles de langues.<\/p>\n<p><strong>Media contact\u00a0:<\/strong><br \/>\nJacquelyn Hoult, Directrice, mobilisation du savoir<br \/>\n<a href=\"mailto:communication@cbie.ca\" target=\"_blank\" rel=\"noopener noreferrer\">communication@cbie.ca<\/a><\/p>\n","protected":false},"excerpt":{"rendered":"<p>Winnipeg \u2013 le 27 novembre 2019\u00a0: Le Bureau canadien de l\u2019\u00e9ducation internationale (BCEI) a annonc\u00e9 son nouveau Plan strat\u00e9gique 2020-2025 lors de son Congr\u00e8s et Assembl\u00e9e g\u00e9n\u00e9rale annuelle \u00e0 Winnipeg, [&hellip;]<\/p>\n","protected":false},"author":2,"featured_media":41851,"comment_status":"closed","ping_status":"closed","sticky":false,"template":"","format":"standard","meta":{"_acf_changed":false,"footnotes":""},"categories":[82],"tags":[],"class_list":["post-41854","post","type-post","status-publish","format-standard","has-post-thumbnail","hentry","category-press-releases-fr"],"acf":[],"yoast_head":"<!-- This site is optimized with the Yoast SEO plugin v27.5 - https:\/\/yoast.com\/product\/yoast-seo-wordpress\/ -->\n<title>Le Bureau canadien de l\u2019\u00e9ducation internationale annonce son Plan strat\u00e9gique 2020-2025\u00a0 - CBIE<\/title>\n<meta name=\"robots\" content=\"index, follow, max-snippet:-1, max-image-preview:large, max-video-preview:-1\" \/>\n<link rel=\"canonical\" href=\"https:\/\/cbie.ca\/fr\/bcei-annonce-plan-strategique-2020-2025\/\" \/>\n<meta property=\"og:locale\" content=\"fr_FR\" \/>\n<meta property=\"og:type\" content=\"article\" \/>\n<meta property=\"og:title\" content=\"Le Bureau canadien de l\u2019\u00e9ducation internationale annonce son Plan strat\u00e9gique 2020-2025\u00a0 - CBIE\" \/>\n<meta property=\"og:description\" content=\"Winnipeg \u2013 le 27 novembre 2019\u00a0: Le Bureau canadien de l\u2019\u00e9ducation internationale (BCEI) a annonc\u00e9 son nouveau Plan strat\u00e9gique 2020-2025 lors de son Congr\u00e8s et Assembl\u00e9e g\u00e9n\u00e9rale annuelle \u00e0 Winnipeg, [&hellip;]\" \/>\n<meta property=\"og:url\" content=\"https:\/\/cbie.ca\/fr\/bcei-annonce-plan-strategique-2020-2025\/\" \/>\n<meta property=\"og:site_name\" content=\"CBIE\" \/>\n<meta property=\"article:published_time\" content=\"2019-11-27T18:30:25+00:00\" \/>\n<meta property=\"article:modified_time\" content=\"2020-06-25T14:11:55+00:00\" \/>\n<meta property=\"og:image\" content=\"https:\/\/cbie.ca\/wp-content\/uploads\/2019\/11\/191127-stratplan-1024opti.jpg\" \/>\n\t<meta property=\"og:image:width\" content=\"2682\" \/>\n\t<meta property=\"og:image:height\" content=\"1024\" \/>\n\t<meta property=\"og:image:type\" content=\"image\/jpeg\" \/>\n<meta name=\"author\" content=\"CBIE-BCEI\" \/>\n<meta name=\"twitter:card\" content=\"summary_large_image\" \/>\n<meta name=\"twitter:label1\" content=\"\u00c9crit par\" \/>\n\t<meta name=\"twitter:data1\" content=\"CBIE-BCEI\" \/>\n\t<meta name=\"twitter:label2\" content=\"Dur\u00e9e de lecture estim\u00e9e\" \/>\n\t<meta name=\"twitter:data2\" content=\"3 minutes\" \/>\n<script type=\"application\/ld+json\" class=\"yoast-schema-graph\">{\"@context\":\"https:\\\/\\\/schema.org\",\"@graph\":[{\"@type\":\"Article\",\"@id\":\"https:\\\/\\\/cbie.ca\\\/fr\\\/bcei-annonce-plan-strategique-2020-2025\\\/#article\",\"isPartOf\":{\"@id\":\"https:\\\/\\\/cbie.ca\\\/fr\\\/bcei-annonce-plan-strategique-2020-2025\\\/\"},\"author\":{\"name\":\"CBIE-BCEI\",\"@id\":\"https:\\\/\\\/cbie.ca\\\/#\\\/schema\\\/person\\\/cb3789156294f7d322bca9b07f192e1c\"},\"headline\":\"Le Bureau canadien de l\u2019\u00e9ducation internationale annonce son Plan strat\u00e9gique 2020-2025\u00a0\",\"datePublished\":\"2019-11-27T18:30:25+00:00\",\"dateModified\":\"2020-06-25T14:11:55+00:00\",\"mainEntityOfPage\":{\"@id\":\"https:\\\/\\\/cbie.ca\\\/fr\\\/bcei-annonce-plan-strategique-2020-2025\\\/\"},\"wordCount\":536,\"image\":{\"@id\":\"https:\\\/\\\/cbie.ca\\\/fr\\\/bcei-annonce-plan-strategique-2020-2025\\\/#primaryimage\"},\"thumbnailUrl\":\"https:\\\/\\\/cbie.ca\\\/wp-content\\\/uploads\\\/2019\\\/11\\\/191127-stratplan-1024opti.jpg\",\"articleSection\":[\"Communiqu\u00e9\"],\"inLanguage\":\"fr-FR\"},{\"@type\":\"WebPage\",\"@id\":\"https:\\\/\\\/cbie.ca\\\/fr\\\/bcei-annonce-plan-strategique-2020-2025\\\/\",\"url\":\"https:\\\/\\\/cbie.ca\\\/fr\\\/bcei-annonce-plan-strategique-2020-2025\\\/\",\"name\":\"Le Bureau canadien de l\u2019\u00e9ducation internationale annonce son Plan strat\u00e9gique 2020-2025\u00a0 - CBIE\",\"isPartOf\":{\"@id\":\"https:\\\/\\\/cbie.ca\\\/#website\"},\"primaryImageOfPage\":{\"@id\":\"https:\\\/\\\/cbie.ca\\\/fr\\\/bcei-annonce-plan-strategique-2020-2025\\\/#primaryimage\"},\"image\":{\"@id\":\"https:\\\/\\\/cbie.ca\\\/fr\\\/bcei-annonce-plan-strategique-2020-2025\\\/#primaryimage\"},\"thumbnailUrl\":\"https:\\\/\\\/cbie.ca\\\/wp-content\\\/uploads\\\/2019\\\/11\\\/191127-stratplan-1024opti.jpg\",\"datePublished\":\"2019-11-27T18:30:25+00:00\",\"dateModified\":\"2020-06-25T14:11:55+00:00\",\"author\":{\"@id\":\"https:\\\/\\\/cbie.ca\\\/#\\\/schema\\\/person\\\/cb3789156294f7d322bca9b07f192e1c\"},\"breadcrumb\":{\"@id\":\"https:\\\/\\\/cbie.ca\\\/fr\\\/bcei-annonce-plan-strategique-2020-2025\\\/#breadcrumb\"},\"inLanguage\":\"fr-FR\",\"potentialAction\":[{\"@type\":\"ReadAction\",\"target\":[\"https:\\\/\\\/cbie.ca\\\/fr\\\/bcei-annonce-plan-strategique-2020-2025\\\/\"]}]},{\"@type\":\"ImageObject\",\"inLanguage\":\"fr-FR\",\"@id\":\"https:\\\/\\\/cbie.ca\\\/fr\\\/bcei-annonce-plan-strategique-2020-2025\\\/#primaryimage\",\"url\":\"https:\\\/\\\/cbie.ca\\\/wp-content\\\/uploads\\\/2019\\\/11\\\/191127-stratplan-1024opti.jpg\",\"contentUrl\":\"https:\\\/\\\/cbie.ca\\\/wp-content\\\/uploads\\\/2019\\\/11\\\/191127-stratplan-1024opti.jpg\",\"width\":2682,\"height\":1024},{\"@type\":\"BreadcrumbList\",\"@id\":\"https:\\\/\\\/cbie.ca\\\/fr\\\/bcei-annonce-plan-strategique-2020-2025\\\/#breadcrumb\",\"itemListElement\":[{\"@type\":\"ListItem\",\"position\":1,\"name\":\"Home\",\"item\":\"https:\\\/\\\/cbie.ca\\\/fr\\\/\"},{\"@type\":\"ListItem\",\"position\":2,\"name\":\"Le Bureau canadien de l\u2019\u00e9ducation internationale annonce son Plan strat\u00e9gique 2020-2025\u00a0\"}]},{\"@type\":\"WebSite\",\"@id\":\"https:\\\/\\\/cbie.ca\\\/#website\",\"url\":\"https:\\\/\\\/cbie.ca\\\/\",\"name\":\"Canadian Bureau for International Education\",\"description\":\"\",\"potentialAction\":[{\"@type\":\"SearchAction\",\"target\":{\"@type\":\"EntryPoint\",\"urlTemplate\":\"https:\\\/\\\/cbie.ca\\\/?s={search_term_string}\"},\"query-input\":{\"@type\":\"PropertyValueSpecification\",\"valueRequired\":true,\"valueName\":\"search_term_string\"}}],\"inLanguage\":\"fr-FR\"},{\"@type\":\"Person\",\"@id\":\"https:\\\/\\\/cbie.ca\\\/#\\\/schema\\\/person\\\/cb3789156294f7d322bca9b07f192e1c\",\"name\":\"CBIE-BCEI\",\"image\":{\"@type\":\"ImageObject\",\"inLanguage\":\"fr-FR\",\"@id\":\"https:\\\/\\\/secure.gravatar.com\\\/avatar\\\/d274f7550e676f39e6efa6dab362dac481e1572fbefce28e0a1d4904346afba8?s=96&d=mm&r=g\",\"url\":\"https:\\\/\\\/secure.gravatar.com\\\/avatar\\\/d274f7550e676f39e6efa6dab362dac481e1572fbefce28e0a1d4904346afba8?s=96&d=mm&r=g\",\"contentUrl\":\"https:\\\/\\\/secure.gravatar.com\\\/avatar\\\/d274f7550e676f39e6efa6dab362dac481e1572fbefce28e0a1d4904346afba8?s=96&d=mm&r=g\",\"caption\":\"CBIE-BCEI\"},\"url\":\"https:\\\/\\\/cbie.ca\\\/fr\\\/author\\\/cbie-2-2-2-2-2-2\\\/\"}]}<\/script>\n<!-- \/ Yoast SEO plugin. -->","yoast_head_json":{"title":"Le Bureau canadien de l\u2019\u00e9ducation internationale annonce son Plan strat\u00e9gique 2020-2025\u00a0 - CBIE","robots":{"index":"index","follow":"follow","max-snippet":"max-snippet:-1","max-image-preview":"max-image-preview:large","max-video-preview":"max-video-preview:-1"},"canonical":"https:\/\/cbie.ca\/fr\/bcei-annonce-plan-strategique-2020-2025\/","og_locale":"fr_FR","og_type":"article","og_title":"Le Bureau canadien de l\u2019\u00e9ducation internationale annonce son Plan strat\u00e9gique 2020-2025\u00a0 - CBIE","og_description":"Winnipeg \u2013 le 27 novembre 2019\u00a0: Le Bureau canadien de l\u2019\u00e9ducation internationale (BCEI) a annonc\u00e9 son nouveau Plan strat\u00e9gique 2020-2025 lors de son Congr\u00e8s et Assembl\u00e9e g\u00e9n\u00e9rale annuelle \u00e0 Winnipeg, [&hellip;]","og_url":"https:\/\/cbie.ca\/fr\/bcei-annonce-plan-strategique-2020-2025\/","og_site_name":"CBIE","article_published_time":"2019-11-27T18:30:25+00:00","article_modified_time":"2020-06-25T14:11:55+00:00","og_image":[{"width":2682,"height":1024,"url":"https:\/\/cbie.ca\/wp-content\/uploads\/2019\/11\/191127-stratplan-1024opti.jpg","type":"image\/jpeg"}],"author":"CBIE-BCEI","twitter_card":"summary_large_image","twitter_misc":{"\u00c9crit par":"CBIE-BCEI","Dur\u00e9e de lecture estim\u00e9e":"3 minutes"},"schema":{"@context":"https:\/\/schema.org","@graph":[{"@type":"Article","@id":"https:\/\/cbie.ca\/fr\/bcei-annonce-plan-strategique-2020-2025\/#article","isPartOf":{"@id":"https:\/\/cbie.ca\/fr\/bcei-annonce-plan-strategique-2020-2025\/"},"author":{"name":"CBIE-BCEI","@id":"https:\/\/cbie.ca\/#\/schema\/person\/cb3789156294f7d322bca9b07f192e1c"},"headline":"Le Bureau canadien de l\u2019\u00e9ducation internationale annonce son Plan strat\u00e9gique 2020-2025\u00a0","datePublished":"2019-11-27T18:30:25+00:00","dateModified":"2020-06-25T14:11:55+00:00","mainEntityOfPage":{"@id":"https:\/\/cbie.ca\/fr\/bcei-annonce-plan-strategique-2020-2025\/"},"wordCount":536,"image":{"@id":"https:\/\/cbie.ca\/fr\/bcei-annonce-plan-strategique-2020-2025\/#primaryimage"},"thumbnailUrl":"https:\/\/cbie.ca\/wp-content\/uploads\/2019\/11\/191127-stratplan-1024opti.jpg","articleSection":["Communiqu\u00e9"],"inLanguage":"fr-FR"},{"@type":"WebPage","@id":"https:\/\/cbie.ca\/fr\/bcei-annonce-plan-strategique-2020-2025\/","url":"https:\/\/cbie.ca\/fr\/bcei-annonce-plan-strategique-2020-2025\/","name":"Le Bureau canadien de l\u2019\u00e9ducation internationale annonce son Plan strat\u00e9gique 2020-2025\u00a0 - CBIE","isPartOf":{"@id":"https:\/\/cbie.ca\/#website"},"primaryImageOfPage":{"@id":"https:\/\/cbie.ca\/fr\/bcei-annonce-plan-strategique-2020-2025\/#primaryimage"},"image":{"@id":"https:\/\/cbie.ca\/fr\/bcei-annonce-plan-strategique-2020-2025\/#primaryimage"},"thumbnailUrl":"https:\/\/cbie.ca\/wp-content\/uploads\/2019\/11\/191127-stratplan-1024opti.jpg","datePublished":"2019-11-27T18:30:25+00:00","dateModified":"2020-06-25T14:11:55+00:00","author":{"@id":"https:\/\/cbie.ca\/#\/schema\/person\/cb3789156294f7d322bca9b07f192e1c"},"breadcrumb":{"@id":"https:\/\/cbie.ca\/fr\/bcei-annonce-plan-strategique-2020-2025\/#breadcrumb"},"inLanguage":"fr-FR","potentialAction":[{"@type":"ReadAction","target":["https:\/\/cbie.ca\/fr\/bcei-annonce-plan-strategique-2020-2025\/"]}]},{"@type":"ImageObject","inLanguage":"fr-FR","@id":"https:\/\/cbie.ca\/fr\/bcei-annonce-plan-strategique-2020-2025\/#primaryimage","url":"https:\/\/cbie.ca\/wp-content\/uploads\/2019\/11\/191127-stratplan-1024opti.jpg","contentUrl":"https:\/\/cbie.ca\/wp-content\/uploads\/2019\/11\/191127-stratplan-1024opti.jpg","width":2682,"height":1024},{"@type":"BreadcrumbList","@id":"https:\/\/cbie.ca\/fr\/bcei-annonce-plan-strategique-2020-2025\/#breadcrumb","itemListElement":[{"@type":"ListItem","position":1,"name":"Home","item":"https:\/\/cbie.ca\/fr\/"},{"@type":"ListItem","position":2,"name":"Le Bureau canadien de l\u2019\u00e9ducation internationale annonce son Plan strat\u00e9gique 2020-2025\u00a0"}]},{"@type":"WebSite","@id":"https:\/\/cbie.ca\/#website","url":"https:\/\/cbie.ca\/","name":"Canadian Bureau for International Education","description":"","potentialAction":[{"@type":"SearchAction","target":{"@type":"EntryPoint","urlTemplate":"https:\/\/cbie.ca\/?s={search_term_string}"},"query-input":{"@type":"PropertyValueSpecification","valueRequired":true,"valueName":"search_term_string"}}],"inLanguage":"fr-FR"},{"@type":"Person","@id":"https:\/\/cbie.ca\/#\/schema\/person\/cb3789156294f7d322bca9b07f192e1c","name":"CBIE-BCEI","image":{"@type":"ImageObject","inLanguage":"fr-FR","@id":"https:\/\/secure.gravatar.com\/avatar\/d274f7550e676f39e6efa6dab362dac481e1572fbefce28e0a1d4904346afba8?s=96&d=mm&r=g","url":"https:\/\/secure.gravatar.com\/avatar\/d274f7550e676f39e6efa6dab362dac481e1572fbefce28e0a1d4904346afba8?s=96&d=mm&r=g","contentUrl":"https:\/\/secure.gravatar.com\/avatar\/d274f7550e676f39e6efa6dab362dac481e1572fbefce28e0a1d4904346afba8?s=96&d=mm&r=g","caption":"CBIE-BCEI"},"url":"https:\/\/cbie.ca\/fr\/author\/cbie-2-2-2-2-2-2\/"}]}},"_links":{"self":[{"href":"https:\/\/cbie.ca\/fr\/wp-json\/wp\/v2\/posts\/41854","targetHints":{"allow":["GET"]}}],"collection":[{"href":"https:\/\/cbie.ca\/fr\/wp-json\/wp\/v2\/posts"}],"about":[{"href":"https:\/\/cbie.ca\/fr\/wp-json\/wp\/v2\/types\/post"}],"author":[{"embeddable":true,"href":"https:\/\/cbie.ca\/fr\/wp-json\/wp\/v2\/users\/2"}],"replies":[{"embeddable":true,"href":"https:\/\/cbie.ca\/fr\/wp-json\/wp\/v2\/comments?post=41854"}],"version-history":[{"count":0,"href":"https:\/\/cbie.ca\/fr\/wp-json\/wp\/v2\/posts\/41854\/revisions"}],"wp:featuredmedia":[{"embeddable":true,"href":"https:\/\/cbie.ca\/fr\/wp-json\/wp\/v2\/media\/41851"}],"wp:attachment":[{"href":"https:\/\/cbie.ca\/fr\/wp-json\/wp\/v2\/media?parent=41854"}],"wp:term":[{"taxonomy":"category","embeddable":true,"href":"https:\/\/cbie.ca\/fr\/wp-json\/wp\/v2\/categories?post=41854"},{"taxonomy":"post_tag","embeddable":true,"href":"https:\/\/cbie.ca\/fr\/wp-json\/wp\/v2\/tags?post=41854"}],"curies":[{"name":"wp","href":"https:\/\/api.w.org\/{rel}","templated":true}]}}