{"id":40474,"date":"2019-08-23T16:32:22","date_gmt":"2019-08-23T20:32:22","guid":{"rendered":"https:\/\/cbieca.wpenginepowered.com\/?p=40474"},"modified":"2020-06-25T10:11:58","modified_gmt":"2020-06-25T14:11:58","slug":"citoyens-monde-education-apprentissage-milieu-travail-gouvernement-canada-investit-jeunesse","status":"publish","type":"post","link":"https:\/\/cbie.ca\/fr\/citoyens-monde-education-apprentissage-milieu-travail-gouvernement-canada-investit-jeunesse\/","title":{"rendered":"La cr\u00e9ation de citoyens du monde gr\u00e2ce \u00e0 l\u2019\u00e9ducation mondiale et \u00e0 l\u2019apprentissage en milieu de travail : le gouvernement du Canada investit dans la jeunesse canadienne"},"content":{"rendered":"<p>Le Bureau canadien de l\u2019\u00e9ducation internationale (BCEI) se r\u00e9jouit de l\u2019annonce du gouvernement du Canada indiquant que dans le cadre de sa nouvelle strat\u00e9gie d\u2019\u00e9ducation internationale, il investira dans un nouveau programme de mobilit\u00e9 sortante pour financer les \u00e9tudes ou le travail d\u2019un maximum de 11\u00a0000\u00a0Canadiens de plus. Ce programme pilote de cinq ans apportera un soutien financier compris dans une fourchette de 5\u00a0000 \u00e0 10\u00a0000\u00a0$ par an.<\/p>\n<p>L\u2019investissement dans les \u00e9tudes \u00e0 l\u2019\u00e9tranger pour les Canada est un domaine prioritaire pour le BCEI et ses membres depuis de nombreuses ann\u00e9es et, \u00e9tant donn\u00e9 la croissance incroyable du secteur de l\u2019\u00e9ducation internationale, cela repr\u00e9sente un grand pas en avant pour veiller \u00e0 ce que notre pays prosp\u00e8re socialement, culturellement et \u00e9conomiquement pendant des ann\u00e9es \u00e0 venir.<\/p>\n<p>\u00ab\u00a0Contribuer aux exp\u00e9riences d\u2019apprentissage internationale par des \u00e9tudes et un apprentissage en milieu de travail est l\u2019une des meilleures fa\u00e7ons de renforcer les valeurs d\u2019ouverture et d\u2019inclusion qui sont des piliers de la r\u00e9ussite du Canada \u00e0 titre de soci\u00e9t\u00e9 diversifi\u00e9e\u00a0\u00bb, d\u00e9clare Larissa Bezo, pr\u00e9sidente et chef de la direction du BCEI. \u00ab\u00a0De plus, des donn\u00e9es solides indiquent que la mobilit\u00e9 p\u00e9dagogique produit les plus grands bienfaits parmi les \u00e9tudiants de milieux d\u00e9favoris\u00e9s.\u00a0\u00bb<\/p>\n<p>Robert Summerby-Murray, pr\u00e9sident du CA du BCEI, ajoute\u00a0: \u00ab\u00a0en faisant des \u00e9tudes \u00e0 l\u2019\u00e9tranger quelque chose de faisable financi\u00e8rement pour les Canadiens de tous les milieux socio-\u00e9conomiques, le Canada est en train de passer r\u00e9solument \u00e0 pr\u00e9parer les Canadiens \u00e0 participer et \u00e0 contribuer \u00e0 titre de citoyens du monde, travaillant par-del\u00e0 les fronti\u00e8res, cultures, langues et valeurs au b\u00e9n\u00e9fice de tous.\u00a0\u00bb<\/p>\n<p>Un sondage de plus de 7\u00a0000\u00a0\u00e9tudiants canadiens effectu\u00e9 par le BCEI a r\u00e9v\u00e9l\u00e9 que 86\u00a0% des sond\u00e9s s\u2019int\u00e9ressaient \u00e0 une exp\u00e9rience d\u2019\u00e9tudes \u00e0 l\u2019\u00e9tranger, mais que 80\u00a0% auraient besoin d\u2019aide financi\u00e8re pour le faire.<\/p>\n<p>Le BCEI se r\u00e9jouit aussi du fait que la strat\u00e9gie continuera \u00e0 faire du Canada une destination de choix pour l\u2019apprentissage en diversifiant les pays d\u2019origine des \u00e9tudiants qui viennent au Canada, en am\u00e9liorant les processus d\u2019immigration et en accroissant le soutien des \u00e9tablissements canadiens d\u2019enseignement pour qu\u2019ils puissent d\u00e9velopper leurs opportunit\u00e9s de partenariats \u00e0 l\u2019\u00e9tranger.<\/p>\n<p><strong>Pour en savoir plus\u00a0: <\/strong><br \/>\n<a href=\"mailto:communication@cbie.ca\" target=\"_blank\" rel=\"noopener noreferrer\">communication@cbie.ca<\/a><\/p>\n","protected":false},"excerpt":{"rendered":"<p>Le Bureau canadien de l\u2019\u00e9ducation internationale (BCEI) se r\u00e9jouit de l\u2019annonce du gouvernement du Canada indiquant que dans le cadre de sa nouvelle strat\u00e9gie d\u2019\u00e9ducation internationale, il investira dans un [&hellip;]<\/p>\n","protected":false},"author":2,"featured_media":40471,"comment_status":"closed","ping_status":"closed","sticky":false,"template":"","format":"standard","meta":{"_acf_changed":false,"footnotes":""},"categories":[82],"tags":[],"class_list":["post-40474","post","type-post","status-publish","format-standard","has-post-thumbnail","hentry","category-press-releases-fr"],"acf":[],"yoast_head":"<!-- This site is optimized with the Yoast SEO plugin v27.5 - https:\/\/yoast.com\/product\/yoast-seo-wordpress\/ -->\n<title>La cr\u00e9ation de citoyens du monde gr\u00e2ce \u00e0 l\u2019\u00e9ducation mondiale et \u00e0 l\u2019apprentissage en milieu de travail : le gouvernement du Canada investit dans la jeunesse canadienne - CBIE<\/title>\n<meta name=\"robots\" content=\"index, follow, max-snippet:-1, max-image-preview:large, max-video-preview:-1\" \/>\n<link rel=\"canonical\" href=\"https:\/\/cbie.ca\/global-citizens-through-education-work-integrated-learning-government-canada-invests-youth\/\" \/>\n<meta property=\"og:locale\" content=\"fr_FR\" \/>\n<meta property=\"og:type\" content=\"article\" \/>\n<meta property=\"og:title\" content=\"La cr\u00e9ation de citoyens du monde gr\u00e2ce \u00e0 l\u2019\u00e9ducation mondiale et \u00e0 l\u2019apprentissage en milieu de travail : le gouvernement du Canada investit dans la jeunesse canadienne - CBIE\" \/>\n<meta property=\"og:description\" content=\"Le Bureau canadien de l\u2019\u00e9ducation internationale (BCEI) se r\u00e9jouit de l\u2019annonce du gouvernement du Canada indiquant que dans le cadre de sa nouvelle strat\u00e9gie d\u2019\u00e9ducation internationale, il investira dans un [&hellip;]\" \/>\n<meta property=\"og:url\" content=\"https:\/\/cbie.ca\/global-citizens-through-education-work-integrated-learning-government-canada-invests-youth\/\" \/>\n<meta property=\"og:site_name\" content=\"CBIE\" \/>\n<meta property=\"article:published_time\" content=\"2019-08-23T20:32:22+00:00\" \/>\n<meta property=\"article:modified_time\" content=\"2020-06-25T14:11:58+00:00\" \/>\n<meta property=\"og:image\" content=\"https:\/\/cbie.ca\/wp-content\/uploads\/2019\/08\/190823-IES-PR.jpg\" \/>\n\t<meta property=\"og:image:width\" content=\"819\" \/>\n\t<meta property=\"og:image:height\" content=\"461\" \/>\n\t<meta property=\"og:image:type\" content=\"image\/jpeg\" \/>\n<meta name=\"author\" content=\"CBIE-BCEI\" \/>\n<meta name=\"twitter:card\" content=\"summary_large_image\" \/>\n<meta name=\"twitter:label1\" content=\"\u00c9crit par\" \/>\n\t<meta name=\"twitter:data1\" content=\"CBIE-BCEI\" \/>\n\t<meta name=\"twitter:label2\" content=\"Dur\u00e9e de lecture estim\u00e9e\" \/>\n\t<meta name=\"twitter:data2\" content=\"2 minutes\" \/>\n<script type=\"application\/ld+json\" class=\"yoast-schema-graph\">{\"@context\":\"https:\\\/\\\/schema.org\",\"@graph\":[{\"@type\":\"Article\",\"@id\":\"https:\\\/\\\/cbie.ca\\\/global-citizens-through-education-work-integrated-learning-government-canada-invests-youth\\\/#article\",\"isPartOf\":{\"@id\":\"https:\\\/\\\/cbie.ca\\\/global-citizens-through-education-work-integrated-learning-government-canada-invests-youth\\\/\"},\"author\":{\"name\":\"CBIE-BCEI\",\"@id\":\"https:\\\/\\\/cbie.ca\\\/#\\\/schema\\\/person\\\/cb3789156294f7d322bca9b07f192e1c\"},\"headline\":\"La cr\u00e9ation de citoyens du monde gr\u00e2ce \u00e0 l\u2019\u00e9ducation mondiale et \u00e0 l\u2019apprentissage en milieu de travail : le gouvernement du Canada investit dans la jeunesse canadienne\",\"datePublished\":\"2019-08-23T20:32:22+00:00\",\"dateModified\":\"2020-06-25T14:11:58+00:00\",\"mainEntityOfPage\":{\"@id\":\"https:\\\/\\\/cbie.ca\\\/global-citizens-through-education-work-integrated-learning-government-canada-invests-youth\\\/\"},\"wordCount\":426,\"image\":{\"@id\":\"https:\\\/\\\/cbie.ca\\\/global-citizens-through-education-work-integrated-learning-government-canada-invests-youth\\\/#primaryimage\"},\"thumbnailUrl\":\"https:\\\/\\\/cbie.ca\\\/wp-content\\\/uploads\\\/2019\\\/08\\\/190823-IES-PR.jpg\",\"articleSection\":[\"Communiqu\u00e9\"],\"inLanguage\":\"fr-FR\"},{\"@type\":\"WebPage\",\"@id\":\"https:\\\/\\\/cbie.ca\\\/global-citizens-through-education-work-integrated-learning-government-canada-invests-youth\\\/\",\"url\":\"https:\\\/\\\/cbie.ca\\\/global-citizens-through-education-work-integrated-learning-government-canada-invests-youth\\\/\",\"name\":\"La cr\u00e9ation de citoyens du monde gr\u00e2ce \u00e0 l\u2019\u00e9ducation mondiale et \u00e0 l\u2019apprentissage en milieu de travail : le gouvernement du Canada investit dans la jeunesse canadienne - CBIE\",\"isPartOf\":{\"@id\":\"https:\\\/\\\/cbie.ca\\\/#website\"},\"primaryImageOfPage\":{\"@id\":\"https:\\\/\\\/cbie.ca\\\/global-citizens-through-education-work-integrated-learning-government-canada-invests-youth\\\/#primaryimage\"},\"image\":{\"@id\":\"https:\\\/\\\/cbie.ca\\\/global-citizens-through-education-work-integrated-learning-government-canada-invests-youth\\\/#primaryimage\"},\"thumbnailUrl\":\"https:\\\/\\\/cbie.ca\\\/wp-content\\\/uploads\\\/2019\\\/08\\\/190823-IES-PR.jpg\",\"datePublished\":\"2019-08-23T20:32:22+00:00\",\"dateModified\":\"2020-06-25T14:11:58+00:00\",\"author\":{\"@id\":\"https:\\\/\\\/cbie.ca\\\/#\\\/schema\\\/person\\\/cb3789156294f7d322bca9b07f192e1c\"},\"breadcrumb\":{\"@id\":\"https:\\\/\\\/cbie.ca\\\/global-citizens-through-education-work-integrated-learning-government-canada-invests-youth\\\/#breadcrumb\"},\"inLanguage\":\"fr-FR\",\"potentialAction\":[{\"@type\":\"ReadAction\",\"target\":[\"https:\\\/\\\/cbie.ca\\\/global-citizens-through-education-work-integrated-learning-government-canada-invests-youth\\\/\"]}]},{\"@type\":\"ImageObject\",\"inLanguage\":\"fr-FR\",\"@id\":\"https:\\\/\\\/cbie.ca\\\/global-citizens-through-education-work-integrated-learning-government-canada-invests-youth\\\/#primaryimage\",\"url\":\"https:\\\/\\\/cbie.ca\\\/wp-content\\\/uploads\\\/2019\\\/08\\\/190823-IES-PR.jpg\",\"contentUrl\":\"https:\\\/\\\/cbie.ca\\\/wp-content\\\/uploads\\\/2019\\\/08\\\/190823-IES-PR.jpg\",\"width\":819,\"height\":461,\"caption\":\"Youth holding a Canadian flag on a mountaintop in New Zealand\"},{\"@type\":\"BreadcrumbList\",\"@id\":\"https:\\\/\\\/cbie.ca\\\/global-citizens-through-education-work-integrated-learning-government-canada-invests-youth\\\/#breadcrumb\",\"itemListElement\":[{\"@type\":\"ListItem\",\"position\":1,\"name\":\"Home\",\"item\":\"https:\\\/\\\/cbie.ca\\\/fr\\\/\"},{\"@type\":\"ListItem\",\"position\":2,\"name\":\"La cr\u00e9ation de citoyens du monde gr\u00e2ce \u00e0 l\u2019\u00e9ducation mondiale et \u00e0 l\u2019apprentissage en milieu de travail : le gouvernement du Canada investit dans la jeunesse canadienne\"}]},{\"@type\":\"WebSite\",\"@id\":\"https:\\\/\\\/cbie.ca\\\/#website\",\"url\":\"https:\\\/\\\/cbie.ca\\\/\",\"name\":\"Canadian Bureau for International Education\",\"description\":\"\",\"potentialAction\":[{\"@type\":\"SearchAction\",\"target\":{\"@type\":\"EntryPoint\",\"urlTemplate\":\"https:\\\/\\\/cbie.ca\\\/?s={search_term_string}\"},\"query-input\":{\"@type\":\"PropertyValueSpecification\",\"valueRequired\":true,\"valueName\":\"search_term_string\"}}],\"inLanguage\":\"fr-FR\"},{\"@type\":\"Person\",\"@id\":\"https:\\\/\\\/cbie.ca\\\/#\\\/schema\\\/person\\\/cb3789156294f7d322bca9b07f192e1c\",\"name\":\"CBIE-BCEI\",\"image\":{\"@type\":\"ImageObject\",\"inLanguage\":\"fr-FR\",\"@id\":\"https:\\\/\\\/secure.gravatar.com\\\/avatar\\\/d274f7550e676f39e6efa6dab362dac481e1572fbefce28e0a1d4904346afba8?s=96&d=mm&r=g\",\"url\":\"https:\\\/\\\/secure.gravatar.com\\\/avatar\\\/d274f7550e676f39e6efa6dab362dac481e1572fbefce28e0a1d4904346afba8?s=96&d=mm&r=g\",\"contentUrl\":\"https:\\\/\\\/secure.gravatar.com\\\/avatar\\\/d274f7550e676f39e6efa6dab362dac481e1572fbefce28e0a1d4904346afba8?s=96&d=mm&r=g\",\"caption\":\"CBIE-BCEI\"},\"url\":\"https:\\\/\\\/cbie.ca\\\/fr\\\/author\\\/cbie-2-2-2-2-2-2\\\/\"}]}<\/script>\n<!-- \/ Yoast SEO plugin. -->","yoast_head_json":{"title":"La cr\u00e9ation de citoyens du monde gr\u00e2ce \u00e0 l\u2019\u00e9ducation mondiale et \u00e0 l\u2019apprentissage en milieu de travail : le gouvernement du Canada investit dans la jeunesse canadienne - CBIE","robots":{"index":"index","follow":"follow","max-snippet":"max-snippet:-1","max-image-preview":"max-image-preview:large","max-video-preview":"max-video-preview:-1"},"canonical":"https:\/\/cbie.ca\/global-citizens-through-education-work-integrated-learning-government-canada-invests-youth\/","og_locale":"fr_FR","og_type":"article","og_title":"La cr\u00e9ation de citoyens du monde gr\u00e2ce \u00e0 l\u2019\u00e9ducation mondiale et \u00e0 l\u2019apprentissage en milieu de travail : le gouvernement du Canada investit dans la jeunesse canadienne - CBIE","og_description":"Le Bureau canadien de l\u2019\u00e9ducation internationale (BCEI) se r\u00e9jouit de l\u2019annonce du gouvernement du Canada indiquant que dans le cadre de sa nouvelle strat\u00e9gie d\u2019\u00e9ducation internationale, il investira dans un [&hellip;]","og_url":"https:\/\/cbie.ca\/global-citizens-through-education-work-integrated-learning-government-canada-invests-youth\/","og_site_name":"CBIE","article_published_time":"2019-08-23T20:32:22+00:00","article_modified_time":"2020-06-25T14:11:58+00:00","og_image":[{"width":819,"height":461,"url":"https:\/\/cbie.ca\/wp-content\/uploads\/2019\/08\/190823-IES-PR.jpg","type":"image\/jpeg"}],"author":"CBIE-BCEI","twitter_card":"summary_large_image","twitter_misc":{"\u00c9crit par":"CBIE-BCEI","Dur\u00e9e de lecture estim\u00e9e":"2 minutes"},"schema":{"@context":"https:\/\/schema.org","@graph":[{"@type":"Article","@id":"https:\/\/cbie.ca\/global-citizens-through-education-work-integrated-learning-government-canada-invests-youth\/#article","isPartOf":{"@id":"https:\/\/cbie.ca\/global-citizens-through-education-work-integrated-learning-government-canada-invests-youth\/"},"author":{"name":"CBIE-BCEI","@id":"https:\/\/cbie.ca\/#\/schema\/person\/cb3789156294f7d322bca9b07f192e1c"},"headline":"La cr\u00e9ation de citoyens du monde gr\u00e2ce \u00e0 l\u2019\u00e9ducation mondiale et \u00e0 l\u2019apprentissage en milieu de travail : le gouvernement du Canada investit dans la jeunesse canadienne","datePublished":"2019-08-23T20:32:22+00:00","dateModified":"2020-06-25T14:11:58+00:00","mainEntityOfPage":{"@id":"https:\/\/cbie.ca\/global-citizens-through-education-work-integrated-learning-government-canada-invests-youth\/"},"wordCount":426,"image":{"@id":"https:\/\/cbie.ca\/global-citizens-through-education-work-integrated-learning-government-canada-invests-youth\/#primaryimage"},"thumbnailUrl":"https:\/\/cbie.ca\/wp-content\/uploads\/2019\/08\/190823-IES-PR.jpg","articleSection":["Communiqu\u00e9"],"inLanguage":"fr-FR"},{"@type":"WebPage","@id":"https:\/\/cbie.ca\/global-citizens-through-education-work-integrated-learning-government-canada-invests-youth\/","url":"https:\/\/cbie.ca\/global-citizens-through-education-work-integrated-learning-government-canada-invests-youth\/","name":"La cr\u00e9ation de citoyens du monde gr\u00e2ce \u00e0 l\u2019\u00e9ducation mondiale et \u00e0 l\u2019apprentissage en milieu de travail : le gouvernement du Canada investit dans la jeunesse canadienne - CBIE","isPartOf":{"@id":"https:\/\/cbie.ca\/#website"},"primaryImageOfPage":{"@id":"https:\/\/cbie.ca\/global-citizens-through-education-work-integrated-learning-government-canada-invests-youth\/#primaryimage"},"image":{"@id":"https:\/\/cbie.ca\/global-citizens-through-education-work-integrated-learning-government-canada-invests-youth\/#primaryimage"},"thumbnailUrl":"https:\/\/cbie.ca\/wp-content\/uploads\/2019\/08\/190823-IES-PR.jpg","datePublished":"2019-08-23T20:32:22+00:00","dateModified":"2020-06-25T14:11:58+00:00","author":{"@id":"https:\/\/cbie.ca\/#\/schema\/person\/cb3789156294f7d322bca9b07f192e1c"},"breadcrumb":{"@id":"https:\/\/cbie.ca\/global-citizens-through-education-work-integrated-learning-government-canada-invests-youth\/#breadcrumb"},"inLanguage":"fr-FR","potentialAction":[{"@type":"ReadAction","target":["https:\/\/cbie.ca\/global-citizens-through-education-work-integrated-learning-government-canada-invests-youth\/"]}]},{"@type":"ImageObject","inLanguage":"fr-FR","@id":"https:\/\/cbie.ca\/global-citizens-through-education-work-integrated-learning-government-canada-invests-youth\/#primaryimage","url":"https:\/\/cbie.ca\/wp-content\/uploads\/2019\/08\/190823-IES-PR.jpg","contentUrl":"https:\/\/cbie.ca\/wp-content\/uploads\/2019\/08\/190823-IES-PR.jpg","width":819,"height":461,"caption":"Youth holding a Canadian flag on a mountaintop in New Zealand"},{"@type":"BreadcrumbList","@id":"https:\/\/cbie.ca\/global-citizens-through-education-work-integrated-learning-government-canada-invests-youth\/#breadcrumb","itemListElement":[{"@type":"ListItem","position":1,"name":"Home","item":"https:\/\/cbie.ca\/fr\/"},{"@type":"ListItem","position":2,"name":"La cr\u00e9ation de citoyens du monde gr\u00e2ce \u00e0 l\u2019\u00e9ducation mondiale et \u00e0 l\u2019apprentissage en milieu de travail : le gouvernement du Canada investit dans la jeunesse canadienne"}]},{"@type":"WebSite","@id":"https:\/\/cbie.ca\/#website","url":"https:\/\/cbie.ca\/","name":"Canadian Bureau for International Education","description":"","potentialAction":[{"@type":"SearchAction","target":{"@type":"EntryPoint","urlTemplate":"https:\/\/cbie.ca\/?s={search_term_string}"},"query-input":{"@type":"PropertyValueSpecification","valueRequired":true,"valueName":"search_term_string"}}],"inLanguage":"fr-FR"},{"@type":"Person","@id":"https:\/\/cbie.ca\/#\/schema\/person\/cb3789156294f7d322bca9b07f192e1c","name":"CBIE-BCEI","image":{"@type":"ImageObject","inLanguage":"fr-FR","@id":"https:\/\/secure.gravatar.com\/avatar\/d274f7550e676f39e6efa6dab362dac481e1572fbefce28e0a1d4904346afba8?s=96&d=mm&r=g","url":"https:\/\/secure.gravatar.com\/avatar\/d274f7550e676f39e6efa6dab362dac481e1572fbefce28e0a1d4904346afba8?s=96&d=mm&r=g","contentUrl":"https:\/\/secure.gravatar.com\/avatar\/d274f7550e676f39e6efa6dab362dac481e1572fbefce28e0a1d4904346afba8?s=96&d=mm&r=g","caption":"CBIE-BCEI"},"url":"https:\/\/cbie.ca\/fr\/author\/cbie-2-2-2-2-2-2\/"}]}},"_links":{"self":[{"href":"https:\/\/cbie.ca\/fr\/wp-json\/wp\/v2\/posts\/40474","targetHints":{"allow":["GET"]}}],"collection":[{"href":"https:\/\/cbie.ca\/fr\/wp-json\/wp\/v2\/posts"}],"about":[{"href":"https:\/\/cbie.ca\/fr\/wp-json\/wp\/v2\/types\/post"}],"author":[{"embeddable":true,"href":"https:\/\/cbie.ca\/fr\/wp-json\/wp\/v2\/users\/2"}],"replies":[{"embeddable":true,"href":"https:\/\/cbie.ca\/fr\/wp-json\/wp\/v2\/comments?post=40474"}],"version-history":[{"count":0,"href":"https:\/\/cbie.ca\/fr\/wp-json\/wp\/v2\/posts\/40474\/revisions"}],"wp:featuredmedia":[{"embeddable":true,"href":"https:\/\/cbie.ca\/fr\/wp-json\/wp\/v2\/media\/40471"}],"wp:attachment":[{"href":"https:\/\/cbie.ca\/fr\/wp-json\/wp\/v2\/media?parent=40474"}],"wp:term":[{"taxonomy":"category","embeddable":true,"href":"https:\/\/cbie.ca\/fr\/wp-json\/wp\/v2\/categories?post=40474"},{"taxonomy":"post_tag","embeddable":true,"href":"https:\/\/cbie.ca\/fr\/wp-json\/wp\/v2\/tags?post=40474"}],"curies":[{"name":"wp","href":"https:\/\/api.w.org\/{rel}","templated":true}]}}