{"id":39901,"date":"2019-07-18T01:00:36","date_gmt":"2019-07-18T05:00:36","guid":{"rendered":"https:\/\/cbieca.wpenginepowered.com\/?p=39901"},"modified":"2020-06-25T10:12:00","modified_gmt":"2020-06-25T14:12:00","slug":"memoire-engagement-nelson-mandela-envers-justice-sociale-equite","status":"publish","type":"post","link":"https:\/\/cbie.ca\/fr\/memoire-engagement-nelson-mandela-envers-justice-sociale-equite\/","title":{"rendered":"En m\u00e9moire de l\u2019engagement de Nelson Mandela envers la justice sociale et l\u2019\u00e9quit\u00e9"},"content":{"rendered":"<div class=\"wpb-content-wrapper\"><p>[vc_row][vc_column width=\u00a0\u00bb1\/1&Prime;][vc_column_text]L\u2019obtention d\u2019un grade en administration publique, en politique publique ou en finance publique d\u2019une universit\u00e9 canadienne peut ressembler \u00e0 une mont\u00e9e ardue pour les boursi\u00e8res et boursiers Leaders africains de demain (LAD), mais ce n\u2019est en r\u00e9alit\u00e9 que le premier pas vers le but ultime du programme de bourses LAD\u00a0\u2013 le d\u00e9veloppement \u00e9conomique et social accru de secteurs cl\u00e9s de l\u2019administration publique et de la politique publique de l\u2019Afrique subsaharienne.<\/p>\n<p>Alors que nous c\u00e9l\u00e9brons la Journ\u00e9e Nelson Mandela, nous profitons de l\u2019occasion pour reconna\u00eetre les dipl\u00f4m\u00e9es et dipl\u00f4m\u00e9s du programme de bourses LAD et encourager celles et ceux qui poursuivent des \u00e9tudes \u00e0 r\u00e9aliser la vision de Mandela\u00a0:<\/p>\n<blockquote><p>\u00ab Ce qui compte dans la vie, ce n\u2019est pas seulement d\u2019avoir v\u00e9cu. C\u2019est la diff\u00e9rence faite dans la vie des autres qui d\u00e9finit le sens de la vie que nous avons men\u00e9e.\u00a0\u00bb<\/p><\/blockquote>\n<p>Le Programme de bourses LAD a \u00e9t\u00e9 mis sur pied pour comm\u00e9morer l\u2019engagement de feu Nelson Mandela envers la justice et l\u2019\u00e9quit\u00e9 sociale. Le programme s\u2019est investi aupr\u00e8s de plus de 100\u00a0jeunes professionnels africains pour leur permettre de devenir des leaders en administration publique et en politique publique.[\/vc_column_text]<div class=\"spacer\" style=\"height: 60px;\"><\/div>[\/vc_column][\/vc_row][vc_row][vc_column width=\u00a0\u00bb1\/2&Prime;]<div class=\"single_image wpb_content_element align-left    \" data-animation=\"none\" data-delay=\"0\"><img loading=\"lazy\" decoding=\"async\" width=\"420\" height=\"420\" src=\"https:\/\/cbie.ca\/wp-content\/uploads\/2019\/07\/christian-maybe.jpg\" class=\"attachment-full\" alt=\"Christian M. Nkunzi\" title=\"christian-maybe\" \/><\/div><div class=\"spacer\" style=\"height: 60px;\"><\/div>[\/vc_column][vc_column width=\u00a0\u00bb1\/2&Prime;][vc_column_text]Se pr\u00e9parant \u00e0 retourner \u00e0 la R\u00e9publique d\u00e9mocratique du Congo apr\u00e8s avoir termin\u00e9 une Ma\u00eetrise en administration publique \u00e0 l\u2019Universit\u00e9 de Moncton, Christian M. Nkunzi a ainsi r\u00e9sum\u00e9 son exp\u00e9rience et celle de ses coll\u00e8gues boursiers\u00a0:<\/p>\n<blockquote><p>\u00ab\u00a0Nous pouvons affirmer, sans h\u00e9sitation, que nous avons acquis tous les atouts possibles pour contribuer \u00e0 relever les d\u00e9fis auxquels les secteurs publics de nos pays respectifs sont pr\u00e9sentement confront\u00e9s.\u00a0\u00bb<\/p><\/blockquote>\n<p>[\/vc_column_text]<div class=\"spacer\" style=\"height: 60px;\"><\/div>[\/vc_column][\/vc_row][vc_row][vc_column width=\u00a0\u00bb1\/2&Prime;]<div class=\"single_image wpb_content_element align-left    \" data-animation=\"none\" data-delay=\"0\"><img loading=\"lazy\" decoding=\"async\" width=\"420\" height=\"420\" src=\"https:\/\/cbie.ca\/wp-content\/uploads\/2019\/07\/sylvester.jpg\" class=\"attachment-full\" alt=\"Photo of Sylvester Kaonga\" title=\"sylvester\" \/><\/div><div class=\"spacer\" style=\"height: 60px;\"><\/div>[\/vc_column][vc_column width=\u00a0\u00bb1\/2&Prime;][vc_column_text]Le dipl\u00f4m\u00e9 LAD Sylvester Kaonga (Memorial University of Newfoundland, 2018) est retourn\u00e9 \u00e0 son poste d\u2019Agent de recherche \u00e0 l\u2019Assembl\u00e9e nationale de la Zambie.<\/p>\n<blockquote><p>\u00ab\u00a0Lorsque je suis retourn\u00e9 en Zambie \u00e0 la suite de mes \u00e9tudes au Canada, on m\u2019a confi\u00e9 une responsabilit\u00e9 additionnelle, soit celle de coordonner et de g\u00e9rer les activit\u00e9s de la Convention Afrique-Cara\u00efbes-Pacifique-Union europ\u00e9enne (ACP-UE). Ceci comprend la pr\u00e9paration d\u2019\u00e9nonc\u00e9s de politiques et l\u2019offre de conseils strat\u00e9giques au parlementaire qui repr\u00e9sente la Zambie aux divers forums ACP-UE, o\u00f9 l\u2019on y discute de questions tels le commerce, les ententes de partenariat \u00e9conomique et les changements climatiques.\u00a0\u00bb<\/p><\/blockquote>\n<p>[\/vc_column_text]<div class=\"spacer\" style=\"height: 60px;\"><\/div>[\/vc_column][\/vc_row][vc_row][vc_column width=\u00a0\u00bb1\/1&Prime;][vc_column_text]Gr\u00e2ce \u00e0 leurs \u00e9tudes en administration publique et en politique publique, les boursi\u00e8res et boursiers LAD acqui\u00e8rent les habilet\u00e9s et les connaissances pour devenir des agents de changement\u00a0\u2013 pr\u00eats \u00e0 jeter les bases d\u2019un monde meilleur.[\/vc_column_text]<div class=\"spacer\" style=\"height: 60px;\"><\/div>[\/vc_column][\/vc_row][vc_row][vc_column width=\u00a0\u00bb1\/2&Prime;]<div class=\"single_image wpb_content_element align-left    \" data-animation=\"none\" data-delay=\"0\"><img loading=\"lazy\" decoding=\"async\" width=\"420\" height=\"420\" src=\"https:\/\/cbie.ca\/wp-content\/uploads\/2019\/07\/clarisse.jpg\" class=\"attachment-full\" alt=\"Photo of Clarisse Uwamahoro\" title=\"clarisse\" \/><\/div><div class=\"spacer\" style=\"height: 60px;\"><\/div>[\/vc_column][vc_column width=\u00a0\u00bb1\/2&Prime;][vc_column_text]<\/p>\n<blockquote><p>\u00ab\u00a0L\u2019\u00e9ducation est l\u2019occasion pour chaque g\u00e9n\u00e9ration de se pr\u00e9parer un avenir meilleur par un parcours d\u2019apprentissage qui ouvre l\u2019esprit \u00e0 de nouveaux ensembles de connaissances. Les connaissances entra\u00eenent cependant la responsabilit\u00e9 de redonner et d\u2019avoir un impact positif dans sa communaut\u00e9.\u00a0\u00bb<\/p><\/blockquote>\n<p><em>\u2014Clarisse Uwamahoro, Memorial University of Newfoundland, Rwanda<\/em>[\/vc_column_text]<div class=\"spacer\" style=\"height: 60px;\"><\/div>[\/vc_column][\/vc_row][vc_row][vc_column width=\u00a0\u00bb1\/2&Prime;]<div class=\"single_image wpb_content_element align-left    \" data-animation=\"none\" data-delay=\"0\"><img loading=\"lazy\" decoding=\"async\" width=\"420\" height=\"420\" src=\"https:\/\/cbie.ca\/wp-content\/uploads\/2019\/07\/juliana.jpg\" class=\"attachment-full\" alt=\"Photo of Juliana Tenkorang\" title=\"juliana\" \/><\/div><div class=\"spacer\" style=\"height: 60px;\"><\/div>[\/vc_column][vc_column width=\u00a0\u00bb1\/2&Prime;][vc_column_text]<\/p>\n<blockquote><p>\u00ab\u00a0Une politique de sant\u00e9 et s\u00e9curit\u00e9 est un outil essentiel dans la gestion des syst\u00e8mes de sant\u00e9. La s\u00e9curit\u00e9 des fonctionnaires qui offrent des services est tout aussi importante que la prestation des soins. Mettre en \u0153uvre des mesures de s\u00e9curit\u00e9 commence par un changement d\u2019attitude chez les fonctionnaires.\u00a0\u00bb<\/p><\/blockquote>\n<p><em>\u2014Juliana Tenkorang, University of Saskatchewan, Ghana<\/em>[\/vc_column_text]<div class=\"spacer\" style=\"height: 60px;\"><\/div>[\/vc_column][\/vc_row][vc_row][vc_column width=\u00a0\u00bb1\/2&Prime;]<div class=\"single_image wpb_content_element align-left    \" data-animation=\"none\" data-delay=\"0\"><img loading=\"lazy\" decoding=\"async\" width=\"420\" height=\"420\" src=\"https:\/\/cbie.ca\/wp-content\/uploads\/2019\/07\/eseohe.jpg\" class=\"attachment-full\" alt=\"Eseohe Ojo\" title=\"eseohe\" \/><\/div><div class=\"spacer\" style=\"height: 60px;\"><\/div>[\/vc_column][vc_column width=\u00a0\u00bb1\/2&Prime;][vc_column_text]<\/p>\n<blockquote><p>\u00ab\u00a0Mes \u00e9tudes en politique publique ont renforc\u00e9 mon besoin de jouer un r\u00f4le actif, et d\u2019influencer, d\u2019\u00e9laborer et de mettre en \u0153uvre les politiques qui nous concernent tous. Tout comme Nelson Mandela, je suis encourag\u00e9e \u00e0 agir et \u00e0 inspirer le changement tous les jours.\u00a0\u00bb<\/p><\/blockquote>\n<p><em>\u2014Eseohe Ojo, University of British Columbia, Nig\u00e9ria<\/em>[\/vc_column_text]<div class=\"spacer\" style=\"height: 60px;\"><\/div>[\/vc_column][\/vc_row][vc_row][vc_column width=\u00a0\u00bb1\/2&Prime;]<div class=\"single_image wpb_content_element align-left    \" data-animation=\"none\" data-delay=\"0\"><img loading=\"lazy\" decoding=\"async\" width=\"420\" height=\"420\" src=\"https:\/\/cbie.ca\/wp-content\/uploads\/2019\/07\/adedoyin.jpg\" class=\"attachment-full\" alt=\"Photo of Adedoyin Luwagi\" title=\"adedoyin\" \/><\/div><div class=\"spacer\" style=\"height: 60px;\"><\/div>[\/vc_column][vc_column width=\u00a0\u00bb1\/2&Prime;][vc_column_text]\u00c0 la fin du Programme de d\u00e9breffage LAD en avril 2019, la dipl\u00f4m\u00e9e LAD Adedoyin Luwagi (University of British Columbia, Nig\u00e9ria) a mis au d\u00e9fi ses coll\u00e8gues boursiers LAD avec une citation de Mandela relative \u00e0 gravir des collines\u00a0:<\/p>\n<blockquote><p>\u00ab\u00a0R\u00e9pondons \u00e0 l\u2019appel de briser plus de barri\u00e8res, d\u2019explorer toutes les occasions possibles, de mener des changements positifs dans les secteurs d\u00e9sir\u00e9s, de ne pas se satisfaire de r\u00f4les minimes, de ne pas se contenter de peu, et de toujours essayer d\u2019atteindre nos objectifs.\u00a0\u00bb<\/p><\/blockquote>\n<p>[\/vc_column_text]<div class=\"spacer\" style=\"height: 60px;\"><\/div>[\/vc_column][\/vc_row][vc_row][vc_column width=\u00a0\u00bb1\/1&Prime;][vc_column_text]<\/p>\n<hr \/>\n<p><em><a href=\"https:\/\/cbie.ca\/notre-travail\/programmes-actuels\/programme-de-bourses-pour-les-leaders-africains-de-demain\/?lang=fr\" target=\"_blank\" rel=\"noopener noreferrer\">Le programme de bourses pour les leaders africains de demain (LAD)<\/a>\u00a0est financ\u00e9 par le gouvernement du Canada par l\u2019interm\u00e9diaire d\u2019Affaires mondiales Canada et par la Fondation Mastercard. Il est g\u00e9r\u00e9 par le BCEI en partenariat avec l\u2019Institut d\u2019administration publique du Canada et en collaboration avec l\u2019Association africaine pour l\u2019administration publique et le management et l\u2019Association canadienne des programmes en administration publique.<\/em><em>\u200b<\/em>[\/vc_column_text][\/vc_column][\/vc_row]<\/p>\n<\/div>","protected":false},"excerpt":{"rendered":"<p>[vc_row][vc_column width=\u00a0\u00bb1\/1&Prime;][vc_column_text]L\u2019obtention d\u2019un grade en administration publique, en politique publique ou en finance publique d\u2019une universit\u00e9 canadienne peut ressembler \u00e0 une mont\u00e9e ardue pour les boursi\u00e8res et boursiers Leaders africains [&hellip;]<\/p>\n","protected":false},"author":2,"featured_media":39903,"comment_status":"closed","ping_status":"closed","sticky":false,"template":"","format":"standard","meta":{"_acf_changed":false,"footnotes":""},"categories":[75,88,104],"tags":[],"class_list":["post-39901","post","type-post","status-publish","format-standard","has-post-thumbnail","hentry","category-blogue","category-blogue-etudiant","category-lad"],"acf":[],"yoast_head":"<!-- This site is optimized with the Yoast SEO plugin v27.5 - https:\/\/yoast.com\/product\/yoast-seo-wordpress\/ -->\n<title>En m\u00e9moire de l\u2019engagement de Nelson Mandela envers la justice sociale et l\u2019\u00e9quit\u00e9 - CBIE<\/title>\n<meta name=\"robots\" content=\"index, follow, max-snippet:-1, max-image-preview:large, max-video-preview:-1\" \/>\n<link rel=\"canonical\" href=\"https:\/\/cbie.ca\/fr\/memoire-engagement-nelson-mandela-envers-justice-sociale-equite\/\" \/>\n<meta property=\"og:locale\" content=\"fr_FR\" \/>\n<meta property=\"og:type\" content=\"article\" \/>\n<meta property=\"og:title\" content=\"En m\u00e9moire de l\u2019engagement de Nelson Mandela envers la justice sociale et l\u2019\u00e9quit\u00e9 - CBIE\" \/>\n<meta property=\"og:description\" content=\"[vc_row][vc_column width=\u00a0\u00bb1\/1&Prime;][vc_column_text]L\u2019obtention d\u2019un grade en administration publique, en politique publique ou en finance publique d\u2019une universit\u00e9 canadienne peut ressembler \u00e0 une mont\u00e9e ardue pour les boursi\u00e8res et boursiers Leaders africains [&hellip;]\" \/>\n<meta property=\"og:url\" content=\"https:\/\/cbie.ca\/fr\/memoire-engagement-nelson-mandela-envers-justice-sociale-equite\/\" \/>\n<meta property=\"og:site_name\" content=\"CBIE\" \/>\n<meta property=\"article:published_time\" content=\"2019-07-18T05:00:36+00:00\" \/>\n<meta property=\"article:modified_time\" content=\"2020-06-25T14:12:00+00:00\" \/>\n<meta property=\"og:image\" content=\"https:\/\/cbie.ca\/wp-content\/uploads\/2019\/07\/190718-mandela-quote-FR.jpg\" \/>\n\t<meta property=\"og:image:width\" content=\"819\" \/>\n\t<meta property=\"og:image:height\" content=\"461\" \/>\n\t<meta property=\"og:image:type\" content=\"image\/jpeg\" \/>\n<meta name=\"author\" content=\"CBIE-BCEI\" \/>\n<meta name=\"twitter:card\" content=\"summary_large_image\" \/>\n<meta name=\"twitter:label1\" content=\"\u00c9crit par\" \/>\n\t<meta name=\"twitter:data1\" content=\"CBIE-BCEI\" \/>\n\t<meta name=\"twitter:label2\" content=\"Dur\u00e9e de lecture estim\u00e9e\" \/>\n\t<meta name=\"twitter:data2\" content=\"5 minutes\" \/>\n<script type=\"application\/ld+json\" class=\"yoast-schema-graph\">{\"@context\":\"https:\\\/\\\/schema.org\",\"@graph\":[{\"@type\":\"Article\",\"@id\":\"https:\\\/\\\/cbie.ca\\\/fr\\\/memoire-engagement-nelson-mandela-envers-justice-sociale-equite\\\/#article\",\"isPartOf\":{\"@id\":\"https:\\\/\\\/cbie.ca\\\/fr\\\/memoire-engagement-nelson-mandela-envers-justice-sociale-equite\\\/\"},\"author\":{\"name\":\"CBIE-BCEI\",\"@id\":\"https:\\\/\\\/cbie.ca\\\/#\\\/schema\\\/person\\\/cb3789156294f7d322bca9b07f192e1c\"},\"headline\":\"En m\u00e9moire de l\u2019engagement de Nelson Mandela envers la justice sociale et l\u2019\u00e9quit\u00e9\",\"datePublished\":\"2019-07-18T05:00:36+00:00\",\"dateModified\":\"2020-06-25T14:12:00+00:00\",\"mainEntityOfPage\":{\"@id\":\"https:\\\/\\\/cbie.ca\\\/fr\\\/memoire-engagement-nelson-mandela-envers-justice-sociale-equite\\\/\"},\"wordCount\":1021,\"image\":{\"@id\":\"https:\\\/\\\/cbie.ca\\\/fr\\\/memoire-engagement-nelson-mandela-envers-justice-sociale-equite\\\/#primaryimage\"},\"thumbnailUrl\":\"https:\\\/\\\/cbie.ca\\\/wp-content\\\/uploads\\\/2019\\\/07\\\/190718-mandela-quote-FR.jpg\",\"articleSection\":[\"Blogue\",\"Blogue \u00e9tudiant\",\"Leaders africains de demain\"],\"inLanguage\":\"fr-FR\"},{\"@type\":\"WebPage\",\"@id\":\"https:\\\/\\\/cbie.ca\\\/fr\\\/memoire-engagement-nelson-mandela-envers-justice-sociale-equite\\\/\",\"url\":\"https:\\\/\\\/cbie.ca\\\/fr\\\/memoire-engagement-nelson-mandela-envers-justice-sociale-equite\\\/\",\"name\":\"En m\u00e9moire de l\u2019engagement de Nelson Mandela envers la justice sociale et l\u2019\u00e9quit\u00e9 - CBIE\",\"isPartOf\":{\"@id\":\"https:\\\/\\\/cbie.ca\\\/#website\"},\"primaryImageOfPage\":{\"@id\":\"https:\\\/\\\/cbie.ca\\\/fr\\\/memoire-engagement-nelson-mandela-envers-justice-sociale-equite\\\/#primaryimage\"},\"image\":{\"@id\":\"https:\\\/\\\/cbie.ca\\\/fr\\\/memoire-engagement-nelson-mandela-envers-justice-sociale-equite\\\/#primaryimage\"},\"thumbnailUrl\":\"https:\\\/\\\/cbie.ca\\\/wp-content\\\/uploads\\\/2019\\\/07\\\/190718-mandela-quote-FR.jpg\",\"datePublished\":\"2019-07-18T05:00:36+00:00\",\"dateModified\":\"2020-06-25T14:12:00+00:00\",\"author\":{\"@id\":\"https:\\\/\\\/cbie.ca\\\/#\\\/schema\\\/person\\\/cb3789156294f7d322bca9b07f192e1c\"},\"breadcrumb\":{\"@id\":\"https:\\\/\\\/cbie.ca\\\/fr\\\/memoire-engagement-nelson-mandela-envers-justice-sociale-equite\\\/#breadcrumb\"},\"inLanguage\":\"fr-FR\",\"potentialAction\":[{\"@type\":\"ReadAction\",\"target\":[\"https:\\\/\\\/cbie.ca\\\/fr\\\/memoire-engagement-nelson-mandela-envers-justice-sociale-equite\\\/\"]}]},{\"@type\":\"ImageObject\",\"inLanguage\":\"fr-FR\",\"@id\":\"https:\\\/\\\/cbie.ca\\\/fr\\\/memoire-engagement-nelson-mandela-envers-justice-sociale-equite\\\/#primaryimage\",\"url\":\"https:\\\/\\\/cbie.ca\\\/wp-content\\\/uploads\\\/2019\\\/07\\\/190718-mandela-quote-FR.jpg\",\"contentUrl\":\"https:\\\/\\\/cbie.ca\\\/wp-content\\\/uploads\\\/2019\\\/07\\\/190718-mandela-quote-FR.jpg\",\"width\":819,\"height\":461,\"caption\":\"\u00ab Apr\u00e8s avoir gravi une haute colline, tout ce qu\u2019on d\u00e9couvre c\u2019est qu\u2019il y en a encore beaucoup d\u2019autres \u00e0 gravir. \u00bb Nelson Mandela L\u2019obtention d\u2019un grade en administration publique, en politique publique ou en finance publique d\u2019une universit\u00e9 canadienne peut ressembler \u00e0 une mont\u00e9e ardue pour les boursi\u00e8res et boursiers Leaders africains de demain (LAD), mais ce n\u2019est en r\u00e9alit\u00e9 que le premier pas vers le but ultime du programme de bourses LAD \u2013 le d\u00e9veloppement \u00e9conomique et social accru de secteurs cl\u00e9s de l\u2019administration publique et de la politique publique de l\u2019Afrique subsaharienne. Alors que nous c\u00e9l\u00e9brons la Journ\u00e9e Nelson Mandela, nous profitons de l\u2019occasion pour reconna\u00eetre les dipl\u00f4m\u00e9es et dipl\u00f4m\u00e9s du programme de bourses LAD et encourager celles et ceux qui poursuivent des \u00e9tudes \u00e0 r\u00e9aliser la vision de Mandela : \u00ab Ce qui compte dans la vie, ce n\u2019est pas seulement d\u2019avoir v\u00e9cu. C\u2019est la diff\u00e9rence faite dans la vie des autres qui d\u00e9finit le sens de la vie que nous avons men\u00e9e. \u00bb Le Programme de bourses LAD a \u00e9t\u00e9 mis sur pied pour comm\u00e9morer l\u2019engagement de feu Nelson Mandela envers la justice et l\u2019\u00e9quit\u00e9 sociale. Le programme s\u2019est investi aupr\u00e8s de plus de 100 jeunes professionnels africains pour leur permettre de devenir des leaders en administration publique et en politique publique. Se pr\u00e9parant \u00e0 retourner \u00e0 la R\u00e9publique d\u00e9mocratique du Congo apr\u00e8s avoir termin\u00e9 une Ma\u00eetrise en administration publique \u00e0 l\u2019Universit\u00e9 de Moncton, Christian M. Nkunzi a ainsi r\u00e9sum\u00e9 son exp\u00e9rience et celle de ses coll\u00e8gues boursiers : \u00ab Nous pouvons affirmer, sans h\u00e9sitation, que nous avons acquis tous les atouts possibles pour contribuer \u00e0 relever les d\u00e9fis auxquels les secteurs publics de nos pays respectifs sont pr\u00e9sentement confront\u00e9s. \u00bb Le dipl\u00f4m\u00e9 LAD Sylvester Kaonga (Memorial University of Newfoundland, 2018) est retourn\u00e9 \u00e0 son poste d\u2019Agent de recherche \u00e0 l\u2019Assembl\u00e9e nationale de la Zambie. \u00ab Lorsque je suis retourn\u00e9 en Zambie \u00e0 la suite de mes \u00e9tudes au Canada, on m\u2019a confi\u00e9 une responsabilit\u00e9 additionnelle, soit celle de coordonner et de g\u00e9rer les activit\u00e9s de la Convention Afrique-Cara\u00efbes-Pacifique-Union europ\u00e9enne (ACP-UE). Ceci comprend la pr\u00e9paration d\u2019\u00e9nonc\u00e9s de politiques et l\u2019offre de conseils strat\u00e9giques au parlementaire qui repr\u00e9sente la Zambie aux divers forums ACP-UE, o\u00f9 l\u2019on y discute de questions tels le commerce, les ententes de partenariat \u00e9conomique et les changements climatiques. \u00bb Gr\u00e2ce \u00e0 leurs \u00e9tudes en administration publique et en politique publique, les boursi\u00e8res et boursiers LAD acqui\u00e8rent les habilet\u00e9s et les connaissances pour devenir des agents de changement \u2013 pr\u00eats \u00e0 jeter les bases d\u2019un monde meilleur. \u00ab L\u2019\u00e9ducation est l\u2019occasion pour chaque g\u00e9n\u00e9ration de se pr\u00e9parer un avenir meilleur par un parcours d\u2019apprentissage qui ouvre l\u2019esprit \u00e0 de nouveaux ensembles de connaissances. Les connaissances entra\u00eenent cependant la responsabilit\u00e9 de redonner et d\u2019avoir un impact positif dans sa communaut\u00e9. \u00bb Clarisse Uwamahoro, Memorial University of Newfoundland, Rwanda \u00ab Une politique de sant\u00e9 et s\u00e9curit\u00e9 est un outil essentiel dans la gestion des syst\u00e8mes de sant\u00e9. La s\u00e9curit\u00e9 des fonctionnaires qui offrent des services est tout aussi importante que la prestation des soins. Mettre en \u0153uvre des mesures de s\u00e9curit\u00e9 commence par un changement d\u2019attitude chez les fonctionnaires. \u00bb Juliana Tenkorang, University of Saskatchewan, Ghana \u00ab Mes \u00e9tudes en politique publique ont renforc\u00e9 mon besoin de jouer un r\u00f4le actif, et d\u2019influencer, d\u2019\u00e9laborer et de mettre en \u0153uvre les politiques qui nous concernent tous. Tout comme Nelson Mandela, je suis encourag\u00e9e \u00e0 agir et \u00e0 inspirer le changement tous les jours. \u00bb Eseohe Ojo, University of British Columbia, Nig\u00e9ria \u00c0 la fin du Programme de d\u00e9breffage LAD en avril 2019, la dipl\u00f4m\u00e9e LAD Adedoyin Luwagi (University of British Columbia, Nig\u00e9ria) a mis au d\u00e9fi ses coll\u00e8gues boursiers LAD avec une citation de Mandela relative \u00e0 gravir des collines : \u00ab R\u00e9pondons \u00e0 l\u2019appel de briser plus de barri\u00e8res, d\u2019explorer toutes les occasions possibles, de mener des changements positifs dans les secteurs d\u00e9sir\u00e9s, de ne pas se satisfaire de r\u00f4les minimes, de ne pas se contenter de peu, et de toujours essayer d\u2019atteindre nos objectifs. \u00bb ~Nelson Mandela\"},{\"@type\":\"BreadcrumbList\",\"@id\":\"https:\\\/\\\/cbie.ca\\\/fr\\\/memoire-engagement-nelson-mandela-envers-justice-sociale-equite\\\/#breadcrumb\",\"itemListElement\":[{\"@type\":\"ListItem\",\"position\":1,\"name\":\"Home\",\"item\":\"https:\\\/\\\/cbie.ca\\\/fr\\\/\"},{\"@type\":\"ListItem\",\"position\":2,\"name\":\"En m\u00e9moire de l\u2019engagement de Nelson Mandela envers la justice sociale et l\u2019\u00e9quit\u00e9\"}]},{\"@type\":\"WebSite\",\"@id\":\"https:\\\/\\\/cbie.ca\\\/#website\",\"url\":\"https:\\\/\\\/cbie.ca\\\/\",\"name\":\"Canadian Bureau for International Education\",\"description\":\"\",\"potentialAction\":[{\"@type\":\"SearchAction\",\"target\":{\"@type\":\"EntryPoint\",\"urlTemplate\":\"https:\\\/\\\/cbie.ca\\\/?s={search_term_string}\"},\"query-input\":{\"@type\":\"PropertyValueSpecification\",\"valueRequired\":true,\"valueName\":\"search_term_string\"}}],\"inLanguage\":\"fr-FR\"},{\"@type\":\"Person\",\"@id\":\"https:\\\/\\\/cbie.ca\\\/#\\\/schema\\\/person\\\/cb3789156294f7d322bca9b07f192e1c\",\"name\":\"CBIE-BCEI\",\"image\":{\"@type\":\"ImageObject\",\"inLanguage\":\"fr-FR\",\"@id\":\"https:\\\/\\\/secure.gravatar.com\\\/avatar\\\/d274f7550e676f39e6efa6dab362dac481e1572fbefce28e0a1d4904346afba8?s=96&d=mm&r=g\",\"url\":\"https:\\\/\\\/secure.gravatar.com\\\/avatar\\\/d274f7550e676f39e6efa6dab362dac481e1572fbefce28e0a1d4904346afba8?s=96&d=mm&r=g\",\"contentUrl\":\"https:\\\/\\\/secure.gravatar.com\\\/avatar\\\/d274f7550e676f39e6efa6dab362dac481e1572fbefce28e0a1d4904346afba8?s=96&d=mm&r=g\",\"caption\":\"CBIE-BCEI\"},\"url\":\"https:\\\/\\\/cbie.ca\\\/fr\\\/author\\\/cbie-2-2-2-2-2-2\\\/\"}]}<\/script>\n<!-- \/ Yoast SEO plugin. -->","yoast_head_json":{"title":"En m\u00e9moire de l\u2019engagement de Nelson Mandela envers la justice sociale et l\u2019\u00e9quit\u00e9 - CBIE","robots":{"index":"index","follow":"follow","max-snippet":"max-snippet:-1","max-image-preview":"max-image-preview:large","max-video-preview":"max-video-preview:-1"},"canonical":"https:\/\/cbie.ca\/fr\/memoire-engagement-nelson-mandela-envers-justice-sociale-equite\/","og_locale":"fr_FR","og_type":"article","og_title":"En m\u00e9moire de l\u2019engagement de Nelson Mandela envers la justice sociale et l\u2019\u00e9quit\u00e9 - CBIE","og_description":"[vc_row][vc_column width=\u00a0\u00bb1\/1&Prime;][vc_column_text]L\u2019obtention d\u2019un grade en administration publique, en politique publique ou en finance publique d\u2019une universit\u00e9 canadienne peut ressembler \u00e0 une mont\u00e9e ardue pour les boursi\u00e8res et boursiers Leaders africains [&hellip;]","og_url":"https:\/\/cbie.ca\/fr\/memoire-engagement-nelson-mandela-envers-justice-sociale-equite\/","og_site_name":"CBIE","article_published_time":"2019-07-18T05:00:36+00:00","article_modified_time":"2020-06-25T14:12:00+00:00","og_image":[{"width":819,"height":461,"url":"https:\/\/cbie.ca\/wp-content\/uploads\/2019\/07\/190718-mandela-quote-FR.jpg","type":"image\/jpeg"}],"author":"CBIE-BCEI","twitter_card":"summary_large_image","twitter_misc":{"\u00c9crit par":"CBIE-BCEI","Dur\u00e9e de lecture estim\u00e9e":"5 minutes"},"schema":{"@context":"https:\/\/schema.org","@graph":[{"@type":"Article","@id":"https:\/\/cbie.ca\/fr\/memoire-engagement-nelson-mandela-envers-justice-sociale-equite\/#article","isPartOf":{"@id":"https:\/\/cbie.ca\/fr\/memoire-engagement-nelson-mandela-envers-justice-sociale-equite\/"},"author":{"name":"CBIE-BCEI","@id":"https:\/\/cbie.ca\/#\/schema\/person\/cb3789156294f7d322bca9b07f192e1c"},"headline":"En m\u00e9moire de l\u2019engagement de Nelson Mandela envers la justice sociale et l\u2019\u00e9quit\u00e9","datePublished":"2019-07-18T05:00:36+00:00","dateModified":"2020-06-25T14:12:00+00:00","mainEntityOfPage":{"@id":"https:\/\/cbie.ca\/fr\/memoire-engagement-nelson-mandela-envers-justice-sociale-equite\/"},"wordCount":1021,"image":{"@id":"https:\/\/cbie.ca\/fr\/memoire-engagement-nelson-mandela-envers-justice-sociale-equite\/#primaryimage"},"thumbnailUrl":"https:\/\/cbie.ca\/wp-content\/uploads\/2019\/07\/190718-mandela-quote-FR.jpg","articleSection":["Blogue","Blogue \u00e9tudiant","Leaders africains de demain"],"inLanguage":"fr-FR"},{"@type":"WebPage","@id":"https:\/\/cbie.ca\/fr\/memoire-engagement-nelson-mandela-envers-justice-sociale-equite\/","url":"https:\/\/cbie.ca\/fr\/memoire-engagement-nelson-mandela-envers-justice-sociale-equite\/","name":"En m\u00e9moire de l\u2019engagement de Nelson Mandela envers la justice sociale et l\u2019\u00e9quit\u00e9 - CBIE","isPartOf":{"@id":"https:\/\/cbie.ca\/#website"},"primaryImageOfPage":{"@id":"https:\/\/cbie.ca\/fr\/memoire-engagement-nelson-mandela-envers-justice-sociale-equite\/#primaryimage"},"image":{"@id":"https:\/\/cbie.ca\/fr\/memoire-engagement-nelson-mandela-envers-justice-sociale-equite\/#primaryimage"},"thumbnailUrl":"https:\/\/cbie.ca\/wp-content\/uploads\/2019\/07\/190718-mandela-quote-FR.jpg","datePublished":"2019-07-18T05:00:36+00:00","dateModified":"2020-06-25T14:12:00+00:00","author":{"@id":"https:\/\/cbie.ca\/#\/schema\/person\/cb3789156294f7d322bca9b07f192e1c"},"breadcrumb":{"@id":"https:\/\/cbie.ca\/fr\/memoire-engagement-nelson-mandela-envers-justice-sociale-equite\/#breadcrumb"},"inLanguage":"fr-FR","potentialAction":[{"@type":"ReadAction","target":["https:\/\/cbie.ca\/fr\/memoire-engagement-nelson-mandela-envers-justice-sociale-equite\/"]}]},{"@type":"ImageObject","inLanguage":"fr-FR","@id":"https:\/\/cbie.ca\/fr\/memoire-engagement-nelson-mandela-envers-justice-sociale-equite\/#primaryimage","url":"https:\/\/cbie.ca\/wp-content\/uploads\/2019\/07\/190718-mandela-quote-FR.jpg","contentUrl":"https:\/\/cbie.ca\/wp-content\/uploads\/2019\/07\/190718-mandela-quote-FR.jpg","width":819,"height":461,"caption":"\u00ab Apr\u00e8s avoir gravi une haute colline, tout ce qu\u2019on d\u00e9couvre c\u2019est qu\u2019il y en a encore beaucoup d\u2019autres \u00e0 gravir. \u00bb Nelson Mandela L\u2019obtention d\u2019un grade en administration publique, en politique publique ou en finance publique d\u2019une universit\u00e9 canadienne peut ressembler \u00e0 une mont\u00e9e ardue pour les boursi\u00e8res et boursiers Leaders africains de demain (LAD), mais ce n\u2019est en r\u00e9alit\u00e9 que le premier pas vers le but ultime du programme de bourses LAD \u2013 le d\u00e9veloppement \u00e9conomique et social accru de secteurs cl\u00e9s de l\u2019administration publique et de la politique publique de l\u2019Afrique subsaharienne. Alors que nous c\u00e9l\u00e9brons la Journ\u00e9e Nelson Mandela, nous profitons de l\u2019occasion pour reconna\u00eetre les dipl\u00f4m\u00e9es et dipl\u00f4m\u00e9s du programme de bourses LAD et encourager celles et ceux qui poursuivent des \u00e9tudes \u00e0 r\u00e9aliser la vision de Mandela : \u00ab Ce qui compte dans la vie, ce n\u2019est pas seulement d\u2019avoir v\u00e9cu. C\u2019est la diff\u00e9rence faite dans la vie des autres qui d\u00e9finit le sens de la vie que nous avons men\u00e9e. \u00bb Le Programme de bourses LAD a \u00e9t\u00e9 mis sur pied pour comm\u00e9morer l\u2019engagement de feu Nelson Mandela envers la justice et l\u2019\u00e9quit\u00e9 sociale. Le programme s\u2019est investi aupr\u00e8s de plus de 100 jeunes professionnels africains pour leur permettre de devenir des leaders en administration publique et en politique publique. Se pr\u00e9parant \u00e0 retourner \u00e0 la R\u00e9publique d\u00e9mocratique du Congo apr\u00e8s avoir termin\u00e9 une Ma\u00eetrise en administration publique \u00e0 l\u2019Universit\u00e9 de Moncton, Christian M. Nkunzi a ainsi r\u00e9sum\u00e9 son exp\u00e9rience et celle de ses coll\u00e8gues boursiers : \u00ab Nous pouvons affirmer, sans h\u00e9sitation, que nous avons acquis tous les atouts possibles pour contribuer \u00e0 relever les d\u00e9fis auxquels les secteurs publics de nos pays respectifs sont pr\u00e9sentement confront\u00e9s. \u00bb Le dipl\u00f4m\u00e9 LAD Sylvester Kaonga (Memorial University of Newfoundland, 2018) est retourn\u00e9 \u00e0 son poste d\u2019Agent de recherche \u00e0 l\u2019Assembl\u00e9e nationale de la Zambie. \u00ab Lorsque je suis retourn\u00e9 en Zambie \u00e0 la suite de mes \u00e9tudes au Canada, on m\u2019a confi\u00e9 une responsabilit\u00e9 additionnelle, soit celle de coordonner et de g\u00e9rer les activit\u00e9s de la Convention Afrique-Cara\u00efbes-Pacifique-Union europ\u00e9enne (ACP-UE). Ceci comprend la pr\u00e9paration d\u2019\u00e9nonc\u00e9s de politiques et l\u2019offre de conseils strat\u00e9giques au parlementaire qui repr\u00e9sente la Zambie aux divers forums ACP-UE, o\u00f9 l\u2019on y discute de questions tels le commerce, les ententes de partenariat \u00e9conomique et les changements climatiques. \u00bb Gr\u00e2ce \u00e0 leurs \u00e9tudes en administration publique et en politique publique, les boursi\u00e8res et boursiers LAD acqui\u00e8rent les habilet\u00e9s et les connaissances pour devenir des agents de changement \u2013 pr\u00eats \u00e0 jeter les bases d\u2019un monde meilleur. \u00ab L\u2019\u00e9ducation est l\u2019occasion pour chaque g\u00e9n\u00e9ration de se pr\u00e9parer un avenir meilleur par un parcours d\u2019apprentissage qui ouvre l\u2019esprit \u00e0 de nouveaux ensembles de connaissances. Les connaissances entra\u00eenent cependant la responsabilit\u00e9 de redonner et d\u2019avoir un impact positif dans sa communaut\u00e9. \u00bb Clarisse Uwamahoro, Memorial University of Newfoundland, Rwanda \u00ab Une politique de sant\u00e9 et s\u00e9curit\u00e9 est un outil essentiel dans la gestion des syst\u00e8mes de sant\u00e9. La s\u00e9curit\u00e9 des fonctionnaires qui offrent des services est tout aussi importante que la prestation des soins. Mettre en \u0153uvre des mesures de s\u00e9curit\u00e9 commence par un changement d\u2019attitude chez les fonctionnaires. \u00bb Juliana Tenkorang, University of Saskatchewan, Ghana \u00ab Mes \u00e9tudes en politique publique ont renforc\u00e9 mon besoin de jouer un r\u00f4le actif, et d\u2019influencer, d\u2019\u00e9laborer et de mettre en \u0153uvre les politiques qui nous concernent tous. Tout comme Nelson Mandela, je suis encourag\u00e9e \u00e0 agir et \u00e0 inspirer le changement tous les jours. \u00bb Eseohe Ojo, University of British Columbia, Nig\u00e9ria \u00c0 la fin du Programme de d\u00e9breffage LAD en avril 2019, la dipl\u00f4m\u00e9e LAD Adedoyin Luwagi (University of British Columbia, Nig\u00e9ria) a mis au d\u00e9fi ses coll\u00e8gues boursiers LAD avec une citation de Mandela relative \u00e0 gravir des collines : \u00ab R\u00e9pondons \u00e0 l\u2019appel de briser plus de barri\u00e8res, d\u2019explorer toutes les occasions possibles, de mener des changements positifs dans les secteurs d\u00e9sir\u00e9s, de ne pas se satisfaire de r\u00f4les minimes, de ne pas se contenter de peu, et de toujours essayer d\u2019atteindre nos objectifs. \u00bb ~Nelson Mandela"},{"@type":"BreadcrumbList","@id":"https:\/\/cbie.ca\/fr\/memoire-engagement-nelson-mandela-envers-justice-sociale-equite\/#breadcrumb","itemListElement":[{"@type":"ListItem","position":1,"name":"Home","item":"https:\/\/cbie.ca\/fr\/"},{"@type":"ListItem","position":2,"name":"En m\u00e9moire de l\u2019engagement de Nelson Mandela envers la justice sociale et l\u2019\u00e9quit\u00e9"}]},{"@type":"WebSite","@id":"https:\/\/cbie.ca\/#website","url":"https:\/\/cbie.ca\/","name":"Canadian Bureau for International Education","description":"","potentialAction":[{"@type":"SearchAction","target":{"@type":"EntryPoint","urlTemplate":"https:\/\/cbie.ca\/?s={search_term_string}"},"query-input":{"@type":"PropertyValueSpecification","valueRequired":true,"valueName":"search_term_string"}}],"inLanguage":"fr-FR"},{"@type":"Person","@id":"https:\/\/cbie.ca\/#\/schema\/person\/cb3789156294f7d322bca9b07f192e1c","name":"CBIE-BCEI","image":{"@type":"ImageObject","inLanguage":"fr-FR","@id":"https:\/\/secure.gravatar.com\/avatar\/d274f7550e676f39e6efa6dab362dac481e1572fbefce28e0a1d4904346afba8?s=96&d=mm&r=g","url":"https:\/\/secure.gravatar.com\/avatar\/d274f7550e676f39e6efa6dab362dac481e1572fbefce28e0a1d4904346afba8?s=96&d=mm&r=g","contentUrl":"https:\/\/secure.gravatar.com\/avatar\/d274f7550e676f39e6efa6dab362dac481e1572fbefce28e0a1d4904346afba8?s=96&d=mm&r=g","caption":"CBIE-BCEI"},"url":"https:\/\/cbie.ca\/fr\/author\/cbie-2-2-2-2-2-2\/"}]}},"_links":{"self":[{"href":"https:\/\/cbie.ca\/fr\/wp-json\/wp\/v2\/posts\/39901","targetHints":{"allow":["GET"]}}],"collection":[{"href":"https:\/\/cbie.ca\/fr\/wp-json\/wp\/v2\/posts"}],"about":[{"href":"https:\/\/cbie.ca\/fr\/wp-json\/wp\/v2\/types\/post"}],"author":[{"embeddable":true,"href":"https:\/\/cbie.ca\/fr\/wp-json\/wp\/v2\/users\/2"}],"replies":[{"embeddable":true,"href":"https:\/\/cbie.ca\/fr\/wp-json\/wp\/v2\/comments?post=39901"}],"version-history":[{"count":0,"href":"https:\/\/cbie.ca\/fr\/wp-json\/wp\/v2\/posts\/39901\/revisions"}],"wp:featuredmedia":[{"embeddable":true,"href":"https:\/\/cbie.ca\/fr\/wp-json\/wp\/v2\/media\/39903"}],"wp:attachment":[{"href":"https:\/\/cbie.ca\/fr\/wp-json\/wp\/v2\/media?parent=39901"}],"wp:term":[{"taxonomy":"category","embeddable":true,"href":"https:\/\/cbie.ca\/fr\/wp-json\/wp\/v2\/categories?post=39901"},{"taxonomy":"post_tag","embeddable":true,"href":"https:\/\/cbie.ca\/fr\/wp-json\/wp\/v2\/tags?post=39901"}],"curies":[{"name":"wp","href":"https:\/\/api.w.org\/{rel}","templated":true}]}}