{"id":39577,"date":"2019-07-08T10:41:30","date_gmt":"2019-07-08T14:41:30","guid":{"rendered":"https:\/\/cbieca.wpenginepowered.com\/immigration-advisory-committee-summer-update\/"},"modified":"2020-06-25T10:12:01","modified_gmt":"2020-06-25T14:12:01","slug":"immigration-advisory-committee-summer-update","status":"publish","type":"post","link":"https:\/\/cbie.ca\/fr\/immigration-advisory-committee-summer-update\/","title":{"rendered":"Le point du comit\u00e9 consultatif sur l\u2019immigration \u2013 \u00e9dition d\u2019\u00e9t\u00e9"},"content":{"rendered":"<p><strong>L\u2019expansion \u00e0 l\u2019international des consultations sur le volet direct pour les \u00e9tudes<br \/>\n<\/strong>Les \u00e9tablissements du Canada ont \u00e9t\u00e9 invit\u00e9s \u00e0 faire part de ce qu\u2019ils pensent sur le programme du Volet direct pour les \u00e9tudes et les changements qui pourraient y \u00eatre apport\u00e9s dans son expansion \u00e0 l\u2019international. Voici un r\u00e9sum\u00e9 des r\u00e9ponses aux quatre questions pos\u00e9es. <strong><a href=\"https:\/\/cbie.ca\/wp-content\/uploads\/2019\/07\/CBIE-IAC-Student-Direct-Stream-Feedback-Summary-June-2019.pdf\">Consultez la proposition ici.<\/a><\/strong><\/p>\n<p>IRCC a confirm\u00e9 qu\u2019aucun changement au programme ne sera apport\u00e9 avant les \u00e9lections f\u00e9d\u00e9rales d\u2019automne. Il a aussi \u00e9t\u00e9 confirm\u00e9 que les prochaines \u00e9tapes concernant ce programme comporteraient des consultations plus pouss\u00e9es avec les int\u00e9ress\u00e9s.<\/p>\n<p><strong><br \/>\nLe projet de loi C-97 et le champ d\u2019action des CRIEE<br \/>\n<\/strong>Le comit\u00e9 a r\u00e9dig\u00e9 une note pour IRCC concernant le champ d\u2019action des CRIEE. IRCC y a r\u00e9pondu en confirmant qu\u2019aucun changement ne sera apport\u00e9 au champ d\u2019action des CRIEE en vertu du nouvel organe r\u00e9glementaire propos\u00e9, le Coll\u00e8ge des consultants en immigration et en citoyennet\u00e9. <strong><a href=\"https:\/\/linkprotect.cudasvc.com\/url?a=http%3A%2F%2Fcbie.ca%2ffr%2fmedia%2fpolicy-statements%2f&amp;c=E,1,BJ-DuZFEYA0I12GWU_NDItpRZgfdML3cpQsfPf_0xmUCw6sOU3RoJJ4sMofGUQeB4u_XPGxfTSRtbNRTSPhi87wSa7z1blZ_PMG0KyGZ68obqJ-5Y1PMk2IPpSU,&amp;typo=1\">Consultez le compte-rendu ici<\/a>.\u00a0<\/strong><\/p>\n<p><strong><br \/>\nL\u2019\u00e9valuation des conditions du permis d\u2019\u00e9tudes<br \/>\n<\/strong>Fin-mai, le comit\u00e9 a fait des recommandations \u00e0 IRCC et lui a demand\u00e9 des \u00e9claircissements par l\u2019interm\u00e9diaire d\u2019un compte-rendu sur les changements apport\u00e9s aux lignes directrices li\u00e9es \u00e0 l\u2019ex\u00e9cution du programme. Le comit\u00e9 attend la r\u00e9ponse d\u2019IRCC.\u00a0 <a href=\"https:\/\/linkprotect.cudasvc.com\/url?a=http%3A%2F%2Fcbie.ca%2ffr%2fmedia%2fpolicy-statements%2f&amp;c=E,1,m-zmsz2yu5ZzwvzUwvZKBzcJfs-5QlGFkbTUP8VktjNdaC0ucwQwKMzeybhtfTwot8UpXmNwEBNj2j2nkh5ZicUB4Gcr-DvSmc0EXm0t7S3bkg,,&amp;typo=1\"><strong>Consultez le compte-rendu ici<\/strong><\/a>.<\/p>\n<p><strong><br \/>\nProchains projets<br \/>\n<\/strong>Le comit\u00e9 est en train de r\u00e9diger des comptes-rendus pour IRCC sur les changements apport\u00e9s aux lignes directrices li\u00e9es \u00e0 l\u2019ex\u00e9cution du programme de permis postdipl\u00f4me ainsi que pour faire des recommandations sur le processus de permis de travail coop\u00e9ratif.<\/p>\n<hr \/>\n<p><strong>Nous invitons les personnes qui souhaitent faire part de commentaires au comit\u00e9 sur ces sujets \u00e0 le faire <a href=\"https:\/\/linkprotect.cudasvc.com\/url?a=https%3a%2f%2fsurveys.cbie.ca%2fs3%2fFeedback-for-the-Immigration-Advisory-Committee&amp;c=E,1,BQr6n0FEdAqZbITQ32JrxxvaGCdTaeLtiH28qQkcQgHDAlhZOjp3lOztxtDKAlxCzeHIg-foCV9QwUDqx6MsIEz3txXw2j-UCSXNbsHIclKlvXIPFA,,&amp;typo=1\">ici<\/a>.\u00a0<\/strong><\/p>\n","protected":false},"excerpt":{"rendered":"<p>L\u2019expansion \u00e0 l\u2019international des consultations sur le volet direct pour les \u00e9tudes Les \u00e9tablissements du Canada ont \u00e9t\u00e9 invit\u00e9s \u00e0 faire part de ce qu\u2019ils pensent sur le programme du [&hellip;]<\/p>\n","protected":false},"author":11,"featured_media":41889,"comment_status":"closed","ping_status":"closed","sticky":false,"template":"","format":"standard","meta":{"_acf_changed":false,"footnotes":""},"categories":[75,158],"tags":[],"class_list":["post-39577","post","type-post","status-publish","format-standard","has-post-thumbnail","hentry","category-blogue","category-immigration-fr"],"acf":[],"yoast_head":"<!-- This site is optimized with the Yoast SEO plugin v27.5 - https:\/\/yoast.com\/product\/yoast-seo-wordpress\/ -->\n<title>Le point du comit\u00e9 consultatif sur l\u2019immigration \u2013 \u00e9dition d\u2019\u00e9t\u00e9 - CBIE<\/title>\n<meta name=\"robots\" content=\"index, follow, max-snippet:-1, max-image-preview:large, max-video-preview:-1\" \/>\n<link rel=\"canonical\" href=\"https:\/\/cbie.ca\/fr\/immigration-advisory-committee-summer-update\/\" \/>\n<meta property=\"og:locale\" content=\"fr_FR\" \/>\n<meta property=\"og:type\" content=\"article\" \/>\n<meta property=\"og:title\" content=\"Le point du comit\u00e9 consultatif sur l\u2019immigration \u2013 \u00e9dition d\u2019\u00e9t\u00e9 - CBIE\" \/>\n<meta property=\"og:description\" content=\"L\u2019expansion \u00e0 l\u2019international des consultations sur le volet direct pour les \u00e9tudes Les \u00e9tablissements du Canada ont \u00e9t\u00e9 invit\u00e9s \u00e0 faire part de ce qu\u2019ils pensent sur le programme du [&hellip;]\" \/>\n<meta property=\"og:url\" content=\"https:\/\/cbie.ca\/fr\/immigration-advisory-committee-summer-update\/\" \/>\n<meta property=\"og:site_name\" content=\"CBIE\" \/>\n<meta property=\"article:published_time\" content=\"2019-07-08T14:41:30+00:00\" \/>\n<meta property=\"article:modified_time\" content=\"2020-06-25T14:12:01+00:00\" \/>\n<meta property=\"og:image\" content=\"https:\/\/cbie.ca\/wp-content\/uploads\/2019\/12\/Image-1.jpg\" \/>\n\t<meta property=\"og:image:width\" content=\"1920\" \/>\n\t<meta property=\"og:image:height\" content=\"1080\" \/>\n\t<meta property=\"og:image:type\" content=\"image\/jpeg\" \/>\n<meta name=\"author\" content=\"Melissa Payne\" \/>\n<meta name=\"twitter:card\" content=\"summary_large_image\" \/>\n<meta name=\"twitter:label1\" content=\"\u00c9crit par\" \/>\n\t<meta name=\"twitter:data1\" content=\"Melissa Payne\" \/>\n\t<meta name=\"twitter:label2\" content=\"Dur\u00e9e de lecture estim\u00e9e\" \/>\n\t<meta name=\"twitter:data2\" content=\"2 minutes\" \/>\n<script type=\"application\/ld+json\" class=\"yoast-schema-graph\">{\"@context\":\"https:\\\/\\\/schema.org\",\"@graph\":[{\"@type\":\"Article\",\"@id\":\"https:\\\/\\\/cbie.ca\\\/fr\\\/immigration-advisory-committee-summer-update\\\/#article\",\"isPartOf\":{\"@id\":\"https:\\\/\\\/cbie.ca\\\/fr\\\/immigration-advisory-committee-summer-update\\\/\"},\"author\":{\"name\":\"Melissa Payne\",\"@id\":\"https:\\\/\\\/cbie.ca\\\/#\\\/schema\\\/person\\\/854a54756fee54b7df86b7b916692882\"},\"headline\":\"Le point du comit\u00e9 consultatif sur l\u2019immigration \u2013 \u00e9dition d\u2019\u00e9t\u00e9\",\"datePublished\":\"2019-07-08T14:41:30+00:00\",\"dateModified\":\"2020-06-25T14:12:01+00:00\",\"mainEntityOfPage\":{\"@id\":\"https:\\\/\\\/cbie.ca\\\/fr\\\/immigration-advisory-committee-summer-update\\\/\"},\"wordCount\":311,\"image\":{\"@id\":\"https:\\\/\\\/cbie.ca\\\/fr\\\/immigration-advisory-committee-summer-update\\\/#primaryimage\"},\"thumbnailUrl\":\"https:\\\/\\\/cbie.ca\\\/wp-content\\\/uploads\\\/2019\\\/12\\\/Image-1.jpg\",\"articleSection\":[\"Blogue\",\"Immigration\"],\"inLanguage\":\"fr-FR\"},{\"@type\":\"WebPage\",\"@id\":\"https:\\\/\\\/cbie.ca\\\/fr\\\/immigration-advisory-committee-summer-update\\\/\",\"url\":\"https:\\\/\\\/cbie.ca\\\/fr\\\/immigration-advisory-committee-summer-update\\\/\",\"name\":\"Le point du comit\u00e9 consultatif sur l\u2019immigration \u2013 \u00e9dition d\u2019\u00e9t\u00e9 - CBIE\",\"isPartOf\":{\"@id\":\"https:\\\/\\\/cbie.ca\\\/#website\"},\"primaryImageOfPage\":{\"@id\":\"https:\\\/\\\/cbie.ca\\\/fr\\\/immigration-advisory-committee-summer-update\\\/#primaryimage\"},\"image\":{\"@id\":\"https:\\\/\\\/cbie.ca\\\/fr\\\/immigration-advisory-committee-summer-update\\\/#primaryimage\"},\"thumbnailUrl\":\"https:\\\/\\\/cbie.ca\\\/wp-content\\\/uploads\\\/2019\\\/12\\\/Image-1.jpg\",\"datePublished\":\"2019-07-08T14:41:30+00:00\",\"dateModified\":\"2020-06-25T14:12:01+00:00\",\"author\":{\"@id\":\"https:\\\/\\\/cbie.ca\\\/#\\\/schema\\\/person\\\/854a54756fee54b7df86b7b916692882\"},\"breadcrumb\":{\"@id\":\"https:\\\/\\\/cbie.ca\\\/fr\\\/immigration-advisory-committee-summer-update\\\/#breadcrumb\"},\"inLanguage\":\"fr-FR\",\"potentialAction\":[{\"@type\":\"ReadAction\",\"target\":[\"https:\\\/\\\/cbie.ca\\\/fr\\\/immigration-advisory-committee-summer-update\\\/\"]}]},{\"@type\":\"ImageObject\",\"inLanguage\":\"fr-FR\",\"@id\":\"https:\\\/\\\/cbie.ca\\\/fr\\\/immigration-advisory-committee-summer-update\\\/#primaryimage\",\"url\":\"https:\\\/\\\/cbie.ca\\\/wp-content\\\/uploads\\\/2019\\\/12\\\/Image-1.jpg\",\"contentUrl\":\"https:\\\/\\\/cbie.ca\\\/wp-content\\\/uploads\\\/2019\\\/12\\\/Image-1.jpg\",\"width\":1920,\"height\":1080},{\"@type\":\"BreadcrumbList\",\"@id\":\"https:\\\/\\\/cbie.ca\\\/fr\\\/immigration-advisory-committee-summer-update\\\/#breadcrumb\",\"itemListElement\":[{\"@type\":\"ListItem\",\"position\":1,\"name\":\"Home\",\"item\":\"https:\\\/\\\/cbie.ca\\\/fr\\\/\"},{\"@type\":\"ListItem\",\"position\":2,\"name\":\"Le point du comit\u00e9 consultatif sur l\u2019immigration \u2013 \u00e9dition d\u2019\u00e9t\u00e9\"}]},{\"@type\":\"WebSite\",\"@id\":\"https:\\\/\\\/cbie.ca\\\/#website\",\"url\":\"https:\\\/\\\/cbie.ca\\\/\",\"name\":\"Canadian Bureau for International Education\",\"description\":\"\",\"potentialAction\":[{\"@type\":\"SearchAction\",\"target\":{\"@type\":\"EntryPoint\",\"urlTemplate\":\"https:\\\/\\\/cbie.ca\\\/?s={search_term_string}\"},\"query-input\":{\"@type\":\"PropertyValueSpecification\",\"valueRequired\":true,\"valueName\":\"search_term_string\"}}],\"inLanguage\":\"fr-FR\"},{\"@type\":\"Person\",\"@id\":\"https:\\\/\\\/cbie.ca\\\/#\\\/schema\\\/person\\\/854a54756fee54b7df86b7b916692882\",\"name\":\"Melissa Payne\",\"image\":{\"@type\":\"ImageObject\",\"inLanguage\":\"fr-FR\",\"@id\":\"https:\\\/\\\/secure.gravatar.com\\\/avatar\\\/12e9efe7693591f27461a1d3163daab2041397136fbed8dedb578b5715b725ce?s=96&d=mm&r=g\",\"url\":\"https:\\\/\\\/secure.gravatar.com\\\/avatar\\\/12e9efe7693591f27461a1d3163daab2041397136fbed8dedb578b5715b725ce?s=96&d=mm&r=g\",\"contentUrl\":\"https:\\\/\\\/secure.gravatar.com\\\/avatar\\\/12e9efe7693591f27461a1d3163daab2041397136fbed8dedb578b5715b725ce?s=96&d=mm&r=g\",\"caption\":\"Melissa Payne\"},\"url\":\"https:\\\/\\\/cbie.ca\\\/fr\\\/author\\\/mpayne\\\/\"}]}<\/script>\n<!-- \/ Yoast SEO plugin. -->","yoast_head_json":{"title":"Le point du comit\u00e9 consultatif sur l\u2019immigration \u2013 \u00e9dition d\u2019\u00e9t\u00e9 - CBIE","robots":{"index":"index","follow":"follow","max-snippet":"max-snippet:-1","max-image-preview":"max-image-preview:large","max-video-preview":"max-video-preview:-1"},"canonical":"https:\/\/cbie.ca\/fr\/immigration-advisory-committee-summer-update\/","og_locale":"fr_FR","og_type":"article","og_title":"Le point du comit\u00e9 consultatif sur l\u2019immigration \u2013 \u00e9dition d\u2019\u00e9t\u00e9 - CBIE","og_description":"L\u2019expansion \u00e0 l\u2019international des consultations sur le volet direct pour les \u00e9tudes Les \u00e9tablissements du Canada ont \u00e9t\u00e9 invit\u00e9s \u00e0 faire part de ce qu\u2019ils pensent sur le programme du [&hellip;]","og_url":"https:\/\/cbie.ca\/fr\/immigration-advisory-committee-summer-update\/","og_site_name":"CBIE","article_published_time":"2019-07-08T14:41:30+00:00","article_modified_time":"2020-06-25T14:12:01+00:00","og_image":[{"width":1920,"height":1080,"url":"https:\/\/cbie.ca\/wp-content\/uploads\/2019\/12\/Image-1.jpg","type":"image\/jpeg"}],"author":"Melissa Payne","twitter_card":"summary_large_image","twitter_misc":{"\u00c9crit par":"Melissa Payne","Dur\u00e9e de lecture estim\u00e9e":"2 minutes"},"schema":{"@context":"https:\/\/schema.org","@graph":[{"@type":"Article","@id":"https:\/\/cbie.ca\/fr\/immigration-advisory-committee-summer-update\/#article","isPartOf":{"@id":"https:\/\/cbie.ca\/fr\/immigration-advisory-committee-summer-update\/"},"author":{"name":"Melissa Payne","@id":"https:\/\/cbie.ca\/#\/schema\/person\/854a54756fee54b7df86b7b916692882"},"headline":"Le point du comit\u00e9 consultatif sur l\u2019immigration \u2013 \u00e9dition d\u2019\u00e9t\u00e9","datePublished":"2019-07-08T14:41:30+00:00","dateModified":"2020-06-25T14:12:01+00:00","mainEntityOfPage":{"@id":"https:\/\/cbie.ca\/fr\/immigration-advisory-committee-summer-update\/"},"wordCount":311,"image":{"@id":"https:\/\/cbie.ca\/fr\/immigration-advisory-committee-summer-update\/#primaryimage"},"thumbnailUrl":"https:\/\/cbie.ca\/wp-content\/uploads\/2019\/12\/Image-1.jpg","articleSection":["Blogue","Immigration"],"inLanguage":"fr-FR"},{"@type":"WebPage","@id":"https:\/\/cbie.ca\/fr\/immigration-advisory-committee-summer-update\/","url":"https:\/\/cbie.ca\/fr\/immigration-advisory-committee-summer-update\/","name":"Le point du comit\u00e9 consultatif sur l\u2019immigration \u2013 \u00e9dition d\u2019\u00e9t\u00e9 - CBIE","isPartOf":{"@id":"https:\/\/cbie.ca\/#website"},"primaryImageOfPage":{"@id":"https:\/\/cbie.ca\/fr\/immigration-advisory-committee-summer-update\/#primaryimage"},"image":{"@id":"https:\/\/cbie.ca\/fr\/immigration-advisory-committee-summer-update\/#primaryimage"},"thumbnailUrl":"https:\/\/cbie.ca\/wp-content\/uploads\/2019\/12\/Image-1.jpg","datePublished":"2019-07-08T14:41:30+00:00","dateModified":"2020-06-25T14:12:01+00:00","author":{"@id":"https:\/\/cbie.ca\/#\/schema\/person\/854a54756fee54b7df86b7b916692882"},"breadcrumb":{"@id":"https:\/\/cbie.ca\/fr\/immigration-advisory-committee-summer-update\/#breadcrumb"},"inLanguage":"fr-FR","potentialAction":[{"@type":"ReadAction","target":["https:\/\/cbie.ca\/fr\/immigration-advisory-committee-summer-update\/"]}]},{"@type":"ImageObject","inLanguage":"fr-FR","@id":"https:\/\/cbie.ca\/fr\/immigration-advisory-committee-summer-update\/#primaryimage","url":"https:\/\/cbie.ca\/wp-content\/uploads\/2019\/12\/Image-1.jpg","contentUrl":"https:\/\/cbie.ca\/wp-content\/uploads\/2019\/12\/Image-1.jpg","width":1920,"height":1080},{"@type":"BreadcrumbList","@id":"https:\/\/cbie.ca\/fr\/immigration-advisory-committee-summer-update\/#breadcrumb","itemListElement":[{"@type":"ListItem","position":1,"name":"Home","item":"https:\/\/cbie.ca\/fr\/"},{"@type":"ListItem","position":2,"name":"Le point du comit\u00e9 consultatif sur l\u2019immigration \u2013 \u00e9dition d\u2019\u00e9t\u00e9"}]},{"@type":"WebSite","@id":"https:\/\/cbie.ca\/#website","url":"https:\/\/cbie.ca\/","name":"Canadian Bureau for International Education","description":"","potentialAction":[{"@type":"SearchAction","target":{"@type":"EntryPoint","urlTemplate":"https:\/\/cbie.ca\/?s={search_term_string}"},"query-input":{"@type":"PropertyValueSpecification","valueRequired":true,"valueName":"search_term_string"}}],"inLanguage":"fr-FR"},{"@type":"Person","@id":"https:\/\/cbie.ca\/#\/schema\/person\/854a54756fee54b7df86b7b916692882","name":"Melissa Payne","image":{"@type":"ImageObject","inLanguage":"fr-FR","@id":"https:\/\/secure.gravatar.com\/avatar\/12e9efe7693591f27461a1d3163daab2041397136fbed8dedb578b5715b725ce?s=96&d=mm&r=g","url":"https:\/\/secure.gravatar.com\/avatar\/12e9efe7693591f27461a1d3163daab2041397136fbed8dedb578b5715b725ce?s=96&d=mm&r=g","contentUrl":"https:\/\/secure.gravatar.com\/avatar\/12e9efe7693591f27461a1d3163daab2041397136fbed8dedb578b5715b725ce?s=96&d=mm&r=g","caption":"Melissa Payne"},"url":"https:\/\/cbie.ca\/fr\/author\/mpayne\/"}]}},"_links":{"self":[{"href":"https:\/\/cbie.ca\/fr\/wp-json\/wp\/v2\/posts\/39577","targetHints":{"allow":["GET"]}}],"collection":[{"href":"https:\/\/cbie.ca\/fr\/wp-json\/wp\/v2\/posts"}],"about":[{"href":"https:\/\/cbie.ca\/fr\/wp-json\/wp\/v2\/types\/post"}],"author":[{"embeddable":true,"href":"https:\/\/cbie.ca\/fr\/wp-json\/wp\/v2\/users\/11"}],"replies":[{"embeddable":true,"href":"https:\/\/cbie.ca\/fr\/wp-json\/wp\/v2\/comments?post=39577"}],"version-history":[{"count":0,"href":"https:\/\/cbie.ca\/fr\/wp-json\/wp\/v2\/posts\/39577\/revisions"}],"wp:featuredmedia":[{"embeddable":true,"href":"https:\/\/cbie.ca\/fr\/wp-json\/wp\/v2\/media\/41889"}],"wp:attachment":[{"href":"https:\/\/cbie.ca\/fr\/wp-json\/wp\/v2\/media?parent=39577"}],"wp:term":[{"taxonomy":"category","embeddable":true,"href":"https:\/\/cbie.ca\/fr\/wp-json\/wp\/v2\/categories?post=39577"},{"taxonomy":"post_tag","embeddable":true,"href":"https:\/\/cbie.ca\/fr\/wp-json\/wp\/v2\/tags?post=39577"}],"curies":[{"name":"wp","href":"https:\/\/api.w.org\/{rel}","templated":true}]}}