{"id":34517,"date":"2018-11-26T09:15:25","date_gmt":"2018-11-26T14:15:25","guid":{"rendered":"https:\/\/cbieca.wpenginepowered.com\/?p=34517"},"modified":"2018-11-26T10:50:16","modified_gmt":"2018-11-26T15:50:16","slug":"le-bureau-canadien-de-leducation-internationale-bcei-nomme-un-nouveau-president-a-son-conseil-dadministration","status":"publish","type":"post","link":"https:\/\/cbie.ca\/fr\/le-bureau-canadien-de-leducation-internationale-bcei-nomme-un-nouveau-president-a-son-conseil-dadministration\/","title":{"rendered":"Le Bureau canadien de l\u2019\u00e9ducation internationale (BCEI) nomme un nouveau pr\u00e9sident \u00e0 son conseil d\u2019administration"},"content":{"rendered":"<p><strong>Ottawa, le 26 novembre 2018 \u2013<\/strong> Le BCEI a le grand plaisir d\u2019annoncer la nomination d\u2019un nouveau pr\u00e9sident \u00e0 son conseil d\u2019administration : Robert Summerby-Murray, pr\u00e9sident de la Saint-Mary\u2019s University. M. Summerby-Murray a d\u2019abord \u00e9t\u00e9 nomm\u00e9 au CA en janvier 2018 o\u00f9 il a si\u00e9g\u00e9 au comit\u00e9 ex\u00e9cutif et \u00e0 la pr\u00e9sidence du comit\u00e9 de gouvernance.<\/p>\n<p>\u00ab Rob Summerby-Murray est reconnu comme leader canadien de l\u2019\u00e9ducation internationale, d\u00e9clare David Ross, pr\u00e9sident sortant du CA. Sous sa direction, la Saint-Mary\u2019s University s\u2019est distingu\u00e9e comme l\u2019une des universit\u00e9s du Canada les plus tourn\u00e9es sur le monde. Gr\u00e2ce aux partenariats solides qu\u2019il a forg\u00e9s avec des \u00e9tablissements d\u2019enseignement sup\u00e9rieur dans le monde et \u00e0 son engagement personnel envers l\u2019ouverture sur le monde, son exp\u00e9rience sera des plus pr\u00e9cieuses pour le BCEI. \u00bb<\/p>\n<p>N\u00e9 \u00e0 Christchurch, en Nouvelle-Z\u00e9lande, M. Summerby-Murray a re\u00e7u son doctorat de g\u00e9ographie de la University of Toronto en 1992. \u00c9ducateur r\u00e9compens\u00e9, M. Summerby-Murray est administrateur acad\u00e9mique d\u2019exp\u00e9rience et d\u00e9fenseur des \u00e9tudes sup\u00e9rieures. Il si\u00e8ge \u00e0 des conseils publics et priv\u00e9s, notamment le Junior Achievement of Nova Scotia, le Business-Education Council et le conseil consultatif du Order of Nova Scotia. En mai 2018, il a \u00e9t\u00e9 nomm\u00e9 l\u2019un des 50 meilleurs PDG du Atlantic Canada Business Magazine.<\/p>\n<p>\u00ab J\u2019ai bien h\u00e2te de travailler avec M. Summerby-Murray pendant les deux prochaines ann\u00e9es \u00e0 titre de nouveau pr\u00e9sident du CA, d\u00e9clare Larissa Bezo, pr\u00e9sidente et chef de la direction par int\u00e9rim du BCEI. Il apporte une longue exp\u00e9rience qui \u00e9clairera sous de nouveaux angles les bienfaits et difficult\u00e9s de l\u2019internationalisation et nous placera en bonne position pour promouvoir l\u2019\u00e9ducation mondiale pour de plus en plus de jeunes Canadiens. \u00bb<\/p>\n<p>\u00ab Je suis tr\u00e8s heureux d\u2019assumer le r\u00f4le de pr\u00e9sident du CA du BCEI, affirme M. Summerby-Murray. J\u2019ai h\u00e2te de travailler avec l\u2019\u00e9quipe ex\u00e9cutive du BCEI et de diriger son CA pour faire avancer les efforts \u00e0 mettre le d\u00e9fi de l\u2019engagement mondial du Canada \u00e0 l\u2019ordre du jour du gouvernement et du secteur priv\u00e9, et \u00e0 faire avancer le r\u00f4le des jeunes dans la rel\u00e8ve de ce d\u00e9fi. \u00bb<\/p>\n<p>Le Bureau canadien de l\u2019\u00e9ducation internationale est l\u2019organisation nationale du Canada qui se consacre \u00e0 l\u2019internationalisation de l\u2019\u00e9ducation et \u00e0 l\u2019expansion des partenariats d\u2019\u00e9ducation entre le Canada et les pays du monde. Les membres du BCEI sont r\u00e9partis au Canada et comprennent 150 coll\u00e8ges, instituts, c\u00e9geps, universit\u00e9s, conseils et commissions scolaires et \u00e9coles de langues.<\/p>\n<p><strong>Contact pour les m\u00e9dias :<\/strong><br \/>\nLorraine Hudson<br \/>\nAgente de communication<br \/>\n<a href=\"mailto:communication@cbie.ca\" target=\"_blank\" rel=\"noopener\">communication@cbie.ca<\/a><br \/>\n613-237-4830, poste 341<br \/>\n<a href=\"https:\/\/cbie.ca\/\" target=\"_blank\" rel=\"noopener\">www.cbie.ca<\/a><\/p>\n<p>Cale Loney<br \/>\nAgent de communication<br \/>\n<a href=\"mailto:cale.loney@smu.ca\" target=\"_blank\" rel=\"noopener\">cale.loney@smu.ca<\/a><br \/>\n902-420-5051<br \/>\n<a href=\"https:\/\/smu.ca\/\" target=\"_blank\" rel=\"noopener\">smu.ca<\/a><\/p>\n<p><strong>Conseil d\u2019administration 2019 du BCEI<\/strong><\/p>\n<ul>\n<li><strong>Pr\u00e9sident<\/strong> : Robert Summerby-Murray, pr\u00e9sident, Saint-Mary\u2019s University<\/li>\n<li><strong>Pr\u00e9sident sortant<\/strong> : David Ross, PDG, SAIT<\/li>\n<li><strong>Tr\u00e9sorier<\/strong> : Roy Daykin, directeur financier et vice-pr\u00e9sident des services d\u2019entreprise, SAIT<\/li>\n<li>Livia Castellanos, vice-pr\u00e9sidente associ\u00e9e (International) et directrice internationale, UR International, University of Regina<\/li>\n<li>Patricia Gartland, superintendante des \u00e9coles, School District No. 43 (Coquitlam)<\/li>\n<li>Sean Kennedy, vice-pr\u00e9sident, relations externes et avec les \u00e9tudiants, Niagara College<\/li>\n<li>Guy Lefebvre, vice-recteur aux relations internationales et \u00e0 la Francophonie, Universit\u00e9 de Montr\u00e9al<\/li>\n<li>Jean-Paul Loyer, directeur g\u00e9n\u00e9ral, direction g\u00e9n\u00e9rale de la gestion strat\u00e9gique de l\u2019effectif \u00e9tudiant, Universit\u00e9 de Moncton<\/li>\n<li>Kathy O\u2019Brien, vice-pr\u00e9sidente principale, strat\u00e9gie, communication et avancement, St. Lawrence College<\/li>\n<li>Carolyn Russell, directrice, recrutement des \u00e9tudiants et engagement mondial, University of Victoria<\/li>\n<li>Anver Saloojee, vice-pr\u00e9sident adjoint, International, Ryerson University<\/li>\n<li>Sylvain St-Amand, directeur du service des relations internationales, Universit\u00e9 du Qu\u00e9bec \u00e0 Montr\u00e9al<\/li>\n<li>Jerry Wang, directeur associ\u00e9, relations internationales, University of Prince Edward Island<\/li>\n<li>Daniel Weeks, pr\u00e9sident et vice-chancelier, UNBC<\/li>\n<li>Geoff Wilmshurst, vice-pr\u00e9sident des partenariats, Camosun College<\/li>\n<\/ul>\n","protected":false},"excerpt":{"rendered":"<p>Ottawa, le 26 novembre 2018 \u2013 Le BCEI a le grand plaisir d\u2019annoncer la nomination d\u2019un nouveau pr\u00e9sident \u00e0 son conseil d\u2019administration : Robert Summerby-Murray, pr\u00e9sident de la Saint-Mary\u2019s University. [&hellip;]<\/p>\n","protected":false},"author":11,"featured_media":34516,"comment_status":"closed","ping_status":"closed","sticky":false,"template":"","format":"standard","meta":{"_acf_changed":false,"footnotes":""},"categories":[82],"tags":[],"class_list":["post-34517","post","type-post","status-publish","format-standard","has-post-thumbnail","hentry","category-press-releases-fr"],"acf":[],"yoast_head":"<!-- This site is optimized with the Yoast SEO plugin v27.5 - https:\/\/yoast.com\/product\/yoast-seo-wordpress\/ -->\n<title>Le Bureau canadien de l\u2019\u00e9ducation internationale (BCEI) nomme un nouveau pr\u00e9sident \u00e0 son conseil d\u2019administration - CBIE<\/title>\n<meta name=\"robots\" content=\"index, follow, max-snippet:-1, max-image-preview:large, max-video-preview:-1\" \/>\n<link rel=\"canonical\" href=\"https:\/\/cbie.ca\/canadian-bureau-for-international-education-cbie-appoints-new-board-chair\/\" \/>\n<meta property=\"og:locale\" content=\"fr_FR\" \/>\n<meta property=\"og:type\" content=\"article\" \/>\n<meta property=\"og:title\" content=\"Le Bureau canadien de l\u2019\u00e9ducation internationale (BCEI) nomme un nouveau pr\u00e9sident \u00e0 son conseil d\u2019administration - CBIE\" \/>\n<meta property=\"og:description\" content=\"Ottawa, le 26 novembre 2018 \u2013 Le BCEI a le grand plaisir d\u2019annoncer la nomination d\u2019un nouveau pr\u00e9sident \u00e0 son conseil d\u2019administration : Robert Summerby-Murray, pr\u00e9sident de la Saint-Mary\u2019s University. [&hellip;]\" \/>\n<meta property=\"og:url\" content=\"https:\/\/cbie.ca\/canadian-bureau-for-international-education-cbie-appoints-new-board-chair\/\" \/>\n<meta property=\"og:site_name\" content=\"CBIE\" \/>\n<meta property=\"article:published_time\" content=\"2018-11-26T14:15:25+00:00\" \/>\n<meta property=\"article:modified_time\" content=\"2018-11-26T15:50:16+00:00\" \/>\n<meta property=\"og:image\" content=\"https:\/\/cbie.ca\/wp-content\/uploads\/2018\/11\/RSM_headshot_CBIE_2018.jpg\" \/>\n\t<meta property=\"og:image:width\" content=\"2560\" \/>\n\t<meta property=\"og:image:height\" content=\"1707\" \/>\n\t<meta property=\"og:image:type\" content=\"image\/jpeg\" \/>\n<meta name=\"author\" content=\"Melissa Payne\" \/>\n<meta name=\"twitter:card\" content=\"summary_large_image\" \/>\n<meta name=\"twitter:label1\" content=\"\u00c9crit par\" \/>\n\t<meta name=\"twitter:data1\" content=\"Melissa Payne\" \/>\n\t<meta name=\"twitter:label2\" content=\"Dur\u00e9e de lecture estim\u00e9e\" \/>\n\t<meta name=\"twitter:data2\" content=\"3 minutes\" \/>\n<script type=\"application\/ld+json\" class=\"yoast-schema-graph\">{\"@context\":\"https:\\\/\\\/schema.org\",\"@graph\":[{\"@type\":\"Article\",\"@id\":\"https:\\\/\\\/cbie.ca\\\/canadian-bureau-for-international-education-cbie-appoints-new-board-chair\\\/#article\",\"isPartOf\":{\"@id\":\"https:\\\/\\\/cbie.ca\\\/canadian-bureau-for-international-education-cbie-appoints-new-board-chair\\\/\"},\"author\":{\"name\":\"Melissa Payne\",\"@id\":\"https:\\\/\\\/cbie.ca\\\/#\\\/schema\\\/person\\\/854a54756fee54b7df86b7b916692882\"},\"headline\":\"Le Bureau canadien de l\u2019\u00e9ducation internationale (BCEI) nomme un nouveau pr\u00e9sident \u00e0 son conseil d\u2019administration\",\"datePublished\":\"2018-11-26T14:15:25+00:00\",\"dateModified\":\"2018-11-26T15:50:16+00:00\",\"mainEntityOfPage\":{\"@id\":\"https:\\\/\\\/cbie.ca\\\/canadian-bureau-for-international-education-cbie-appoints-new-board-chair\\\/\"},\"wordCount\":678,\"image\":{\"@id\":\"https:\\\/\\\/cbie.ca\\\/canadian-bureau-for-international-education-cbie-appoints-new-board-chair\\\/#primaryimage\"},\"thumbnailUrl\":\"https:\\\/\\\/cbie.ca\\\/wp-content\\\/uploads\\\/2018\\\/11\\\/RSM_headshot_CBIE_2018.jpg\",\"articleSection\":[\"Communiqu\u00e9\"],\"inLanguage\":\"fr-FR\"},{\"@type\":\"WebPage\",\"@id\":\"https:\\\/\\\/cbie.ca\\\/canadian-bureau-for-international-education-cbie-appoints-new-board-chair\\\/\",\"url\":\"https:\\\/\\\/cbie.ca\\\/canadian-bureau-for-international-education-cbie-appoints-new-board-chair\\\/\",\"name\":\"Le Bureau canadien de l\u2019\u00e9ducation internationale (BCEI) nomme un nouveau pr\u00e9sident \u00e0 son conseil d\u2019administration - CBIE\",\"isPartOf\":{\"@id\":\"https:\\\/\\\/cbie.ca\\\/#website\"},\"primaryImageOfPage\":{\"@id\":\"https:\\\/\\\/cbie.ca\\\/canadian-bureau-for-international-education-cbie-appoints-new-board-chair\\\/#primaryimage\"},\"image\":{\"@id\":\"https:\\\/\\\/cbie.ca\\\/canadian-bureau-for-international-education-cbie-appoints-new-board-chair\\\/#primaryimage\"},\"thumbnailUrl\":\"https:\\\/\\\/cbie.ca\\\/wp-content\\\/uploads\\\/2018\\\/11\\\/RSM_headshot_CBIE_2018.jpg\",\"datePublished\":\"2018-11-26T14:15:25+00:00\",\"dateModified\":\"2018-11-26T15:50:16+00:00\",\"author\":{\"@id\":\"https:\\\/\\\/cbie.ca\\\/#\\\/schema\\\/person\\\/854a54756fee54b7df86b7b916692882\"},\"breadcrumb\":{\"@id\":\"https:\\\/\\\/cbie.ca\\\/canadian-bureau-for-international-education-cbie-appoints-new-board-chair\\\/#breadcrumb\"},\"inLanguage\":\"fr-FR\",\"potentialAction\":[{\"@type\":\"ReadAction\",\"target\":[\"https:\\\/\\\/cbie.ca\\\/canadian-bureau-for-international-education-cbie-appoints-new-board-chair\\\/\"]}]},{\"@type\":\"ImageObject\",\"inLanguage\":\"fr-FR\",\"@id\":\"https:\\\/\\\/cbie.ca\\\/canadian-bureau-for-international-education-cbie-appoints-new-board-chair\\\/#primaryimage\",\"url\":\"https:\\\/\\\/cbie.ca\\\/wp-content\\\/uploads\\\/2018\\\/11\\\/RSM_headshot_CBIE_2018.jpg\",\"contentUrl\":\"https:\\\/\\\/cbie.ca\\\/wp-content\\\/uploads\\\/2018\\\/11\\\/RSM_headshot_CBIE_2018.jpg\",\"width\":2560,\"height\":1707,\"caption\":\"November 21, 2018 - Saint Mary's University President Dr. Robert Summerby-Murray. PHOTO BY DAVE CHAN\"},{\"@type\":\"BreadcrumbList\",\"@id\":\"https:\\\/\\\/cbie.ca\\\/canadian-bureau-for-international-education-cbie-appoints-new-board-chair\\\/#breadcrumb\",\"itemListElement\":[{\"@type\":\"ListItem\",\"position\":1,\"name\":\"Home\",\"item\":\"https:\\\/\\\/cbie.ca\\\/fr\\\/\"},{\"@type\":\"ListItem\",\"position\":2,\"name\":\"Le Bureau canadien de l\u2019\u00e9ducation internationale (BCEI) nomme un nouveau pr\u00e9sident \u00e0 son conseil d\u2019administration\"}]},{\"@type\":\"WebSite\",\"@id\":\"https:\\\/\\\/cbie.ca\\\/#website\",\"url\":\"https:\\\/\\\/cbie.ca\\\/\",\"name\":\"Canadian Bureau for International Education\",\"description\":\"\",\"potentialAction\":[{\"@type\":\"SearchAction\",\"target\":{\"@type\":\"EntryPoint\",\"urlTemplate\":\"https:\\\/\\\/cbie.ca\\\/?s={search_term_string}\"},\"query-input\":{\"@type\":\"PropertyValueSpecification\",\"valueRequired\":true,\"valueName\":\"search_term_string\"}}],\"inLanguage\":\"fr-FR\"},{\"@type\":\"Person\",\"@id\":\"https:\\\/\\\/cbie.ca\\\/#\\\/schema\\\/person\\\/854a54756fee54b7df86b7b916692882\",\"name\":\"Melissa Payne\",\"image\":{\"@type\":\"ImageObject\",\"inLanguage\":\"fr-FR\",\"@id\":\"https:\\\/\\\/secure.gravatar.com\\\/avatar\\\/12e9efe7693591f27461a1d3163daab2041397136fbed8dedb578b5715b725ce?s=96&d=mm&r=g\",\"url\":\"https:\\\/\\\/secure.gravatar.com\\\/avatar\\\/12e9efe7693591f27461a1d3163daab2041397136fbed8dedb578b5715b725ce?s=96&d=mm&r=g\",\"contentUrl\":\"https:\\\/\\\/secure.gravatar.com\\\/avatar\\\/12e9efe7693591f27461a1d3163daab2041397136fbed8dedb578b5715b725ce?s=96&d=mm&r=g\",\"caption\":\"Melissa Payne\"},\"url\":\"https:\\\/\\\/cbie.ca\\\/fr\\\/author\\\/mpayne\\\/\"}]}<\/script>\n<!-- \/ Yoast SEO plugin. -->","yoast_head_json":{"title":"Le Bureau canadien de l\u2019\u00e9ducation internationale (BCEI) nomme un nouveau pr\u00e9sident \u00e0 son conseil d\u2019administration - CBIE","robots":{"index":"index","follow":"follow","max-snippet":"max-snippet:-1","max-image-preview":"max-image-preview:large","max-video-preview":"max-video-preview:-1"},"canonical":"https:\/\/cbie.ca\/canadian-bureau-for-international-education-cbie-appoints-new-board-chair\/","og_locale":"fr_FR","og_type":"article","og_title":"Le Bureau canadien de l\u2019\u00e9ducation internationale (BCEI) nomme un nouveau pr\u00e9sident \u00e0 son conseil d\u2019administration - CBIE","og_description":"Ottawa, le 26 novembre 2018 \u2013 Le BCEI a le grand plaisir d\u2019annoncer la nomination d\u2019un nouveau pr\u00e9sident \u00e0 son conseil d\u2019administration : Robert Summerby-Murray, pr\u00e9sident de la Saint-Mary\u2019s University. [&hellip;]","og_url":"https:\/\/cbie.ca\/canadian-bureau-for-international-education-cbie-appoints-new-board-chair\/","og_site_name":"CBIE","article_published_time":"2018-11-26T14:15:25+00:00","article_modified_time":"2018-11-26T15:50:16+00:00","og_image":[{"width":2560,"height":1707,"url":"https:\/\/cbie.ca\/wp-content\/uploads\/2018\/11\/RSM_headshot_CBIE_2018.jpg","type":"image\/jpeg"}],"author":"Melissa Payne","twitter_card":"summary_large_image","twitter_misc":{"\u00c9crit par":"Melissa Payne","Dur\u00e9e de lecture estim\u00e9e":"3 minutes"},"schema":{"@context":"https:\/\/schema.org","@graph":[{"@type":"Article","@id":"https:\/\/cbie.ca\/canadian-bureau-for-international-education-cbie-appoints-new-board-chair\/#article","isPartOf":{"@id":"https:\/\/cbie.ca\/canadian-bureau-for-international-education-cbie-appoints-new-board-chair\/"},"author":{"name":"Melissa Payne","@id":"https:\/\/cbie.ca\/#\/schema\/person\/854a54756fee54b7df86b7b916692882"},"headline":"Le Bureau canadien de l\u2019\u00e9ducation internationale (BCEI) nomme un nouveau pr\u00e9sident \u00e0 son conseil d\u2019administration","datePublished":"2018-11-26T14:15:25+00:00","dateModified":"2018-11-26T15:50:16+00:00","mainEntityOfPage":{"@id":"https:\/\/cbie.ca\/canadian-bureau-for-international-education-cbie-appoints-new-board-chair\/"},"wordCount":678,"image":{"@id":"https:\/\/cbie.ca\/canadian-bureau-for-international-education-cbie-appoints-new-board-chair\/#primaryimage"},"thumbnailUrl":"https:\/\/cbie.ca\/wp-content\/uploads\/2018\/11\/RSM_headshot_CBIE_2018.jpg","articleSection":["Communiqu\u00e9"],"inLanguage":"fr-FR"},{"@type":"WebPage","@id":"https:\/\/cbie.ca\/canadian-bureau-for-international-education-cbie-appoints-new-board-chair\/","url":"https:\/\/cbie.ca\/canadian-bureau-for-international-education-cbie-appoints-new-board-chair\/","name":"Le Bureau canadien de l\u2019\u00e9ducation internationale (BCEI) nomme un nouveau pr\u00e9sident \u00e0 son conseil d\u2019administration - CBIE","isPartOf":{"@id":"https:\/\/cbie.ca\/#website"},"primaryImageOfPage":{"@id":"https:\/\/cbie.ca\/canadian-bureau-for-international-education-cbie-appoints-new-board-chair\/#primaryimage"},"image":{"@id":"https:\/\/cbie.ca\/canadian-bureau-for-international-education-cbie-appoints-new-board-chair\/#primaryimage"},"thumbnailUrl":"https:\/\/cbie.ca\/wp-content\/uploads\/2018\/11\/RSM_headshot_CBIE_2018.jpg","datePublished":"2018-11-26T14:15:25+00:00","dateModified":"2018-11-26T15:50:16+00:00","author":{"@id":"https:\/\/cbie.ca\/#\/schema\/person\/854a54756fee54b7df86b7b916692882"},"breadcrumb":{"@id":"https:\/\/cbie.ca\/canadian-bureau-for-international-education-cbie-appoints-new-board-chair\/#breadcrumb"},"inLanguage":"fr-FR","potentialAction":[{"@type":"ReadAction","target":["https:\/\/cbie.ca\/canadian-bureau-for-international-education-cbie-appoints-new-board-chair\/"]}]},{"@type":"ImageObject","inLanguage":"fr-FR","@id":"https:\/\/cbie.ca\/canadian-bureau-for-international-education-cbie-appoints-new-board-chair\/#primaryimage","url":"https:\/\/cbie.ca\/wp-content\/uploads\/2018\/11\/RSM_headshot_CBIE_2018.jpg","contentUrl":"https:\/\/cbie.ca\/wp-content\/uploads\/2018\/11\/RSM_headshot_CBIE_2018.jpg","width":2560,"height":1707,"caption":"November 21, 2018 - Saint Mary's University President Dr. Robert Summerby-Murray. PHOTO BY DAVE CHAN"},{"@type":"BreadcrumbList","@id":"https:\/\/cbie.ca\/canadian-bureau-for-international-education-cbie-appoints-new-board-chair\/#breadcrumb","itemListElement":[{"@type":"ListItem","position":1,"name":"Home","item":"https:\/\/cbie.ca\/fr\/"},{"@type":"ListItem","position":2,"name":"Le Bureau canadien de l\u2019\u00e9ducation internationale (BCEI) nomme un nouveau pr\u00e9sident \u00e0 son conseil d\u2019administration"}]},{"@type":"WebSite","@id":"https:\/\/cbie.ca\/#website","url":"https:\/\/cbie.ca\/","name":"Canadian Bureau for International Education","description":"","potentialAction":[{"@type":"SearchAction","target":{"@type":"EntryPoint","urlTemplate":"https:\/\/cbie.ca\/?s={search_term_string}"},"query-input":{"@type":"PropertyValueSpecification","valueRequired":true,"valueName":"search_term_string"}}],"inLanguage":"fr-FR"},{"@type":"Person","@id":"https:\/\/cbie.ca\/#\/schema\/person\/854a54756fee54b7df86b7b916692882","name":"Melissa Payne","image":{"@type":"ImageObject","inLanguage":"fr-FR","@id":"https:\/\/secure.gravatar.com\/avatar\/12e9efe7693591f27461a1d3163daab2041397136fbed8dedb578b5715b725ce?s=96&d=mm&r=g","url":"https:\/\/secure.gravatar.com\/avatar\/12e9efe7693591f27461a1d3163daab2041397136fbed8dedb578b5715b725ce?s=96&d=mm&r=g","contentUrl":"https:\/\/secure.gravatar.com\/avatar\/12e9efe7693591f27461a1d3163daab2041397136fbed8dedb578b5715b725ce?s=96&d=mm&r=g","caption":"Melissa Payne"},"url":"https:\/\/cbie.ca\/fr\/author\/mpayne\/"}]}},"_links":{"self":[{"href":"https:\/\/cbie.ca\/fr\/wp-json\/wp\/v2\/posts\/34517","targetHints":{"allow":["GET"]}}],"collection":[{"href":"https:\/\/cbie.ca\/fr\/wp-json\/wp\/v2\/posts"}],"about":[{"href":"https:\/\/cbie.ca\/fr\/wp-json\/wp\/v2\/types\/post"}],"author":[{"embeddable":true,"href":"https:\/\/cbie.ca\/fr\/wp-json\/wp\/v2\/users\/11"}],"replies":[{"embeddable":true,"href":"https:\/\/cbie.ca\/fr\/wp-json\/wp\/v2\/comments?post=34517"}],"version-history":[{"count":0,"href":"https:\/\/cbie.ca\/fr\/wp-json\/wp\/v2\/posts\/34517\/revisions"}],"wp:featuredmedia":[{"embeddable":true,"href":"https:\/\/cbie.ca\/fr\/wp-json\/wp\/v2\/media\/34516"}],"wp:attachment":[{"href":"https:\/\/cbie.ca\/fr\/wp-json\/wp\/v2\/media?parent=34517"}],"wp:term":[{"taxonomy":"category","embeddable":true,"href":"https:\/\/cbie.ca\/fr\/wp-json\/wp\/v2\/categories?post=34517"},{"taxonomy":"post_tag","embeddable":true,"href":"https:\/\/cbie.ca\/fr\/wp-json\/wp\/v2\/tags?post=34517"}],"curies":[{"name":"wp","href":"https:\/\/api.w.org\/{rel}","templated":true}]}}