{"id":32960,"date":"2018-07-05T15:27:49","date_gmt":"2018-07-05T19:27:49","guid":{"rendered":"https:\/\/cbieca.wpenginepowered.com\/?p=32960"},"modified":"2018-07-05T15:27:49","modified_gmt":"2018-07-05T19:27:49","slug":"un-resume-de-ma-vie-associative-au-canada","status":"publish","type":"post","link":"https:\/\/cbie.ca\/fr\/un-resume-de-ma-vie-associative-au-canada\/","title":{"rendered":"Un r\u00e9sum\u00e9 de ma vie associative au Canada"},"content":{"rendered":"<p>\u00ab On quitte son pays pour les m\u00eames raisons qu&rsquo;on quitte la maison de son p\u00e8re \u00bb, a dit F\u00e9lix Leclerc. J\u2019ai quitt\u00e9 mon pays natal pour l\u2019aventure, caract\u00e9ris\u00e9e par de nombreux d\u00e9fis qui sont entre autres le d\u00e9veloppement dans la vie professionnelle et sociale.<\/p>\n<p>\u00catre boursi\u00e8re du programme des leaders africains de demain (LAD) est une chance ! Je m\u2019explique. \u00c0 travers le programme de mentorat de l\u2019Institut d\u2019administration publique du Canada, j\u2019ai pu rencontrer mon mentor Gillian Elias, \u00e9conomiste principale \u00e0 la Banque de d\u00e9veloppement du Canada, qui m\u2019a fait d\u00e9couvrir une superbe association qui se nomme l\u2019Association des \u00e9conomistes qu\u00e9b\u00e9cois (ASDEQ).<\/p>\n<p><strong>L\u2019ASDEQ : Une valeur ajout\u00e9e dans ma vie professionnelle<\/strong><\/p>\n<p>\u00catre membre de l\u2019ASDEQ est un privil\u00e8ge. Cette association m\u2019a donn\u00e9 la possibilit\u00e9 de participer \u00e0 diverses activit\u00e9s professionnelles. Des occasions pour d\u00e9velopper des relations professionnelles (r\u00e9seautage) avec des personnes provenant de tous les milieux de travail au Canada (organismes publics, entreprises priv\u00e9es, syndicats, etc.), et cela tant dans la r\u00e9gion qu\u2019\u00e0 l\u2019\u00e9chelle nationale. Mais aussi d\u2019apprendre beaucoup de choses sur l\u2019\u00e9conomie du Canada et du monde \u00e0 travers ces diff\u00e9rentes activit\u00e9s (colloque, d\u00eener-conf\u00e9rence, soir\u00e9e de r\u00e9seautage, congr\u00e8s annuel\u2026).<\/p>\n<p>Ma participation \u00e0 ces activit\u00e9s organis\u00e9es par ladite association m\u2019a permis de rencontrer plusieurs autorit\u00e9s comme l\u2019honorable Jean-Yves Duclos, ministre de la Famille, des Enfants et du D\u00e9veloppement social, Mme Dominique Anglade, ministre de l&rsquo;\u00c9conomie, de la Science et de l&rsquo;Innovation, des experts et tant d\u2019autres personnalit\u00e9s et professionnels du milieu.<\/p>\n<p><strong>B\u00e9n\u00e9volat \u00e0 l\u2019UdeM : \u00catre la repr\u00e9sentante des \u00e9tudiants de la ma\u00eetrise en \u00e9conomie, une riche exp\u00e9rience<\/strong><\/p>\n<p>\u00catre la repr\u00e9sentante des \u00e9tudiants de la ma\u00eetrise en \u00e9conomie \u00e0 l\u2019Universit\u00e9 de Montr\u00e9al (UdeM) a facilit\u00e9 mon int\u00e9gration et m\u2019a permis d\u2019accueillir des connaissances sur le plan organisationnel, social et professionnel.<\/p>\n<p><img loading=\"lazy\" decoding=\"async\" class=\"alignnone wp-image-32964 size-large\" src=\"https:\/\/cbie.ca\/wp-content\/uploads\/2018\/07\/Mame-Beye-1-1024x604.jpg\" alt=\"\" width=\"1024\" height=\"604\" srcset=\"https:\/\/cbie.ca\/wp-content\/uploads\/2018\/07\/Mame-Beye-1-1024x604.jpg 1024w, https:\/\/cbie.ca\/wp-content\/uploads\/2018\/07\/Mame-Beye-1-300x177.jpg 300w, https:\/\/cbie.ca\/wp-content\/uploads\/2018\/07\/Mame-Beye-1-768x453.jpg 768w, https:\/\/cbie.ca\/wp-content\/uploads\/2018\/07\/Mame-Beye-1.jpg 1305w\" sizes=\"auto, (max-width: 1024px) 100vw, 1024px\" \/><\/p>\n<p>Si je dois donner un conseil \u00e0 mes futurs leaders africains de demain c\u2019est de leur dire d\u2019adh\u00e9rer et de participer aux activit\u00e9s associatives, car on gagne toujours une valeur ajout\u00e9e !<\/p>\n<hr \/>\n<p><em>Mame Diarra Beye est une boursi\u00e8re du programme LAD originaire du S\u00e9n\u00e9gal. Elle est finissante \u00e0 la ma\u00eetrise en sciences \u00e9conomiques \u00e0 <a href=\"https:\/\/www.umontreal.ca\/\">l\u2019Universit\u00e9 de Montr\u00e9al<\/a>.<\/em><\/p>\n<p><em><a href=\"https:\/\/cbie.ca\/notre-travail\/programmes-actuels\/programme-de-bourses-pour-les-leaders-africains-de-demain\/?lang=fr\">Le programme de bourses pour les leaders africains de demain (LAD)<\/a> est financ\u00e9 par le gouvernement du Canada par l\u2019interm\u00e9diaire d\u2019Affaires mondiales Canada et par la Fondation Mastercard. Il est g\u00e9r\u00e9 par le BCEI en partenariat avec l\u2019Institut d\u2019administration publique du Canada et en collaboration avec l\u2019Association africaine pour l\u2019administration publique et le management et l\u2019Association canadienne des programmes en administration publique.<\/em><\/p>\n","protected":false},"excerpt":{"rendered":"<p>\u00ab On quitte son pays pour les m\u00eames raisons qu&rsquo;on quitte la maison de son p\u00e8re \u00bb, a dit F\u00e9lix Leclerc. J\u2019ai quitt\u00e9 mon pays natal pour l\u2019aventure, caract\u00e9ris\u00e9e par [&hellip;]<\/p>\n","protected":false},"author":11,"featured_media":32962,"comment_status":"closed","ping_status":"closed","sticky":false,"template":"","format":"standard","meta":{"_acf_changed":false,"footnotes":""},"categories":[104],"tags":[],"class_list":["post-32960","post","type-post","status-publish","format-standard","has-post-thumbnail","hentry","category-lad"],"acf":[],"yoast_head":"<!-- This site is optimized with the Yoast SEO plugin v27.4 - https:\/\/yoast.com\/product\/yoast-seo-wordpress\/ -->\n<title>Un r\u00e9sum\u00e9 de ma vie associative au Canada - CBIE<\/title>\n<meta name=\"robots\" content=\"index, follow, max-snippet:-1, max-image-preview:large, max-video-preview:-1\" \/>\n<link rel=\"canonical\" href=\"https:\/\/cbie.ca\/fr\/un-resume-de-ma-vie-associative-au-canada\/\" \/>\n<meta property=\"og:locale\" content=\"fr_FR\" \/>\n<meta property=\"og:type\" content=\"article\" \/>\n<meta property=\"og:title\" content=\"Un r\u00e9sum\u00e9 de ma vie associative au Canada - CBIE\" \/>\n<meta property=\"og:description\" content=\"\u00ab On quitte son pays pour les m\u00eames raisons qu&rsquo;on quitte la maison de son p\u00e8re \u00bb, a dit F\u00e9lix Leclerc. J\u2019ai quitt\u00e9 mon pays natal pour l\u2019aventure, caract\u00e9ris\u00e9e par [&hellip;]\" \/>\n<meta property=\"og:url\" content=\"https:\/\/cbie.ca\/fr\/un-resume-de-ma-vie-associative-au-canada\/\" \/>\n<meta property=\"og:site_name\" content=\"CBIE\" \/>\n<meta property=\"article:published_time\" content=\"2018-07-05T19:27:49+00:00\" \/>\n<meta property=\"og:image\" content=\"https:\/\/cbie.ca\/wp-content\/uploads\/2018\/07\/Mame-Beye-2-cropped.jpg\" \/>\n\t<meta property=\"og:image:width\" content=\"1320\" \/>\n\t<meta property=\"og:image:height\" content=\"805\" \/>\n\t<meta property=\"og:image:type\" content=\"image\/jpeg\" \/>\n<meta name=\"author\" content=\"Melissa Payne\" \/>\n<meta name=\"twitter:card\" content=\"summary_large_image\" \/>\n<meta name=\"twitter:label1\" content=\"\u00c9crit par\" \/>\n\t<meta name=\"twitter:data1\" content=\"Melissa Payne\" \/>\n\t<meta name=\"twitter:label2\" content=\"Dur\u00e9e de lecture estim\u00e9e\" \/>\n\t<meta name=\"twitter:data2\" content=\"2 minutes\" \/>\n<script type=\"application\/ld+json\" class=\"yoast-schema-graph\">{\"@context\":\"https:\\\/\\\/schema.org\",\"@graph\":[{\"@type\":\"Article\",\"@id\":\"https:\\\/\\\/cbie.ca\\\/fr\\\/un-resume-de-ma-vie-associative-au-canada\\\/#article\",\"isPartOf\":{\"@id\":\"https:\\\/\\\/cbie.ca\\\/fr\\\/un-resume-de-ma-vie-associative-au-canada\\\/\"},\"author\":{\"name\":\"Melissa Payne\",\"@id\":\"https:\\\/\\\/cbie.ca\\\/#\\\/schema\\\/person\\\/854a54756fee54b7df86b7b916692882\"},\"headline\":\"Un r\u00e9sum\u00e9 de ma vie associative au Canada\",\"datePublished\":\"2018-07-05T19:27:49+00:00\",\"mainEntityOfPage\":{\"@id\":\"https:\\\/\\\/cbie.ca\\\/fr\\\/un-resume-de-ma-vie-associative-au-canada\\\/\"},\"wordCount\":488,\"image\":{\"@id\":\"https:\\\/\\\/cbie.ca\\\/fr\\\/un-resume-de-ma-vie-associative-au-canada\\\/#primaryimage\"},\"thumbnailUrl\":\"https:\\\/\\\/cbie.ca\\\/wp-content\\\/uploads\\\/2018\\\/07\\\/Mame-Beye-2-cropped.jpg\",\"articleSection\":[\"Leaders africains de demain\"],\"inLanguage\":\"fr-FR\"},{\"@type\":\"WebPage\",\"@id\":\"https:\\\/\\\/cbie.ca\\\/fr\\\/un-resume-de-ma-vie-associative-au-canada\\\/\",\"url\":\"https:\\\/\\\/cbie.ca\\\/fr\\\/un-resume-de-ma-vie-associative-au-canada\\\/\",\"name\":\"Un r\u00e9sum\u00e9 de ma vie associative au Canada - CBIE\",\"isPartOf\":{\"@id\":\"https:\\\/\\\/cbie.ca\\\/#website\"},\"primaryImageOfPage\":{\"@id\":\"https:\\\/\\\/cbie.ca\\\/fr\\\/un-resume-de-ma-vie-associative-au-canada\\\/#primaryimage\"},\"image\":{\"@id\":\"https:\\\/\\\/cbie.ca\\\/fr\\\/un-resume-de-ma-vie-associative-au-canada\\\/#primaryimage\"},\"thumbnailUrl\":\"https:\\\/\\\/cbie.ca\\\/wp-content\\\/uploads\\\/2018\\\/07\\\/Mame-Beye-2-cropped.jpg\",\"datePublished\":\"2018-07-05T19:27:49+00:00\",\"author\":{\"@id\":\"https:\\\/\\\/cbie.ca\\\/#\\\/schema\\\/person\\\/854a54756fee54b7df86b7b916692882\"},\"breadcrumb\":{\"@id\":\"https:\\\/\\\/cbie.ca\\\/fr\\\/un-resume-de-ma-vie-associative-au-canada\\\/#breadcrumb\"},\"inLanguage\":\"fr-FR\",\"potentialAction\":[{\"@type\":\"ReadAction\",\"target\":[\"https:\\\/\\\/cbie.ca\\\/fr\\\/un-resume-de-ma-vie-associative-au-canada\\\/\"]}]},{\"@type\":\"ImageObject\",\"inLanguage\":\"fr-FR\",\"@id\":\"https:\\\/\\\/cbie.ca\\\/fr\\\/un-resume-de-ma-vie-associative-au-canada\\\/#primaryimage\",\"url\":\"https:\\\/\\\/cbie.ca\\\/wp-content\\\/uploads\\\/2018\\\/07\\\/Mame-Beye-2-cropped.jpg\",\"contentUrl\":\"https:\\\/\\\/cbie.ca\\\/wp-content\\\/uploads\\\/2018\\\/07\\\/Mame-Beye-2-cropped.jpg\",\"width\":1320,\"height\":805},{\"@type\":\"BreadcrumbList\",\"@id\":\"https:\\\/\\\/cbie.ca\\\/fr\\\/un-resume-de-ma-vie-associative-au-canada\\\/#breadcrumb\",\"itemListElement\":[{\"@type\":\"ListItem\",\"position\":1,\"name\":\"Home\",\"item\":\"https:\\\/\\\/cbie.ca\\\/fr\\\/\"},{\"@type\":\"ListItem\",\"position\":2,\"name\":\"Un r\u00e9sum\u00e9 de ma vie associative au Canada\"}]},{\"@type\":\"WebSite\",\"@id\":\"https:\\\/\\\/cbie.ca\\\/#website\",\"url\":\"https:\\\/\\\/cbie.ca\\\/\",\"name\":\"Canadian Bureau for International Education\",\"description\":\"\",\"potentialAction\":[{\"@type\":\"SearchAction\",\"target\":{\"@type\":\"EntryPoint\",\"urlTemplate\":\"https:\\\/\\\/cbie.ca\\\/?s={search_term_string}\"},\"query-input\":{\"@type\":\"PropertyValueSpecification\",\"valueRequired\":true,\"valueName\":\"search_term_string\"}}],\"inLanguage\":\"fr-FR\"},{\"@type\":\"Person\",\"@id\":\"https:\\\/\\\/cbie.ca\\\/#\\\/schema\\\/person\\\/854a54756fee54b7df86b7b916692882\",\"name\":\"Melissa Payne\",\"image\":{\"@type\":\"ImageObject\",\"inLanguage\":\"fr-FR\",\"@id\":\"https:\\\/\\\/secure.gravatar.com\\\/avatar\\\/12e9efe7693591f27461a1d3163daab2041397136fbed8dedb578b5715b725ce?s=96&d=mm&r=g\",\"url\":\"https:\\\/\\\/secure.gravatar.com\\\/avatar\\\/12e9efe7693591f27461a1d3163daab2041397136fbed8dedb578b5715b725ce?s=96&d=mm&r=g\",\"contentUrl\":\"https:\\\/\\\/secure.gravatar.com\\\/avatar\\\/12e9efe7693591f27461a1d3163daab2041397136fbed8dedb578b5715b725ce?s=96&d=mm&r=g\",\"caption\":\"Melissa Payne\"},\"url\":\"https:\\\/\\\/cbie.ca\\\/fr\\\/author\\\/mpayne\\\/\"}]}<\/script>\n<!-- \/ Yoast SEO plugin. -->","yoast_head_json":{"title":"Un r\u00e9sum\u00e9 de ma vie associative au Canada - CBIE","robots":{"index":"index","follow":"follow","max-snippet":"max-snippet:-1","max-image-preview":"max-image-preview:large","max-video-preview":"max-video-preview:-1"},"canonical":"https:\/\/cbie.ca\/fr\/un-resume-de-ma-vie-associative-au-canada\/","og_locale":"fr_FR","og_type":"article","og_title":"Un r\u00e9sum\u00e9 de ma vie associative au Canada - CBIE","og_description":"\u00ab On quitte son pays pour les m\u00eames raisons qu&rsquo;on quitte la maison de son p\u00e8re \u00bb, a dit F\u00e9lix Leclerc. J\u2019ai quitt\u00e9 mon pays natal pour l\u2019aventure, caract\u00e9ris\u00e9e par [&hellip;]","og_url":"https:\/\/cbie.ca\/fr\/un-resume-de-ma-vie-associative-au-canada\/","og_site_name":"CBIE","article_published_time":"2018-07-05T19:27:49+00:00","og_image":[{"width":1320,"height":805,"url":"https:\/\/cbie.ca\/wp-content\/uploads\/2018\/07\/Mame-Beye-2-cropped.jpg","type":"image\/jpeg"}],"author":"Melissa Payne","twitter_card":"summary_large_image","twitter_misc":{"\u00c9crit par":"Melissa Payne","Dur\u00e9e de lecture estim\u00e9e":"2 minutes"},"schema":{"@context":"https:\/\/schema.org","@graph":[{"@type":"Article","@id":"https:\/\/cbie.ca\/fr\/un-resume-de-ma-vie-associative-au-canada\/#article","isPartOf":{"@id":"https:\/\/cbie.ca\/fr\/un-resume-de-ma-vie-associative-au-canada\/"},"author":{"name":"Melissa Payne","@id":"https:\/\/cbie.ca\/#\/schema\/person\/854a54756fee54b7df86b7b916692882"},"headline":"Un r\u00e9sum\u00e9 de ma vie associative au Canada","datePublished":"2018-07-05T19:27:49+00:00","mainEntityOfPage":{"@id":"https:\/\/cbie.ca\/fr\/un-resume-de-ma-vie-associative-au-canada\/"},"wordCount":488,"image":{"@id":"https:\/\/cbie.ca\/fr\/un-resume-de-ma-vie-associative-au-canada\/#primaryimage"},"thumbnailUrl":"https:\/\/cbie.ca\/wp-content\/uploads\/2018\/07\/Mame-Beye-2-cropped.jpg","articleSection":["Leaders africains de demain"],"inLanguage":"fr-FR"},{"@type":"WebPage","@id":"https:\/\/cbie.ca\/fr\/un-resume-de-ma-vie-associative-au-canada\/","url":"https:\/\/cbie.ca\/fr\/un-resume-de-ma-vie-associative-au-canada\/","name":"Un r\u00e9sum\u00e9 de ma vie associative au Canada - CBIE","isPartOf":{"@id":"https:\/\/cbie.ca\/#website"},"primaryImageOfPage":{"@id":"https:\/\/cbie.ca\/fr\/un-resume-de-ma-vie-associative-au-canada\/#primaryimage"},"image":{"@id":"https:\/\/cbie.ca\/fr\/un-resume-de-ma-vie-associative-au-canada\/#primaryimage"},"thumbnailUrl":"https:\/\/cbie.ca\/wp-content\/uploads\/2018\/07\/Mame-Beye-2-cropped.jpg","datePublished":"2018-07-05T19:27:49+00:00","author":{"@id":"https:\/\/cbie.ca\/#\/schema\/person\/854a54756fee54b7df86b7b916692882"},"breadcrumb":{"@id":"https:\/\/cbie.ca\/fr\/un-resume-de-ma-vie-associative-au-canada\/#breadcrumb"},"inLanguage":"fr-FR","potentialAction":[{"@type":"ReadAction","target":["https:\/\/cbie.ca\/fr\/un-resume-de-ma-vie-associative-au-canada\/"]}]},{"@type":"ImageObject","inLanguage":"fr-FR","@id":"https:\/\/cbie.ca\/fr\/un-resume-de-ma-vie-associative-au-canada\/#primaryimage","url":"https:\/\/cbie.ca\/wp-content\/uploads\/2018\/07\/Mame-Beye-2-cropped.jpg","contentUrl":"https:\/\/cbie.ca\/wp-content\/uploads\/2018\/07\/Mame-Beye-2-cropped.jpg","width":1320,"height":805},{"@type":"BreadcrumbList","@id":"https:\/\/cbie.ca\/fr\/un-resume-de-ma-vie-associative-au-canada\/#breadcrumb","itemListElement":[{"@type":"ListItem","position":1,"name":"Home","item":"https:\/\/cbie.ca\/fr\/"},{"@type":"ListItem","position":2,"name":"Un r\u00e9sum\u00e9 de ma vie associative au Canada"}]},{"@type":"WebSite","@id":"https:\/\/cbie.ca\/#website","url":"https:\/\/cbie.ca\/","name":"Canadian Bureau for International Education","description":"","potentialAction":[{"@type":"SearchAction","target":{"@type":"EntryPoint","urlTemplate":"https:\/\/cbie.ca\/?s={search_term_string}"},"query-input":{"@type":"PropertyValueSpecification","valueRequired":true,"valueName":"search_term_string"}}],"inLanguage":"fr-FR"},{"@type":"Person","@id":"https:\/\/cbie.ca\/#\/schema\/person\/854a54756fee54b7df86b7b916692882","name":"Melissa Payne","image":{"@type":"ImageObject","inLanguage":"fr-FR","@id":"https:\/\/secure.gravatar.com\/avatar\/12e9efe7693591f27461a1d3163daab2041397136fbed8dedb578b5715b725ce?s=96&d=mm&r=g","url":"https:\/\/secure.gravatar.com\/avatar\/12e9efe7693591f27461a1d3163daab2041397136fbed8dedb578b5715b725ce?s=96&d=mm&r=g","contentUrl":"https:\/\/secure.gravatar.com\/avatar\/12e9efe7693591f27461a1d3163daab2041397136fbed8dedb578b5715b725ce?s=96&d=mm&r=g","caption":"Melissa Payne"},"url":"https:\/\/cbie.ca\/fr\/author\/mpayne\/"}]}},"_links":{"self":[{"href":"https:\/\/cbie.ca\/fr\/wp-json\/wp\/v2\/posts\/32960","targetHints":{"allow":["GET"]}}],"collection":[{"href":"https:\/\/cbie.ca\/fr\/wp-json\/wp\/v2\/posts"}],"about":[{"href":"https:\/\/cbie.ca\/fr\/wp-json\/wp\/v2\/types\/post"}],"author":[{"embeddable":true,"href":"https:\/\/cbie.ca\/fr\/wp-json\/wp\/v2\/users\/11"}],"replies":[{"embeddable":true,"href":"https:\/\/cbie.ca\/fr\/wp-json\/wp\/v2\/comments?post=32960"}],"version-history":[{"count":0,"href":"https:\/\/cbie.ca\/fr\/wp-json\/wp\/v2\/posts\/32960\/revisions"}],"wp:featuredmedia":[{"embeddable":true,"href":"https:\/\/cbie.ca\/fr\/wp-json\/wp\/v2\/media\/32962"}],"wp:attachment":[{"href":"https:\/\/cbie.ca\/fr\/wp-json\/wp\/v2\/media?parent=32960"}],"wp:term":[{"taxonomy":"category","embeddable":true,"href":"https:\/\/cbie.ca\/fr\/wp-json\/wp\/v2\/categories?post=32960"},{"taxonomy":"post_tag","embeddable":true,"href":"https:\/\/cbie.ca\/fr\/wp-json\/wp\/v2\/tags?post=32960"}],"curies":[{"name":"wp","href":"https:\/\/api.w.org\/{rel}","templated":true}]}}