{"id":31669,"date":"2018-03-21T11:14:40","date_gmt":"2018-03-21T15:14:40","guid":{"rendered":"https:\/\/cbieca.wpenginepowered.com\/?p=31669"},"modified":"2020-02-05T11:42:09","modified_gmt":"2020-02-05T16:42:09","slug":"reflexions-sur-le-programme-leap-feminisme-creation-dentreprise-et-autonomisation-economique-des-femmes","status":"publish","type":"post","link":"https:\/\/cbie.ca\/fr\/reflexions-sur-le-programme-leap-feminisme-creation-dentreprise-et-autonomisation-economique-des-femmes\/","title":{"rendered":"R\u00e9flexions sur le programme LEAP : f\u00e9minisme, cr\u00e9ation d\u2019entreprise et autonomisation \u00e9conomique des femmes"},"content":{"rendered":"<div class=\"wpb-content-wrapper\"><p>[vc_row][vc_column][vc_column_text]J\u2019\u00e9cris ce billet le jour de la Journ\u00e9e internationale des droits de la femme\u00a0: gr\u00e2ce \u00e0 mon travail, je ne me suis jamais sentie aussi pr\u00e8s du mouvement mondial de l\u2019autonomisation de la femme.<\/p>\n<p>Cette ann\u00e9e, j\u2019ai eu le plaisir de g\u00e9rer le <a href=\"https:\/\/cbie.ca\/fr\/notre-travail\/programmes-actuels\/leap\/?lang=fr\">Programme de r\u00e9ussite \u00e9conomique (LEAP) pour les femmes de Jordanie<\/a>, financ\u00e9 par Affaires mondiales Canada. Gr\u00e2ce au LEAP, le BCEI et ses partenaires, la <a href=\"https:\/\/www.ryerson.ca\/ri\/\" target=\"_blank\" rel=\"noopener noreferrer\">Ryerson University<\/a> et <a href=\"http:\/\/injaz.org.jo\/Default.aspx\" target=\"_blank\" rel=\"noopener noreferrer\">INJAZ<\/a>, travaillent dur pour autonomiser les Jordaniennes, renfor\u00e7ant leur r\u00f4le dans l\u2019\u00e9conomie locale, en facilitant leur cr\u00e9ation d\u2019entreprise et en relevant des obstacles \u00e0 la cr\u00e9ation d\u2019entreprise sp\u00e9cifiquement dus \u00e0 leur sexe.<\/p>\n<h5>F\u00e9minisme et cr\u00e9ation d\u2019entreprise<\/h5>\n<p>Dans le cadre de la <a href=\"http:\/\/international.gc.ca\/world-monde\/issues_development-enjeux_developpement\/priorities-priorites\/policy-politique.aspx?lang=fra#5.1\" target=\"_blank\" rel=\"noopener noreferrer\">Politique d&rsquo;aide internationale f\u00e9ministe du Canada<\/a>, l\u2019\u00e9galit\u00e9 des genres et le renforcement du pouvoir des femmes et des filles est consid\u00e9r\u00e9 comme la fa\u00e7on la plus efficace de lutter contre la pauvret\u00e9 et b\u00e2tir un monde plus inclusif, pacifique et prosp\u00e8re. En Jordanie, la participation des femmes \u00e0 la population active est faible et le taux de cr\u00e9ation d\u2019entreprise par les femmes est encore plus faible. Le programme LEAP se concentre sur la cr\u00e9ation d\u2019entreprise pour alimenter l\u2019innovation, le changement social, le d\u00e9veloppement communautaire et la cr\u00e9ation d\u2019emplois. Notre travail se fonde aussi sur \u00ab\u00a0<a href=\"http:\/\/www.wocan.org\/sites\/default\/files\/gt-framework-womens-economic-empowerment-230517-en.pdf\" target=\"_blank\" rel=\"noopener noreferrer\">l&rsquo;autonomisation \u00e9conomique des femmes<\/a>\u00a0\u00bb, parce qu\u2019avec la cr\u00e9ation d\u2019entreprises, quand les femmes ont la capacit\u00e9 de contr\u00f4ler et de b\u00e9n\u00e9ficier de ressources, biens, r\u00e9mun\u00e9ration et de g\u00e9rer les risques, cela peut cr\u00e9er un changement positif de leur propre statut \u00e9conomique et bien-\u00eatre g\u00e9n\u00e9ral, ainsi que celui de leur communaut\u00e9.[\/vc_column_text]<div class=\"spacer\" style=\"height: 20px;\"><\/div><div class=\"flexslider wpb_content_element\"><ul class=\"slides\"><li><img decoding=\"async\" src=\"https:\/\/cbie.ca\/wp-content\/uploads\/2018\/03\/20180201_.jpg\" alt=\"\" loading=\"lazy\" srcset=\"https:\/\/cbie.ca\/wp-content\/uploads\/2018\/03\/20180201_.jpg 963w, https:\/\/cbie.ca\/wp-content\/uploads\/2018\/03\/20180201_-300x168.jpg 300w, https:\/\/cbie.ca\/wp-content\/uploads\/2018\/03\/20180201_-768x431.jpg 768w\" sizes=\"(max-width: 963px) 100vw, 963px\" \/><\/li><li><img decoding=\"async\" src=\"https:\/\/cbie.ca\/wp-content\/uploads\/2018\/03\/20180201_1.jpg\" alt=\"\" loading=\"lazy\" srcset=\"https:\/\/cbie.ca\/wp-content\/uploads\/2018\/03\/20180201_1.jpg 963w, https:\/\/cbie.ca\/wp-content\/uploads\/2018\/03\/20180201_1-300x168.jpg 300w, https:\/\/cbie.ca\/wp-content\/uploads\/2018\/03\/20180201_1-768x431.jpg 768w\" sizes=\"(max-width: 963px) 100vw, 963px\" \/><\/li><li><img decoding=\"async\" src=\"https:\/\/cbie.ca\/wp-content\/uploads\/2018\/03\/20180201_2.jpg\" alt=\"\" loading=\"lazy\" srcset=\"https:\/\/cbie.ca\/wp-content\/uploads\/2018\/03\/20180201_2.jpg 963w, https:\/\/cbie.ca\/wp-content\/uploads\/2018\/03\/20180201_2-300x168.jpg 300w, https:\/\/cbie.ca\/wp-content\/uploads\/2018\/03\/20180201_2-768x431.jpg 768w\" sizes=\"(max-width: 963px) 100vw, 963px\" \/><\/li><li><img decoding=\"async\" src=\"https:\/\/cbie.ca\/wp-content\/uploads\/2018\/03\/20180201_3.jpg\" alt=\"\" loading=\"lazy\" srcset=\"https:\/\/cbie.ca\/wp-content\/uploads\/2018\/03\/20180201_3.jpg 963w, https:\/\/cbie.ca\/wp-content\/uploads\/2018\/03\/20180201_3-300x168.jpg 300w, https:\/\/cbie.ca\/wp-content\/uploads\/2018\/03\/20180201_3-768x431.jpg 768w\" sizes=\"(max-width: 963px) 100vw, 963px\" \/><\/li><\/ul><\/div><div class=\"spacer\" style=\"height: 20px;\"><\/div>[vc_column_text]<\/p>\n<h5>LEAP 101<\/h5>\n<p>Nous adoptons une d\u00e9marche globale pour encourager un milieu culturel et institutionnel ouvert aux femmes chefs d\u2019entreprise. Pour le programme LEAP, cela comporte la cr\u00e9ation et l\u2019infusion d\u2019interventions de contenu genr\u00e9 dans les cursus secondaires et universitaires, l\u2019incubation d\u2019entreprises en d\u00e9marrage et le soutien \u00e0 l\u2019acc\u00e9l\u00e9ration pour les entreprises dirig\u00e9es par des femmes et (dans l\u2019espoir de faciliter la transition des chefs d\u2019entreprise au monde des affaires) le renforcement des capacit\u00e9s et des programmes de reconnaissance pour les intervenants du secteur priv\u00e9.<\/p>\n<p>En pratique, ce projet est une curation complexe de contacts, collaborations et contributions d\u2019une \u00e9quipe internationale ph\u00e9nom\u00e9nale. J\u2019ai eu le privil\u00e8ge de participer \u00e0 tous les aspects, et j\u2019aimerais vous faire partager quelques \u00e9l\u00e9ments de ce travail qui sont particuli\u00e8rement int\u00e9ressants\u00a0:<\/p>\n<ul>\n<li>trouver et entamer un dialogue avec les meilleurs experts-conseils jordaniens et canadiens qui se passionnent pour l\u2019\u00e9galit\u00e9 des genres, l\u2019esprit d\u2019entreprise et qui s\u2019engagent envers la collaboration;<\/li>\n<li>travailler avec du personnel local ph\u00e9nom\u00e9nal qui consacrent leur carri\u00e8re aux jeunes jordaniens et \u00e0 la fa\u00e7on de les aider;<\/li>\n<li>apprendre du meilleur incubateur tech universitaire dans le monde;<\/li>\n<li>rencontrer de jeunes chefs d\u2019entreprises jordaniens qui, face \u00e0 des obstacles, s\u2019efforcent de faire cro\u00eetre leurs id\u00e9es et s\u2019engagent \u00e0 travailler dur pour atteindre leurs objectifs.<\/li>\n<\/ul>\n<p>L\u2019assemblage des contributions de toutes ces personnes \u00e9tait au c\u0153ur de mon travail, et de loin l\u2019aspect le plus satisfaisant de ma propre contribution. Ce que j\u2019ai appris de ces femmes et de ces hommes m\u2019a inspir\u00e9 personnellement et m\u2019a encourag\u00e9 \u00e0 aller au-del\u00e0 de mon contexte de d\u00e9veloppement international pour adopter la mentalit\u00e9 de chef d\u2019entreprise sous une optique de genre. J\u2019ai beaucoup profit\u00e9 de ma participation \u00e0 ce projet, sentiment que l\u2019on retrouve dans chaque personne, organisation et partenaire de projet.[\/vc_column_text]<div class=\"spacer\" style=\"height: 20px;\"><\/div><div class=\"flexslider wpb_content_element\"><ul class=\"slides\"><li><img decoding=\"async\" src=\"https:\/\/cbie.ca\/wp-content\/uploads\/2018\/03\/20180201_9.jpg\" alt=\"\" loading=\"lazy\" srcset=\"https:\/\/cbie.ca\/wp-content\/uploads\/2018\/03\/20180201_9.jpg 963w, https:\/\/cbie.ca\/wp-content\/uploads\/2018\/03\/20180201_9-300x168.jpg 300w, https:\/\/cbie.ca\/wp-content\/uploads\/2018\/03\/20180201_9-768x431.jpg 768w\" sizes=\"(max-width: 963px) 100vw, 963px\" \/><\/li><li><img decoding=\"async\" src=\"https:\/\/cbie.ca\/wp-content\/uploads\/2018\/03\/20180201_8.jpg\" alt=\"\" loading=\"lazy\" srcset=\"https:\/\/cbie.ca\/wp-content\/uploads\/2018\/03\/20180201_8.jpg 963w, https:\/\/cbie.ca\/wp-content\/uploads\/2018\/03\/20180201_8-300x168.jpg 300w, https:\/\/cbie.ca\/wp-content\/uploads\/2018\/03\/20180201_8-768x431.jpg 768w\" sizes=\"(max-width: 963px) 100vw, 963px\" \/><\/li><li><img decoding=\"async\" src=\"https:\/\/cbie.ca\/wp-content\/uploads\/2018\/03\/20180201_6.jpg\" alt=\"\" loading=\"lazy\" srcset=\"https:\/\/cbie.ca\/wp-content\/uploads\/2018\/03\/20180201_6.jpg 963w, https:\/\/cbie.ca\/wp-content\/uploads\/2018\/03\/20180201_6-300x168.jpg 300w, https:\/\/cbie.ca\/wp-content\/uploads\/2018\/03\/20180201_6-768x431.jpg 768w\" sizes=\"(max-width: 963px) 100vw, 963px\" \/><\/li><li><img decoding=\"async\" src=\"https:\/\/cbie.ca\/wp-content\/uploads\/2018\/03\/20180201_5.jpg\" alt=\"\" loading=\"lazy\" srcset=\"https:\/\/cbie.ca\/wp-content\/uploads\/2018\/03\/20180201_5.jpg 963w, https:\/\/cbie.ca\/wp-content\/uploads\/2018\/03\/20180201_5-300x168.jpg 300w, https:\/\/cbie.ca\/wp-content\/uploads\/2018\/03\/20180201_5-768x431.jpg 768w\" sizes=\"(max-width: 963px) 100vw, 963px\" \/><\/li><li><img decoding=\"async\" src=\"https:\/\/cbie.ca\/wp-content\/uploads\/2018\/03\/20180201_4.jpg\" alt=\"\" loading=\"lazy\" srcset=\"https:\/\/cbie.ca\/wp-content\/uploads\/2018\/03\/20180201_4.jpg 963w, https:\/\/cbie.ca\/wp-content\/uploads\/2018\/03\/20180201_4-300x168.jpg 300w, https:\/\/cbie.ca\/wp-content\/uploads\/2018\/03\/20180201_4-768x431.jpg 768w\" sizes=\"(max-width: 963px) 100vw, 963px\" \/><\/li><\/ul><\/div><div class=\"spacer\" style=\"height: 20px;\"><\/div>[vc_column_text]<\/p>\n<h5>Prochaines \u00e9tapes du programme LEAP<\/h5>\n<p>Notre travail continuera \u00e0 se concentrer sur l\u2019autonomisation \u00e9conomique des Jordaniennes, mais je suis heureuse de trouver une opportunit\u00e9 de formation continue et d\u2019inspiration pour toutes les personnes participant au projet. C\u2019est dans cet esprit que nous demanderons aux conseillers et partenaires de LEAP de faire part de leur exp\u00e9rience \u00e0 notre communaut\u00e9 au BCEI par l\u2019interm\u00e9diaire de ce blogue. Je vous encourage \u00e0 suivre nos progr\u00e8s et \u00e0 continuer \u00e0 partager l\u2019apprentissage interculturel<\/p>\n<hr \/>\n<p><strong><em>Anne Christensen g\u00e8re les partenariats internationaux au Bureau canadien de l\u2019\u00e9ducation internationale<\/em><\/strong>[\/vc_column_text]<div class=\"spacer\" style=\"height: 20px;\"><\/div><div class=\"minti_list wpb_content_element color-accent arrow\" style=\"padding-left: 30px;\">\n<ul>\n<li><strong>En savoir plus sur le programme <a href=\"https:\/\/cbie.ca\/fr\/notre-travail\/programmes-actuels\/leap\/?lang=fr\">LEAP<\/a><\/strong><\/li>\n<li><strong>En savoir plus sur le travail de <a href=\"https:\/\/cbie.ca\/fr\/notre-travail\/developpement-international\/?lang=fr\">d\u00e9veloppement international<\/a> du BCEI<\/strong><\/li>\n<\/ul>\n<\/div>[\/vc_column][\/vc_row]<\/p>\n<\/div>","protected":false},"excerpt":{"rendered":"<p>[vc_row][vc_column][vc_column_text]J\u2019\u00e9cris ce billet le jour de la Journ\u00e9e internationale des droits de la femme\u00a0: gr\u00e2ce \u00e0 mon travail, je ne me suis jamais sentie aussi pr\u00e8s du mouvement mondial de [&hellip;]<\/p>\n","protected":false},"author":2,"featured_media":31653,"comment_status":"closed","ping_status":"closed","sticky":false,"template":"","format":"standard","meta":{"_acf_changed":false,"footnotes":""},"categories":[119,157],"tags":[],"class_list":["post-31669","post","type-post","status-publish","format-standard","has-post-thumbnail","hentry","category-leap-fr","category-sans-frontieres"],"acf":[],"yoast_head":"<!-- This site is optimized with the Yoast SEO plugin v27.5 - https:\/\/yoast.com\/product\/yoast-seo-wordpress\/ -->\n<title>R\u00e9flexions sur le programme LEAP : f\u00e9minisme, cr\u00e9ation d\u2019entreprise et autonomisation \u00e9conomique des femmes - CBIE<\/title>\n<meta name=\"robots\" content=\"index, follow, max-snippet:-1, max-image-preview:large, max-video-preview:-1\" \/>\n<link rel=\"canonical\" href=\"https:\/\/cbie.ca\/fr\/reflexions-sur-le-programme-leap-feminisme-creation-dentreprise-et-autonomisation-economique-des-femmes\/\" \/>\n<meta property=\"og:locale\" content=\"fr_FR\" \/>\n<meta property=\"og:type\" content=\"article\" \/>\n<meta property=\"og:title\" content=\"R\u00e9flexions sur le programme LEAP : f\u00e9minisme, cr\u00e9ation d\u2019entreprise et autonomisation \u00e9conomique des femmes - CBIE\" \/>\n<meta property=\"og:description\" content=\"[vc_row][vc_column][vc_column_text]J\u2019\u00e9cris ce billet le jour de la Journ\u00e9e internationale des droits de la femme\u00a0: gr\u00e2ce \u00e0 mon travail, je ne me suis jamais sentie aussi pr\u00e8s du mouvement mondial de [&hellip;]\" \/>\n<meta property=\"og:url\" content=\"https:\/\/cbie.ca\/fr\/reflexions-sur-le-programme-leap-feminisme-creation-dentreprise-et-autonomisation-economique-des-femmes\/\" \/>\n<meta property=\"og:site_name\" content=\"CBIE\" \/>\n<meta property=\"article:published_time\" content=\"2018-03-21T15:14:40+00:00\" \/>\n<meta property=\"article:modified_time\" content=\"2020-02-05T16:42:09+00:00\" \/>\n<meta property=\"og:image\" content=\"https:\/\/cbie.ca\/wp-content\/uploads\/2018\/03\/IMG_3825.jpg\" \/>\n\t<meta property=\"og:image:width\" content=\"1288\" \/>\n\t<meta property=\"og:image:height\" content=\"966\" \/>\n\t<meta property=\"og:image:type\" content=\"image\/jpeg\" \/>\n<meta name=\"author\" content=\"CBIE-BCEI\" \/>\n<meta name=\"twitter:card\" content=\"summary_large_image\" \/>\n<meta name=\"twitter:label1\" content=\"\u00c9crit par\" \/>\n\t<meta name=\"twitter:data1\" content=\"CBIE-BCEI\" \/>\n\t<meta name=\"twitter:label2\" content=\"Dur\u00e9e de lecture estim\u00e9e\" \/>\n\t<meta name=\"twitter:data2\" content=\"4 minutes\" \/>\n<script type=\"application\/ld+json\" class=\"yoast-schema-graph\">{\"@context\":\"https:\\\/\\\/schema.org\",\"@graph\":[{\"@type\":\"Article\",\"@id\":\"https:\\\/\\\/cbie.ca\\\/fr\\\/reflexions-sur-le-programme-leap-feminisme-creation-dentreprise-et-autonomisation-economique-des-femmes\\\/#article\",\"isPartOf\":{\"@id\":\"https:\\\/\\\/cbie.ca\\\/fr\\\/reflexions-sur-le-programme-leap-feminisme-creation-dentreprise-et-autonomisation-economique-des-femmes\\\/\"},\"author\":{\"name\":\"CBIE-BCEI\",\"@id\":\"https:\\\/\\\/cbie.ca\\\/#\\\/schema\\\/person\\\/cb3789156294f7d322bca9b07f192e1c\"},\"headline\":\"R\u00e9flexions sur le programme LEAP : f\u00e9minisme, cr\u00e9ation d\u2019entreprise et autonomisation \u00e9conomique des femmes\",\"datePublished\":\"2018-03-21T15:14:40+00:00\",\"dateModified\":\"2020-02-05T16:42:09+00:00\",\"mainEntityOfPage\":{\"@id\":\"https:\\\/\\\/cbie.ca\\\/fr\\\/reflexions-sur-le-programme-leap-feminisme-creation-dentreprise-et-autonomisation-economique-des-femmes\\\/\"},\"wordCount\":824,\"image\":{\"@id\":\"https:\\\/\\\/cbie.ca\\\/fr\\\/reflexions-sur-le-programme-leap-feminisme-creation-dentreprise-et-autonomisation-economique-des-femmes\\\/#primaryimage\"},\"thumbnailUrl\":\"https:\\\/\\\/cbie.ca\\\/wp-content\\\/uploads\\\/2018\\\/03\\\/IMG_3825.jpg\",\"articleSection\":[\"LEAP\",\"Sans fronti\u00e8res\"],\"inLanguage\":\"fr-FR\"},{\"@type\":\"WebPage\",\"@id\":\"https:\\\/\\\/cbie.ca\\\/fr\\\/reflexions-sur-le-programme-leap-feminisme-creation-dentreprise-et-autonomisation-economique-des-femmes\\\/\",\"url\":\"https:\\\/\\\/cbie.ca\\\/fr\\\/reflexions-sur-le-programme-leap-feminisme-creation-dentreprise-et-autonomisation-economique-des-femmes\\\/\",\"name\":\"R\u00e9flexions sur le programme LEAP : f\u00e9minisme, cr\u00e9ation d\u2019entreprise et autonomisation \u00e9conomique des femmes - CBIE\",\"isPartOf\":{\"@id\":\"https:\\\/\\\/cbie.ca\\\/#website\"},\"primaryImageOfPage\":{\"@id\":\"https:\\\/\\\/cbie.ca\\\/fr\\\/reflexions-sur-le-programme-leap-feminisme-creation-dentreprise-et-autonomisation-economique-des-femmes\\\/#primaryimage\"},\"image\":{\"@id\":\"https:\\\/\\\/cbie.ca\\\/fr\\\/reflexions-sur-le-programme-leap-feminisme-creation-dentreprise-et-autonomisation-economique-des-femmes\\\/#primaryimage\"},\"thumbnailUrl\":\"https:\\\/\\\/cbie.ca\\\/wp-content\\\/uploads\\\/2018\\\/03\\\/IMG_3825.jpg\",\"datePublished\":\"2018-03-21T15:14:40+00:00\",\"dateModified\":\"2020-02-05T16:42:09+00:00\",\"author\":{\"@id\":\"https:\\\/\\\/cbie.ca\\\/#\\\/schema\\\/person\\\/cb3789156294f7d322bca9b07f192e1c\"},\"breadcrumb\":{\"@id\":\"https:\\\/\\\/cbie.ca\\\/fr\\\/reflexions-sur-le-programme-leap-feminisme-creation-dentreprise-et-autonomisation-economique-des-femmes\\\/#breadcrumb\"},\"inLanguage\":\"fr-FR\",\"potentialAction\":[{\"@type\":\"ReadAction\",\"target\":[\"https:\\\/\\\/cbie.ca\\\/fr\\\/reflexions-sur-le-programme-leap-feminisme-creation-dentreprise-et-autonomisation-economique-des-femmes\\\/\"]}]},{\"@type\":\"ImageObject\",\"inLanguage\":\"fr-FR\",\"@id\":\"https:\\\/\\\/cbie.ca\\\/fr\\\/reflexions-sur-le-programme-leap-feminisme-creation-dentreprise-et-autonomisation-economique-des-femmes\\\/#primaryimage\",\"url\":\"https:\\\/\\\/cbie.ca\\\/wp-content\\\/uploads\\\/2018\\\/03\\\/IMG_3825.jpg\",\"contentUrl\":\"https:\\\/\\\/cbie.ca\\\/wp-content\\\/uploads\\\/2018\\\/03\\\/IMG_3825.jpg\",\"width\":1288,\"height\":966},{\"@type\":\"BreadcrumbList\",\"@id\":\"https:\\\/\\\/cbie.ca\\\/fr\\\/reflexions-sur-le-programme-leap-feminisme-creation-dentreprise-et-autonomisation-economique-des-femmes\\\/#breadcrumb\",\"itemListElement\":[{\"@type\":\"ListItem\",\"position\":1,\"name\":\"Home\",\"item\":\"https:\\\/\\\/cbie.ca\\\/fr\\\/\"},{\"@type\":\"ListItem\",\"position\":2,\"name\":\"R\u00e9flexions sur le programme LEAP : f\u00e9minisme, cr\u00e9ation d\u2019entreprise et autonomisation \u00e9conomique des femmes\"}]},{\"@type\":\"WebSite\",\"@id\":\"https:\\\/\\\/cbie.ca\\\/#website\",\"url\":\"https:\\\/\\\/cbie.ca\\\/\",\"name\":\"Canadian Bureau for International Education\",\"description\":\"\",\"potentialAction\":[{\"@type\":\"SearchAction\",\"target\":{\"@type\":\"EntryPoint\",\"urlTemplate\":\"https:\\\/\\\/cbie.ca\\\/?s={search_term_string}\"},\"query-input\":{\"@type\":\"PropertyValueSpecification\",\"valueRequired\":true,\"valueName\":\"search_term_string\"}}],\"inLanguage\":\"fr-FR\"},{\"@type\":\"Person\",\"@id\":\"https:\\\/\\\/cbie.ca\\\/#\\\/schema\\\/person\\\/cb3789156294f7d322bca9b07f192e1c\",\"name\":\"CBIE-BCEI\",\"image\":{\"@type\":\"ImageObject\",\"inLanguage\":\"fr-FR\",\"@id\":\"https:\\\/\\\/secure.gravatar.com\\\/avatar\\\/d274f7550e676f39e6efa6dab362dac481e1572fbefce28e0a1d4904346afba8?s=96&d=mm&r=g\",\"url\":\"https:\\\/\\\/secure.gravatar.com\\\/avatar\\\/d274f7550e676f39e6efa6dab362dac481e1572fbefce28e0a1d4904346afba8?s=96&d=mm&r=g\",\"contentUrl\":\"https:\\\/\\\/secure.gravatar.com\\\/avatar\\\/d274f7550e676f39e6efa6dab362dac481e1572fbefce28e0a1d4904346afba8?s=96&d=mm&r=g\",\"caption\":\"CBIE-BCEI\"},\"url\":\"https:\\\/\\\/cbie.ca\\\/fr\\\/author\\\/cbie-2-2-2-2-2-2\\\/\"}]}<\/script>\n<!-- \/ Yoast SEO plugin. -->","yoast_head_json":{"title":"R\u00e9flexions sur le programme LEAP : f\u00e9minisme, cr\u00e9ation d\u2019entreprise et autonomisation \u00e9conomique des femmes - CBIE","robots":{"index":"index","follow":"follow","max-snippet":"max-snippet:-1","max-image-preview":"max-image-preview:large","max-video-preview":"max-video-preview:-1"},"canonical":"https:\/\/cbie.ca\/fr\/reflexions-sur-le-programme-leap-feminisme-creation-dentreprise-et-autonomisation-economique-des-femmes\/","og_locale":"fr_FR","og_type":"article","og_title":"R\u00e9flexions sur le programme LEAP : f\u00e9minisme, cr\u00e9ation d\u2019entreprise et autonomisation \u00e9conomique des femmes - CBIE","og_description":"[vc_row][vc_column][vc_column_text]J\u2019\u00e9cris ce billet le jour de la Journ\u00e9e internationale des droits de la femme\u00a0: gr\u00e2ce \u00e0 mon travail, je ne me suis jamais sentie aussi pr\u00e8s du mouvement mondial de [&hellip;]","og_url":"https:\/\/cbie.ca\/fr\/reflexions-sur-le-programme-leap-feminisme-creation-dentreprise-et-autonomisation-economique-des-femmes\/","og_site_name":"CBIE","article_published_time":"2018-03-21T15:14:40+00:00","article_modified_time":"2020-02-05T16:42:09+00:00","og_image":[{"width":1288,"height":966,"url":"https:\/\/cbie.ca\/wp-content\/uploads\/2018\/03\/IMG_3825.jpg","type":"image\/jpeg"}],"author":"CBIE-BCEI","twitter_card":"summary_large_image","twitter_misc":{"\u00c9crit par":"CBIE-BCEI","Dur\u00e9e de lecture estim\u00e9e":"4 minutes"},"schema":{"@context":"https:\/\/schema.org","@graph":[{"@type":"Article","@id":"https:\/\/cbie.ca\/fr\/reflexions-sur-le-programme-leap-feminisme-creation-dentreprise-et-autonomisation-economique-des-femmes\/#article","isPartOf":{"@id":"https:\/\/cbie.ca\/fr\/reflexions-sur-le-programme-leap-feminisme-creation-dentreprise-et-autonomisation-economique-des-femmes\/"},"author":{"name":"CBIE-BCEI","@id":"https:\/\/cbie.ca\/#\/schema\/person\/cb3789156294f7d322bca9b07f192e1c"},"headline":"R\u00e9flexions sur le programme LEAP : f\u00e9minisme, cr\u00e9ation d\u2019entreprise et autonomisation \u00e9conomique des femmes","datePublished":"2018-03-21T15:14:40+00:00","dateModified":"2020-02-05T16:42:09+00:00","mainEntityOfPage":{"@id":"https:\/\/cbie.ca\/fr\/reflexions-sur-le-programme-leap-feminisme-creation-dentreprise-et-autonomisation-economique-des-femmes\/"},"wordCount":824,"image":{"@id":"https:\/\/cbie.ca\/fr\/reflexions-sur-le-programme-leap-feminisme-creation-dentreprise-et-autonomisation-economique-des-femmes\/#primaryimage"},"thumbnailUrl":"https:\/\/cbie.ca\/wp-content\/uploads\/2018\/03\/IMG_3825.jpg","articleSection":["LEAP","Sans fronti\u00e8res"],"inLanguage":"fr-FR"},{"@type":"WebPage","@id":"https:\/\/cbie.ca\/fr\/reflexions-sur-le-programme-leap-feminisme-creation-dentreprise-et-autonomisation-economique-des-femmes\/","url":"https:\/\/cbie.ca\/fr\/reflexions-sur-le-programme-leap-feminisme-creation-dentreprise-et-autonomisation-economique-des-femmes\/","name":"R\u00e9flexions sur le programme LEAP : f\u00e9minisme, cr\u00e9ation d\u2019entreprise et autonomisation \u00e9conomique des femmes - CBIE","isPartOf":{"@id":"https:\/\/cbie.ca\/#website"},"primaryImageOfPage":{"@id":"https:\/\/cbie.ca\/fr\/reflexions-sur-le-programme-leap-feminisme-creation-dentreprise-et-autonomisation-economique-des-femmes\/#primaryimage"},"image":{"@id":"https:\/\/cbie.ca\/fr\/reflexions-sur-le-programme-leap-feminisme-creation-dentreprise-et-autonomisation-economique-des-femmes\/#primaryimage"},"thumbnailUrl":"https:\/\/cbie.ca\/wp-content\/uploads\/2018\/03\/IMG_3825.jpg","datePublished":"2018-03-21T15:14:40+00:00","dateModified":"2020-02-05T16:42:09+00:00","author":{"@id":"https:\/\/cbie.ca\/#\/schema\/person\/cb3789156294f7d322bca9b07f192e1c"},"breadcrumb":{"@id":"https:\/\/cbie.ca\/fr\/reflexions-sur-le-programme-leap-feminisme-creation-dentreprise-et-autonomisation-economique-des-femmes\/#breadcrumb"},"inLanguage":"fr-FR","potentialAction":[{"@type":"ReadAction","target":["https:\/\/cbie.ca\/fr\/reflexions-sur-le-programme-leap-feminisme-creation-dentreprise-et-autonomisation-economique-des-femmes\/"]}]},{"@type":"ImageObject","inLanguage":"fr-FR","@id":"https:\/\/cbie.ca\/fr\/reflexions-sur-le-programme-leap-feminisme-creation-dentreprise-et-autonomisation-economique-des-femmes\/#primaryimage","url":"https:\/\/cbie.ca\/wp-content\/uploads\/2018\/03\/IMG_3825.jpg","contentUrl":"https:\/\/cbie.ca\/wp-content\/uploads\/2018\/03\/IMG_3825.jpg","width":1288,"height":966},{"@type":"BreadcrumbList","@id":"https:\/\/cbie.ca\/fr\/reflexions-sur-le-programme-leap-feminisme-creation-dentreprise-et-autonomisation-economique-des-femmes\/#breadcrumb","itemListElement":[{"@type":"ListItem","position":1,"name":"Home","item":"https:\/\/cbie.ca\/fr\/"},{"@type":"ListItem","position":2,"name":"R\u00e9flexions sur le programme LEAP : f\u00e9minisme, cr\u00e9ation d\u2019entreprise et autonomisation \u00e9conomique des femmes"}]},{"@type":"WebSite","@id":"https:\/\/cbie.ca\/#website","url":"https:\/\/cbie.ca\/","name":"Canadian Bureau for International Education","description":"","potentialAction":[{"@type":"SearchAction","target":{"@type":"EntryPoint","urlTemplate":"https:\/\/cbie.ca\/?s={search_term_string}"},"query-input":{"@type":"PropertyValueSpecification","valueRequired":true,"valueName":"search_term_string"}}],"inLanguage":"fr-FR"},{"@type":"Person","@id":"https:\/\/cbie.ca\/#\/schema\/person\/cb3789156294f7d322bca9b07f192e1c","name":"CBIE-BCEI","image":{"@type":"ImageObject","inLanguage":"fr-FR","@id":"https:\/\/secure.gravatar.com\/avatar\/d274f7550e676f39e6efa6dab362dac481e1572fbefce28e0a1d4904346afba8?s=96&d=mm&r=g","url":"https:\/\/secure.gravatar.com\/avatar\/d274f7550e676f39e6efa6dab362dac481e1572fbefce28e0a1d4904346afba8?s=96&d=mm&r=g","contentUrl":"https:\/\/secure.gravatar.com\/avatar\/d274f7550e676f39e6efa6dab362dac481e1572fbefce28e0a1d4904346afba8?s=96&d=mm&r=g","caption":"CBIE-BCEI"},"url":"https:\/\/cbie.ca\/fr\/author\/cbie-2-2-2-2-2-2\/"}]}},"_links":{"self":[{"href":"https:\/\/cbie.ca\/fr\/wp-json\/wp\/v2\/posts\/31669","targetHints":{"allow":["GET"]}}],"collection":[{"href":"https:\/\/cbie.ca\/fr\/wp-json\/wp\/v2\/posts"}],"about":[{"href":"https:\/\/cbie.ca\/fr\/wp-json\/wp\/v2\/types\/post"}],"author":[{"embeddable":true,"href":"https:\/\/cbie.ca\/fr\/wp-json\/wp\/v2\/users\/2"}],"replies":[{"embeddable":true,"href":"https:\/\/cbie.ca\/fr\/wp-json\/wp\/v2\/comments?post=31669"}],"version-history":[{"count":0,"href":"https:\/\/cbie.ca\/fr\/wp-json\/wp\/v2\/posts\/31669\/revisions"}],"wp:featuredmedia":[{"embeddable":true,"href":"https:\/\/cbie.ca\/fr\/wp-json\/wp\/v2\/media\/31653"}],"wp:attachment":[{"href":"https:\/\/cbie.ca\/fr\/wp-json\/wp\/v2\/media?parent=31669"}],"wp:term":[{"taxonomy":"category","embeddable":true,"href":"https:\/\/cbie.ca\/fr\/wp-json\/wp\/v2\/categories?post=31669"},{"taxonomy":"post_tag","embeddable":true,"href":"https:\/\/cbie.ca\/fr\/wp-json\/wp\/v2\/tags?post=31669"}],"curies":[{"name":"wp","href":"https:\/\/api.w.org\/{rel}","templated":true}]}}