{"id":31522,"date":"2018-03-12T12:49:26","date_gmt":"2018-03-12T16:49:26","guid":{"rendered":"https:\/\/cbieca.wpenginepowered.com\/join-cbies-international-housing-settlement-services-professional-learning-community\/"},"modified":"2018-03-15T14:04:25","modified_gmt":"2018-03-15T18:04:25","slug":"faites-partie-de-la-communaute-dapprentissage-professionnel-du-bcei-sur-les-services-internationaux-de-logement-et-dinstallation","status":"publish","type":"post","link":"https:\/\/cbie.ca\/fr\/faites-partie-de-la-communaute-dapprentissage-professionnel-du-bcei-sur-les-services-internationaux-de-logement-et-dinstallation\/","title":{"rendered":"Faites partie de la communaut\u00e9 d\u2019apprentissage professionnel du BCEI sur les services internationaux de logement et d\u2019installation!"},"content":{"rendered":"<div class=\"wpb-content-wrapper\"><p>[vc_row][vc_column][vc_column_text]La communaut\u00e9 d\u2019apprentissage professionnel sur les services internationaux de logement et d\u2019installation est un r\u00e9seau o\u00f9 les employ\u00e9s d\u2019\u00e9tablissements membres peuvent partager leurs connaissances et leurs ressources, \u00e9tablir des liens et am\u00e9liorer leurs comp\u00e9tences dans des r\u00f4les qui aident les \u00e9tudiants internationaux et qui facilitent leurs besoins de logement et d\u2019installation.<\/p>\n<p>Les membres des communaut\u00e9s d\u2019apprentissage professionnel du BCEI se r\u00e9unissent en personne une fois par an au cours d\u2019une r\u00e9union pendant le congr\u00e8s et virtuellement pendant l\u2019ann\u00e9e par des listservs.[\/vc_column_text]<div class=\"spacer\" style=\"height: 30px;\"><\/div><a href=\"https:\/\/ca.surveygizmo.com\/s3\/50021426\/Join-CBIE-s-International-Housing-Settlement-Services-PLC\" target=\"_blank\" class=\"button color-1 small btn-blue\" style=\"border-radius: 2px;\">Adh\u00e9sion<\/a><div class=\"spacer\" style=\"height: 30px;\"><\/div>[vc_column_text]<strong>Votre \u00e9tablissement doit \u00eatre membre du BCEI pour vous joindre \u00e0 cette communaut\u00e9 d\u2019apprentissage professionnel. Consultez la <a href=\"https:\/\/cbie.ca\/fr\/notre-reseau\/membres-et-associes\/?lang=fr\">liste de nos membres<\/a> pour savoir si vous \u00eates admissibles.\u00a0<\/strong><\/p>\n<p><em>Pour en savoir plus, envoyez un courriel \u00e0 Leah Nord, directrice, relations avec les membres, le CA et les intervenants \u00e0 <a href=\"mailto:lnord@cbie.ca\">lnord@cbie.ca<\/a>.<\/em>[\/vc_column_text][\/vc_column][\/vc_row]<\/p>\n<\/div>","protected":false},"excerpt":{"rendered":"<p>[vc_row][vc_column][vc_column_text]La communaut\u00e9 d\u2019apprentissage professionnel sur les services internationaux de logement et d\u2019installation est un r\u00e9seau o\u00f9 les employ\u00e9s d\u2019\u00e9tablissements membres peuvent partager leurs connaissances et leurs ressources, \u00e9tablir des liens [&hellip;]<\/p>\n","protected":false},"author":2,"featured_media":24747,"comment_status":"closed","ping_status":"closed","sticky":false,"template":"","format":"standard","meta":{"_acf_changed":false,"footnotes":""},"categories":[68],"tags":[],"class_list":["post-31522","post","type-post","status-publish","format-standard","has-post-thumbnail","hentry","category-non-classifiee"],"acf":[],"yoast_head":"<!-- This site is optimized with the Yoast SEO plugin v27.5 - https:\/\/yoast.com\/product\/yoast-seo-wordpress\/ -->\n<title>Faites partie de la communaut\u00e9 d\u2019apprentissage professionnel du BCEI sur les services internationaux de logement et d\u2019installation! - CBIE<\/title>\n<meta name=\"robots\" content=\"index, follow, max-snippet:-1, max-image-preview:large, max-video-preview:-1\" \/>\n<link rel=\"canonical\" href=\"https:\/\/cbie.ca\/fr\/faites-partie-de-la-communaute-dapprentissage-professionnel-du-bcei-sur-les-services-internationaux-de-logement-et-dinstallation\/\" \/>\n<meta property=\"og:locale\" content=\"fr_FR\" \/>\n<meta property=\"og:type\" content=\"article\" \/>\n<meta property=\"og:title\" content=\"Faites partie de la communaut\u00e9 d\u2019apprentissage professionnel du BCEI sur les services internationaux de logement et d\u2019installation! - CBIE\" \/>\n<meta property=\"og:description\" content=\"[vc_row][vc_column][vc_column_text]La communaut\u00e9 d\u2019apprentissage professionnel sur les services internationaux de logement et d\u2019installation est un r\u00e9seau o\u00f9 les employ\u00e9s d\u2019\u00e9tablissements membres peuvent partager leurs connaissances et leurs ressources, \u00e9tablir des liens [&hellip;]\" \/>\n<meta property=\"og:url\" content=\"https:\/\/cbie.ca\/fr\/faites-partie-de-la-communaute-dapprentissage-professionnel-du-bcei-sur-les-services-internationaux-de-logement-et-dinstallation\/\" \/>\n<meta property=\"og:site_name\" content=\"CBIE\" \/>\n<meta property=\"article:published_time\" content=\"2018-03-12T16:49:26+00:00\" \/>\n<meta property=\"article:modified_time\" content=\"2018-03-15T18:04:25+00:00\" \/>\n<meta property=\"og:image\" content=\"https:\/\/cbie.ca\/wp-content\/uploads\/2017\/01\/2017.jpg\" \/>\n\t<meta property=\"og:image:width\" content=\"2000\" \/>\n\t<meta property=\"og:image:height\" content=\"1240\" \/>\n\t<meta property=\"og:image:type\" content=\"image\/jpeg\" \/>\n<meta name=\"author\" content=\"CBIE-BCEI\" \/>\n<meta name=\"twitter:card\" content=\"summary_large_image\" \/>\n<meta name=\"twitter:label1\" content=\"\u00c9crit par\" \/>\n\t<meta name=\"twitter:data1\" content=\"CBIE-BCEI\" \/>\n\t<meta name=\"twitter:label2\" content=\"Dur\u00e9e de lecture estim\u00e9e\" \/>\n\t<meta name=\"twitter:data2\" content=\"1 minute\" \/>\n<script type=\"application\/ld+json\" class=\"yoast-schema-graph\">{\"@context\":\"https:\\\/\\\/schema.org\",\"@graph\":[{\"@type\":\"Article\",\"@id\":\"https:\\\/\\\/cbie.ca\\\/fr\\\/faites-partie-de-la-communaute-dapprentissage-professionnel-du-bcei-sur-les-services-internationaux-de-logement-et-dinstallation\\\/#article\",\"isPartOf\":{\"@id\":\"https:\\\/\\\/cbie.ca\\\/fr\\\/faites-partie-de-la-communaute-dapprentissage-professionnel-du-bcei-sur-les-services-internationaux-de-logement-et-dinstallation\\\/\"},\"author\":{\"name\":\"CBIE-BCEI\",\"@id\":\"https:\\\/\\\/cbie.ca\\\/#\\\/schema\\\/person\\\/cb3789156294f7d322bca9b07f192e1c\"},\"headline\":\"Faites partie de la communaut\u00e9 d\u2019apprentissage professionnel du BCEI sur les services internationaux de logement et d\u2019installation!\",\"datePublished\":\"2018-03-12T16:49:26+00:00\",\"dateModified\":\"2018-03-15T18:04:25+00:00\",\"mainEntityOfPage\":{\"@id\":\"https:\\\/\\\/cbie.ca\\\/fr\\\/faites-partie-de-la-communaute-dapprentissage-professionnel-du-bcei-sur-les-services-internationaux-de-logement-et-dinstallation\\\/\"},\"wordCount\":209,\"image\":{\"@id\":\"https:\\\/\\\/cbie.ca\\\/fr\\\/faites-partie-de-la-communaute-dapprentissage-professionnel-du-bcei-sur-les-services-internationaux-de-logement-et-dinstallation\\\/#primaryimage\"},\"thumbnailUrl\":\"https:\\\/\\\/cbie.ca\\\/wp-content\\\/uploads\\\/2017\\\/01\\\/2017.jpg\",\"articleSection\":[\"Non classifi\u00e9(e)\"],\"inLanguage\":\"fr-FR\"},{\"@type\":\"WebPage\",\"@id\":\"https:\\\/\\\/cbie.ca\\\/fr\\\/faites-partie-de-la-communaute-dapprentissage-professionnel-du-bcei-sur-les-services-internationaux-de-logement-et-dinstallation\\\/\",\"url\":\"https:\\\/\\\/cbie.ca\\\/fr\\\/faites-partie-de-la-communaute-dapprentissage-professionnel-du-bcei-sur-les-services-internationaux-de-logement-et-dinstallation\\\/\",\"name\":\"Faites partie de la communaut\u00e9 d\u2019apprentissage professionnel du BCEI sur les services internationaux de logement et d\u2019installation! - CBIE\",\"isPartOf\":{\"@id\":\"https:\\\/\\\/cbie.ca\\\/#website\"},\"primaryImageOfPage\":{\"@id\":\"https:\\\/\\\/cbie.ca\\\/fr\\\/faites-partie-de-la-communaute-dapprentissage-professionnel-du-bcei-sur-les-services-internationaux-de-logement-et-dinstallation\\\/#primaryimage\"},\"image\":{\"@id\":\"https:\\\/\\\/cbie.ca\\\/fr\\\/faites-partie-de-la-communaute-dapprentissage-professionnel-du-bcei-sur-les-services-internationaux-de-logement-et-dinstallation\\\/#primaryimage\"},\"thumbnailUrl\":\"https:\\\/\\\/cbie.ca\\\/wp-content\\\/uploads\\\/2017\\\/01\\\/2017.jpg\",\"datePublished\":\"2018-03-12T16:49:26+00:00\",\"dateModified\":\"2018-03-15T18:04:25+00:00\",\"author\":{\"@id\":\"https:\\\/\\\/cbie.ca\\\/#\\\/schema\\\/person\\\/cb3789156294f7d322bca9b07f192e1c\"},\"breadcrumb\":{\"@id\":\"https:\\\/\\\/cbie.ca\\\/fr\\\/faites-partie-de-la-communaute-dapprentissage-professionnel-du-bcei-sur-les-services-internationaux-de-logement-et-dinstallation\\\/#breadcrumb\"},\"inLanguage\":\"fr-FR\",\"potentialAction\":[{\"@type\":\"ReadAction\",\"target\":[\"https:\\\/\\\/cbie.ca\\\/fr\\\/faites-partie-de-la-communaute-dapprentissage-professionnel-du-bcei-sur-les-services-internationaux-de-logement-et-dinstallation\\\/\"]}]},{\"@type\":\"ImageObject\",\"inLanguage\":\"fr-FR\",\"@id\":\"https:\\\/\\\/cbie.ca\\\/fr\\\/faites-partie-de-la-communaute-dapprentissage-professionnel-du-bcei-sur-les-services-internationaux-de-logement-et-dinstallation\\\/#primaryimage\",\"url\":\"https:\\\/\\\/cbie.ca\\\/wp-content\\\/uploads\\\/2017\\\/01\\\/2017.jpg\",\"contentUrl\":\"https:\\\/\\\/cbie.ca\\\/wp-content\\\/uploads\\\/2017\\\/01\\\/2017.jpg\",\"width\":2000,\"height\":1240,\"caption\":\"Group of Business People Working on an Office Desk\"},{\"@type\":\"BreadcrumbList\",\"@id\":\"https:\\\/\\\/cbie.ca\\\/fr\\\/faites-partie-de-la-communaute-dapprentissage-professionnel-du-bcei-sur-les-services-internationaux-de-logement-et-dinstallation\\\/#breadcrumb\",\"itemListElement\":[{\"@type\":\"ListItem\",\"position\":1,\"name\":\"Home\",\"item\":\"https:\\\/\\\/cbie.ca\\\/fr\\\/\"},{\"@type\":\"ListItem\",\"position\":2,\"name\":\"Faites partie de la communaut\u00e9 d\u2019apprentissage professionnel du BCEI sur les services internationaux de logement et d\u2019installation!\"}]},{\"@type\":\"WebSite\",\"@id\":\"https:\\\/\\\/cbie.ca\\\/#website\",\"url\":\"https:\\\/\\\/cbie.ca\\\/\",\"name\":\"Canadian Bureau for International Education\",\"description\":\"\",\"potentialAction\":[{\"@type\":\"SearchAction\",\"target\":{\"@type\":\"EntryPoint\",\"urlTemplate\":\"https:\\\/\\\/cbie.ca\\\/?s={search_term_string}\"},\"query-input\":{\"@type\":\"PropertyValueSpecification\",\"valueRequired\":true,\"valueName\":\"search_term_string\"}}],\"inLanguage\":\"fr-FR\"},{\"@type\":\"Person\",\"@id\":\"https:\\\/\\\/cbie.ca\\\/#\\\/schema\\\/person\\\/cb3789156294f7d322bca9b07f192e1c\",\"name\":\"CBIE-BCEI\",\"image\":{\"@type\":\"ImageObject\",\"inLanguage\":\"fr-FR\",\"@id\":\"https:\\\/\\\/secure.gravatar.com\\\/avatar\\\/d274f7550e676f39e6efa6dab362dac481e1572fbefce28e0a1d4904346afba8?s=96&d=mm&r=g\",\"url\":\"https:\\\/\\\/secure.gravatar.com\\\/avatar\\\/d274f7550e676f39e6efa6dab362dac481e1572fbefce28e0a1d4904346afba8?s=96&d=mm&r=g\",\"contentUrl\":\"https:\\\/\\\/secure.gravatar.com\\\/avatar\\\/d274f7550e676f39e6efa6dab362dac481e1572fbefce28e0a1d4904346afba8?s=96&d=mm&r=g\",\"caption\":\"CBIE-BCEI\"},\"url\":\"https:\\\/\\\/cbie.ca\\\/fr\\\/author\\\/cbie-2-2-2-2-2-2\\\/\"}]}<\/script>\n<!-- \/ Yoast SEO plugin. -->","yoast_head_json":{"title":"Faites partie de la communaut\u00e9 d\u2019apprentissage professionnel du BCEI sur les services internationaux de logement et d\u2019installation! - CBIE","robots":{"index":"index","follow":"follow","max-snippet":"max-snippet:-1","max-image-preview":"max-image-preview:large","max-video-preview":"max-video-preview:-1"},"canonical":"https:\/\/cbie.ca\/fr\/faites-partie-de-la-communaute-dapprentissage-professionnel-du-bcei-sur-les-services-internationaux-de-logement-et-dinstallation\/","og_locale":"fr_FR","og_type":"article","og_title":"Faites partie de la communaut\u00e9 d\u2019apprentissage professionnel du BCEI sur les services internationaux de logement et d\u2019installation! - CBIE","og_description":"[vc_row][vc_column][vc_column_text]La communaut\u00e9 d\u2019apprentissage professionnel sur les services internationaux de logement et d\u2019installation est un r\u00e9seau o\u00f9 les employ\u00e9s d\u2019\u00e9tablissements membres peuvent partager leurs connaissances et leurs ressources, \u00e9tablir des liens [&hellip;]","og_url":"https:\/\/cbie.ca\/fr\/faites-partie-de-la-communaute-dapprentissage-professionnel-du-bcei-sur-les-services-internationaux-de-logement-et-dinstallation\/","og_site_name":"CBIE","article_published_time":"2018-03-12T16:49:26+00:00","article_modified_time":"2018-03-15T18:04:25+00:00","og_image":[{"width":2000,"height":1240,"url":"https:\/\/cbie.ca\/wp-content\/uploads\/2017\/01\/2017.jpg","type":"image\/jpeg"}],"author":"CBIE-BCEI","twitter_card":"summary_large_image","twitter_misc":{"\u00c9crit par":"CBIE-BCEI","Dur\u00e9e de lecture estim\u00e9e":"1 minute"},"schema":{"@context":"https:\/\/schema.org","@graph":[{"@type":"Article","@id":"https:\/\/cbie.ca\/fr\/faites-partie-de-la-communaute-dapprentissage-professionnel-du-bcei-sur-les-services-internationaux-de-logement-et-dinstallation\/#article","isPartOf":{"@id":"https:\/\/cbie.ca\/fr\/faites-partie-de-la-communaute-dapprentissage-professionnel-du-bcei-sur-les-services-internationaux-de-logement-et-dinstallation\/"},"author":{"name":"CBIE-BCEI","@id":"https:\/\/cbie.ca\/#\/schema\/person\/cb3789156294f7d322bca9b07f192e1c"},"headline":"Faites partie de la communaut\u00e9 d\u2019apprentissage professionnel du BCEI sur les services internationaux de logement et d\u2019installation!","datePublished":"2018-03-12T16:49:26+00:00","dateModified":"2018-03-15T18:04:25+00:00","mainEntityOfPage":{"@id":"https:\/\/cbie.ca\/fr\/faites-partie-de-la-communaute-dapprentissage-professionnel-du-bcei-sur-les-services-internationaux-de-logement-et-dinstallation\/"},"wordCount":209,"image":{"@id":"https:\/\/cbie.ca\/fr\/faites-partie-de-la-communaute-dapprentissage-professionnel-du-bcei-sur-les-services-internationaux-de-logement-et-dinstallation\/#primaryimage"},"thumbnailUrl":"https:\/\/cbie.ca\/wp-content\/uploads\/2017\/01\/2017.jpg","articleSection":["Non classifi\u00e9(e)"],"inLanguage":"fr-FR"},{"@type":"WebPage","@id":"https:\/\/cbie.ca\/fr\/faites-partie-de-la-communaute-dapprentissage-professionnel-du-bcei-sur-les-services-internationaux-de-logement-et-dinstallation\/","url":"https:\/\/cbie.ca\/fr\/faites-partie-de-la-communaute-dapprentissage-professionnel-du-bcei-sur-les-services-internationaux-de-logement-et-dinstallation\/","name":"Faites partie de la communaut\u00e9 d\u2019apprentissage professionnel du BCEI sur les services internationaux de logement et d\u2019installation! - CBIE","isPartOf":{"@id":"https:\/\/cbie.ca\/#website"},"primaryImageOfPage":{"@id":"https:\/\/cbie.ca\/fr\/faites-partie-de-la-communaute-dapprentissage-professionnel-du-bcei-sur-les-services-internationaux-de-logement-et-dinstallation\/#primaryimage"},"image":{"@id":"https:\/\/cbie.ca\/fr\/faites-partie-de-la-communaute-dapprentissage-professionnel-du-bcei-sur-les-services-internationaux-de-logement-et-dinstallation\/#primaryimage"},"thumbnailUrl":"https:\/\/cbie.ca\/wp-content\/uploads\/2017\/01\/2017.jpg","datePublished":"2018-03-12T16:49:26+00:00","dateModified":"2018-03-15T18:04:25+00:00","author":{"@id":"https:\/\/cbie.ca\/#\/schema\/person\/cb3789156294f7d322bca9b07f192e1c"},"breadcrumb":{"@id":"https:\/\/cbie.ca\/fr\/faites-partie-de-la-communaute-dapprentissage-professionnel-du-bcei-sur-les-services-internationaux-de-logement-et-dinstallation\/#breadcrumb"},"inLanguage":"fr-FR","potentialAction":[{"@type":"ReadAction","target":["https:\/\/cbie.ca\/fr\/faites-partie-de-la-communaute-dapprentissage-professionnel-du-bcei-sur-les-services-internationaux-de-logement-et-dinstallation\/"]}]},{"@type":"ImageObject","inLanguage":"fr-FR","@id":"https:\/\/cbie.ca\/fr\/faites-partie-de-la-communaute-dapprentissage-professionnel-du-bcei-sur-les-services-internationaux-de-logement-et-dinstallation\/#primaryimage","url":"https:\/\/cbie.ca\/wp-content\/uploads\/2017\/01\/2017.jpg","contentUrl":"https:\/\/cbie.ca\/wp-content\/uploads\/2017\/01\/2017.jpg","width":2000,"height":1240,"caption":"Group of Business People Working on an Office Desk"},{"@type":"BreadcrumbList","@id":"https:\/\/cbie.ca\/fr\/faites-partie-de-la-communaute-dapprentissage-professionnel-du-bcei-sur-les-services-internationaux-de-logement-et-dinstallation\/#breadcrumb","itemListElement":[{"@type":"ListItem","position":1,"name":"Home","item":"https:\/\/cbie.ca\/fr\/"},{"@type":"ListItem","position":2,"name":"Faites partie de la communaut\u00e9 d\u2019apprentissage professionnel du BCEI sur les services internationaux de logement et d\u2019installation!"}]},{"@type":"WebSite","@id":"https:\/\/cbie.ca\/#website","url":"https:\/\/cbie.ca\/","name":"Canadian Bureau for International Education","description":"","potentialAction":[{"@type":"SearchAction","target":{"@type":"EntryPoint","urlTemplate":"https:\/\/cbie.ca\/?s={search_term_string}"},"query-input":{"@type":"PropertyValueSpecification","valueRequired":true,"valueName":"search_term_string"}}],"inLanguage":"fr-FR"},{"@type":"Person","@id":"https:\/\/cbie.ca\/#\/schema\/person\/cb3789156294f7d322bca9b07f192e1c","name":"CBIE-BCEI","image":{"@type":"ImageObject","inLanguage":"fr-FR","@id":"https:\/\/secure.gravatar.com\/avatar\/d274f7550e676f39e6efa6dab362dac481e1572fbefce28e0a1d4904346afba8?s=96&d=mm&r=g","url":"https:\/\/secure.gravatar.com\/avatar\/d274f7550e676f39e6efa6dab362dac481e1572fbefce28e0a1d4904346afba8?s=96&d=mm&r=g","contentUrl":"https:\/\/secure.gravatar.com\/avatar\/d274f7550e676f39e6efa6dab362dac481e1572fbefce28e0a1d4904346afba8?s=96&d=mm&r=g","caption":"CBIE-BCEI"},"url":"https:\/\/cbie.ca\/fr\/author\/cbie-2-2-2-2-2-2\/"}]}},"_links":{"self":[{"href":"https:\/\/cbie.ca\/fr\/wp-json\/wp\/v2\/posts\/31522","targetHints":{"allow":["GET"]}}],"collection":[{"href":"https:\/\/cbie.ca\/fr\/wp-json\/wp\/v2\/posts"}],"about":[{"href":"https:\/\/cbie.ca\/fr\/wp-json\/wp\/v2\/types\/post"}],"author":[{"embeddable":true,"href":"https:\/\/cbie.ca\/fr\/wp-json\/wp\/v2\/users\/2"}],"replies":[{"embeddable":true,"href":"https:\/\/cbie.ca\/fr\/wp-json\/wp\/v2\/comments?post=31522"}],"version-history":[{"count":0,"href":"https:\/\/cbie.ca\/fr\/wp-json\/wp\/v2\/posts\/31522\/revisions"}],"wp:featuredmedia":[{"embeddable":true,"href":"https:\/\/cbie.ca\/fr\/wp-json\/wp\/v2\/media\/24747"}],"wp:attachment":[{"href":"https:\/\/cbie.ca\/fr\/wp-json\/wp\/v2\/media?parent=31522"}],"wp:term":[{"taxonomy":"category","embeddable":true,"href":"https:\/\/cbie.ca\/fr\/wp-json\/wp\/v2\/categories?post=31522"},{"taxonomy":"post_tag","embeddable":true,"href":"https:\/\/cbie.ca\/fr\/wp-json\/wp\/v2\/tags?post=31522"}],"curies":[{"name":"wp","href":"https:\/\/api.w.org\/{rel}","templated":true}]}}