{"id":30600,"date":"2017-12-12T16:06:46","date_gmt":"2017-12-12T21:06:46","guid":{"rendered":"https:\/\/cbieca.wpenginepowered.com\/2017-year-review\/"},"modified":"2020-02-05T11:43:19","modified_gmt":"2020-02-05T16:43:19","slug":"une-annee-sous-la-loupe","status":"publish","type":"post","link":"https:\/\/cbie.ca\/fr\/une-annee-sous-la-loupe\/","title":{"rendered":"2017 : une ann\u00e9e sous la loupe"},"content":{"rendered":"<div class=\"wpb-content-wrapper\"><p>[vc_row][vc_column][vc_column_text]<strong>La fin de l\u2019ann\u00e9e est l\u2019occasion id\u00e9ale de faire le bilan des 12 derniers mois et d\u2019\u00eatre fiers de nos r\u00e9ussites. Voici quelques moments forts de 2017\u00a0:<\/strong><\/p>\n<h5>Ouvrir les fronti\u00e8res du savoir\u00a0: une conversation nationale sur les \u00e9tudes \u00e0 l\u2019\u00e9tranger<\/h5>\n<p><img loading=\"lazy\" decoding=\"async\" class=\"aligncenter wp-image-29478 size-full\" src=\"https:\/\/cbie.ca\/wp-content\/uploads\/2016\/07\/2.jpg\" alt=\"\" width=\"1000\" height=\"800\" srcset=\"https:\/\/cbie.ca\/wp-content\/uploads\/2016\/07\/2.jpg 1000w, https:\/\/cbie.ca\/wp-content\/uploads\/2016\/07\/2-300x240.jpg 300w, https:\/\/cbie.ca\/wp-content\/uploads\/2016\/07\/2-768x614.jpg 768w\" sizes=\"auto, (max-width: 1000px) 100vw, 1000px\" \/><\/p>\n<p>Le 23 f\u00e9vrier, nous avons lanc\u00e9 notre initiative phare <a href=\"https:\/\/cbie.ca\/notre-reseau\/apprendrealetranger\/?lang=fr\">Ouvrir les fronti\u00e8res du savoir<\/a> avec le soutien de plus de 90 de nos \u00e9tablissements membres, qui se sont engag\u00e9s \u00e0 sensibiliser aux bienfaits des \u00e9tudes \u00e0 l\u2019\u00e9tranger et \u00e0 prendre certaines mesures pour que davantage de leurs \u00e9tudiants profitent d\u2019exp\u00e9riences \u00e0 l\u2019\u00e9tranger. Gr\u00e2ce \u00e0 cette campagne, le BCEI a optimis\u00e9 son r\u00e9seau national d\u2019\u00e9tablissements membres, ainsi que ses propres capacit\u00e9s de d\u00e9fense des int\u00e9r\u00eats, de communication, de recherche et de formation continue pour mettre sous les projecteurs l\u2019importance critique des \u00e9tudes \u00e0 l\u2019\u00e9tranger pour les \u00e9tudiants canadiens et pour le pays. Au cours de notre congr\u00e8s annuel \u00e0 Halifax, <a href=\"https:\/\/cbie.ca\/wp-content\/uploads\/2017\/11\/OUVRIR-LES-FRONTI\u00c8RES-DU-SAVOIR-UNE-CONVERSATION-NATIONALE-SUR-LES-\u00c9TUDES-\u00c0-L\u00c9TRANGER-ET-LE-D\u00c9FI-DE-LENGAGEMENT-MONDIAL-DU-CANADA.pdf\" target=\"_blank\" rel=\"noopener noreferrer\">nous avons fait part aux participants des temps forts de la campagne<\/a>.<\/p>\n<h5>Communaut\u00e9 #apprendre\u00e0l\u00e9tranger<\/h5>\n<p><img loading=\"lazy\" decoding=\"async\" class=\"alignleft wp-image-30323 size-medium\" src=\"https:\/\/cbie.ca\/wp-content\/uploads\/2017\/11\/Research-300x182.jpg\" alt=\"\" width=\"300\" height=\"182\" srcset=\"https:\/\/cbie.ca\/wp-content\/uploads\/2017\/11\/Research-300x182.jpg 300w, https:\/\/cbie.ca\/wp-content\/uploads\/2017\/11\/Research-200x120.jpg 200w, https:\/\/cbie.ca\/wp-content\/uploads\/2017\/11\/Research.jpg 600w\" sizes=\"auto, (max-width: 300px) 100vw, 300px\" \/><\/p>\n<p>En avril, nous avons lanc\u00e9 la <a href=\"https:\/\/www.linkedin.com\/groups\/8600497\">Communaut\u00e9 canadienne d\u2019anciens \u00e9tudiants \u00e0 l\u2019\u00e9tranger<\/a> sur LinkedIn, men\u00e9e par des \u00e9tablissements d\u2019enseignement du Canada, et g\u00e9r\u00e9e par le BCEI. Ce r\u00e9seau permet aux Canadiens qui ont d\u00e9j\u00e0 fait des \u00e9tudes \u00e0 l\u2019\u00e9tranger de se rencontrer et de parler \u00e0 d\u2019autres personnes comme eux et de contribuer \u00e0 encourager d\u2019autres personnes \u00e0 faire des \u00e9tudes \u00e0 l\u2019\u00e9tranger en racontant leur histoire, en \u00e9changeant des donn\u00e9es et en prodiguant des conseils. L\u2019adh\u00e9sion \u00e0 ce groupe est ouverte aux Canadiens qui ont d\u00e9j\u00e0 fait des \u00e9tudes \u00e0 l\u2019\u00e9tranger. Le nombre de membres s\u2019est rapidement \u00e9lev\u00e9 \u00e0 plus de 400 personnes.<\/p>\n<h5>Programme d\u2019\u00e9tudes sur l\u2019immigration et les \u00e9tudiants internationaux<\/h5>\n<p>Ce sont 80 \u00e9tudiants qui se sont inscrits \u00e0 notre <a href=\"https:\/\/cbie.ca\/fr\/isiep\/?lang=fr\">Programme d&rsquo;\u00e9tudes sur l&rsquo;immigration et les \u00e9tudiants internationaux<\/a> qui s\u2019adresse aux conseillers d\u2019\u00e9tudiants internationaux, et qui ont re\u00e7u une note moyenne cumulative de r\u00e9ussite \u00e0 l\u2019examen d\u2019acc\u00e8s \u00e0 la pratique de CRIEE de 96\u00a0%!<\/p>\n<h5>Grands enjeux et d\u00e9fis d\u2019immigration<\/h5>\n<p>Cette ann\u00e9e, le comit\u00e9 consultatif du BCEI sur l\u2019immigration a r\u00e9dig\u00e9 une s\u00e9rie de <a href=\"https:\/\/cbie.ca\/wp-content\/uploads\/2017\/06\/IACBriefingNotes.pdf\" target=\"_blank\" rel=\"noopener noreferrer\">notes d&rsquo;information<\/a> portant sur les grands d\u00e9fis rencontr\u00e9s par les \u00e9tudiants internationaux, leurs r\u00e9percussions et des recommandations. Ces notes d\u2019information ont \u00e9t\u00e9 envoy\u00e9es aux membres du BCEI et grands partenaires, y compris nos coll\u00e8gues d\u2019Immigration, R\u00e9fugi\u00e9s et Citoyennet\u00e9 Canada.<\/p>\n<h5>Programme de r\u00e9ussite \u00e9conomique<\/h5>\n<p><img loading=\"lazy\" decoding=\"async\" class=\"aligncenter wp-image-30587 size-large\" src=\"https:\/\/cbie.ca\/wp-content\/uploads\/2017\/12\/LEAP-1024x559.jpg\" alt=\"\" width=\"1024\" height=\"559\" srcset=\"https:\/\/cbie.ca\/wp-content\/uploads\/2017\/12\/LEAP-1024x559.jpg 1024w, https:\/\/cbie.ca\/wp-content\/uploads\/2017\/12\/LEAP-300x164.jpg 300w, https:\/\/cbie.ca\/wp-content\/uploads\/2017\/12\/LEAP-768x419.jpg 768w, https:\/\/cbie.ca\/wp-content\/uploads\/2017\/12\/LEAP.jpg 1126w\" sizes=\"auto, (max-width: 1024px) 100vw, 1024px\" \/><\/p>\n<p>En f\u00e9vrier, le BCEI a commenc\u00e9 la mise en \u0153uvre du <a href=\"https:\/\/cbie.ca\/fr\/la-sous-ministre-adjointe-des-partenariats-pour-linnovation-dans-le-developpement-annonce-un-prix-de-programme-de-reussite-economique-au-50e-congres-annuel-du-bureau-canadien\/?lang=fr\">programme de r\u00e9ussite \u00e9conomique (LEAP)<\/a> pour les femmes de Jordanie, programme de 5 millions de dollars sur 4 ans qui contribue \u00e0 l\u2019autonomisation \u00e9conomique des femmes en favorisant un milieu propice pour les femmes chefs d\u2019entreprise. Ce programme est financ\u00e9 par Affaires mondiales Canada et g\u00e9r\u00e9 par le BCEI, en partenariat avec la Ryerson University et INJAZ.<\/p>\n<h5>Accord avec la Commission on Higher Education (CHED)<\/h5>\n<p>En juin, le Bureau canadien de l\u2019\u00e9ducation internationale et la Commission on Higher Education ont lanc\u00e9 un projet pour renforcer les qualifications et les capacit\u00e9s des \u00e9tablissements philippins d\u2019enseignement sup\u00e9rieur. Ce projet comporte quatre programmes\u00a0: <a href=\"https:\/\/cbie.ca\/fr\/notre-travail\/programmes-actuels\/ched-bcei\/?lang=fr\">la bourse CHED-BCEI pour les \u00e9tudes sup\u00e9rieures au Canada<\/a>, con\u00e7ue pour les enseignants et le personnel non-enseignant des \u00e9tablissements d\u2019enseignement sup\u00e9rieur des Philippines, l\u2019internationalisation des programmes de formation des \u00e9tablissements d\u2019enseignement sup\u00e9rieur; le programme de formation de seconde carri\u00e8re\/d\u2019\u00e9ducation des adultes et le programme e formation en pratiques d\u2019excellence pour les coll\u00e8ges communautaires.<\/p>\n<p>En juillet, le BCEI a assur\u00e9 un programme complet de formation en internationalisation pour les dirigeants d\u2019universit\u00e9s des Philippines. Cette formation a eu lieu \u00e0 Ottawa, \u00e0 Toronto et \u00e0 Montr\u00e9al.[\/vc_column_text][\/vc_column][\/vc_row][vc_row][vc_column column_padding=\u00a0\u00bbpadding-3&Prime; width=\u00a0\u00bb1\/2&Prime;]<div class=\"video-embed  wpb_content_element\"><iframe loading=\"lazy\" title=\"Home for the Holidays 2017 Video Competition Winner\" width=\"1161\" height=\"653\" src=\"https:\/\/www.youtube.com\/embed\/UD2DQLBfH9Y?feature=oembed\" frameborder=\"0\" allow=\"accelerometer; autoplay; clipboard-write; encrypted-media; gyroscope; picture-in-picture; web-share\" referrerpolicy=\"strict-origin-when-cross-origin\" allowfullscreen><\/iframe><\/div>[\/vc_column][vc_column column_padding=\u00a0\u00bbpadding-3&Prime; width=\u00a0\u00bb1\/2&Prime;][vc_column_text]<\/p>\n<h5>#SEI2017<\/h5>\n<p>Nous avons c\u00e9l\u00e9br\u00e9 la Semaine de l\u2019\u00e9ducation internationale, pr\u00e9sentant les <a href=\"https:\/\/cbie.ca\/fr\/upcoming-events\/la-semaine-internationale-de-leducation\/?lang=fr#contest\">10 meilleures photos \u00e9tudiantes<\/a> de notre concours photo annuel, et avons choisi l\u2019heureux gagnant de notre <a href=\"https:\/\/cbie.ca\/fr\/upcoming-events\/la-semaine-internationale-de-leducation\/?lang=fr#video\">concours vid\u00e9o \u00c0 la maison pour les F\u00eates<\/a>, Phong Tran du Vietnam, qui fait des \u00e9tudes de photographie au Fanshawe College.[\/vc_column_text][\/vc_column][\/vc_row][vc_row][vc_column column_padding=\u00a0\u00bbpadding-3&Prime; width=\u00a0\u00bb1\/1&Prime;][vc_column_text]<\/p>\n<h5>Missions de collaboration internationale<\/h5>\n<p>Le BCEI a men\u00e9 une mission d\u2019automne au Mexique dans le cadre de sa <a href=\"https:\/\/cbie.ca\/fr\/notre-travail\/visites-internationales\/collaboration-missions\/?lang=fr\">s\u00e9rie de missions de collaboration internationale<\/a>, visitant 8 \u00e9tablissements \u00e0 Guadalajara et Puebla. Nous avons publi\u00e9 les <a href=\"https:\/\/cbie.ca\/wp-content\/uploads\/2017\/10\/Vietnam-2017.pdf\" target=\"_blank\" rel=\"noopener noreferrer\">grandes conclusions de la mission de collaboration internationale 2016<\/a> au Vietnam pour enrichir le corps de connaissances sur les relations Canada-Vietnam dans l\u2019enseignement sup\u00e9rieur.<\/p>\n<h5>Ukraine<\/h5>\n<p>En reconnaissance de ses r\u00e9ussites, le projet d\u2019aide juridique accessible et de qualit\u00e9 a \u00e9t\u00e9 choisi par Affaires mondiales Canada pour \u00eatre pr\u00e9sent\u00e9 dans une publication internationale sur les contributions du Canada \u00e0 l\u2019objectif 16 des objectifs de d\u00e9veloppement durable des Nations Unies. L\u2019objectif 16 se consacre \u00e0 la promotion des soci\u00e9t\u00e9s paisibles et inclusives pour le d\u00e9veloppement durable. La contribution canadienne (en version num\u00e9rique) est consultable en anglais ici\u00a0: <a href=\"http:\/\/digital.tudor-rose.co.uk\/a-better-world-vol-2\/#14\" target=\"_blank\" rel=\"noopener noreferrer\">http:\/\/digital.tudor-rose.co.uk\/a-better-world-vol-2\/#14<\/a>[\/vc_column_text][\/vc_column][\/vc_row][vc_row][vc_column column_padding=\u00a0\u00bbpadding-3&Prime; width=\u00a0\u00bb1\/2&Prime;][vc_column_text]<\/p>\n<h5>51<sup>e<\/sup> congr\u00e8s annuel<\/h5>\n<p>Notre <a href=\"https:\/\/cbie.ca\/fr\/?page_id=24230&#038;lang=fr\">51<sup>e<\/sup> congr\u00e8s annuel<\/a> \u00e0 Halifax a accueilli plus de 880 participants de 43 pays. Nous avons eu 37 exposants et les participants ont suivi plus de 90 s\u00e9ances. Nous avons c\u00e9l\u00e9br\u00e9 les <a href=\"https:\/\/cbie.ca\/notre-travail\/prix-dexcellence-du-bcei-en-education-internationale\/laureats-des-prix-dexcellence-du-bcei\/?lang=fr\">laur\u00e9ats des prix d&rsquo;excellence 2017 <\/a>\u00a0pr\u00e9sentant les innovateurs, leaders, connecteurs et vedettes \u00e9mergentes de notre domaine.[\/vc_column_text][\/vc_column][vc_column column_padding=\u00a0\u00bbpadding-3&Prime; width=\u00a0\u00bb1\/2&Prime;]<div class=\"single_image wpb_content_element align-left    \" data-animation=\"none\" data-delay=\"0\"><img loading=\"lazy\" decoding=\"async\" width=\"1024\" height=\"683\" src=\"https:\/\/cbie.ca\/wp-content\/uploads\/2017\/12\/Conf.jpg\" class=\"attachment-full\" alt=\"\" title=\"Conf\" srcset=\"https:\/\/cbie.ca\/wp-content\/uploads\/2017\/12\/Conf.jpg 1024w, https:\/\/cbie.ca\/wp-content\/uploads\/2017\/12\/Conf-300x200.jpg 300w, https:\/\/cbie.ca\/wp-content\/uploads\/2017\/12\/Conf-768x512.jpg 768w, https:\/\/cbie.ca\/wp-content\/uploads\/2017\/12\/Conf-600x400.jpg 600w\" sizes=\"auto, (max-width: 1024px) 100vw, 1024px\" \/><\/div>[\/vc_column][\/vc_row]<\/p>\n<\/div>","protected":false},"excerpt":{"rendered":"<p>[vc_row][vc_column][vc_column_text]La fin de l\u2019ann\u00e9e est l\u2019occasion id\u00e9ale de faire le bilan des 12 derniers mois et d\u2019\u00eatre fiers de nos r\u00e9ussites. Voici quelques moments forts de 2017\u00a0: Ouvrir les fronti\u00e8res [&hellip;]<\/p>\n","protected":false},"author":2,"featured_media":29493,"comment_status":"closed","ping_status":"closed","sticky":false,"template":"","format":"standard","meta":{"_acf_changed":false,"footnotes":""},"categories":[157],"tags":[],"class_list":["post-30600","post","type-post","status-publish","format-standard","has-post-thumbnail","hentry","category-sans-frontieres"],"acf":[],"yoast_head":"<!-- This site is optimized with the Yoast SEO plugin v27.4 - https:\/\/yoast.com\/product\/yoast-seo-wordpress\/ -->\n<title>2017 : une ann\u00e9e sous la loupe - CBIE<\/title>\n<meta name=\"robots\" content=\"index, follow, max-snippet:-1, max-image-preview:large, max-video-preview:-1\" \/>\n<link rel=\"canonical\" href=\"https:\/\/cbie.ca\/fr\/une-annee-sous-la-loupe\/\" \/>\n<meta property=\"og:locale\" content=\"fr_FR\" \/>\n<meta property=\"og:type\" content=\"article\" \/>\n<meta property=\"og:title\" content=\"2017 : une ann\u00e9e sous la loupe - CBIE\" \/>\n<meta property=\"og:description\" content=\"[vc_row][vc_column][vc_column_text]La fin de l\u2019ann\u00e9e est l\u2019occasion id\u00e9ale de faire le bilan des 12 derniers mois et d\u2019\u00eatre fiers de nos r\u00e9ussites. Voici quelques moments forts de 2017\u00a0: Ouvrir les fronti\u00e8res [&hellip;]\" \/>\n<meta property=\"og:url\" content=\"https:\/\/cbie.ca\/fr\/une-annee-sous-la-loupe\/\" \/>\n<meta property=\"og:site_name\" content=\"CBIE\" \/>\n<meta property=\"article:published_time\" content=\"2017-12-12T21:06:46+00:00\" \/>\n<meta property=\"article:modified_time\" content=\"2020-02-05T16:43:19+00:00\" \/>\n<meta property=\"og:image\" content=\"https:\/\/cbie.ca\/wp-content\/uploads\/2016\/07\/IEW2017-2.jpg\" \/>\n\t<meta property=\"og:image:width\" content=\"1600\" \/>\n\t<meta property=\"og:image:height\" content=\"991\" \/>\n\t<meta property=\"og:image:type\" content=\"image\/jpeg\" \/>\n<meta name=\"author\" content=\"CBIE-BCEI\" \/>\n<meta name=\"twitter:card\" content=\"summary_large_image\" \/>\n<meta name=\"twitter:label1\" content=\"\u00c9crit par\" \/>\n\t<meta name=\"twitter:data1\" content=\"CBIE-BCEI\" \/>\n\t<meta name=\"twitter:label2\" content=\"Dur\u00e9e de lecture estim\u00e9e\" \/>\n\t<meta name=\"twitter:data2\" content=\"5 minutes\" \/>\n<script type=\"application\/ld+json\" class=\"yoast-schema-graph\">{\"@context\":\"https:\\\/\\\/schema.org\",\"@graph\":[{\"@type\":\"Article\",\"@id\":\"https:\\\/\\\/cbie.ca\\\/fr\\\/une-annee-sous-la-loupe\\\/#article\",\"isPartOf\":{\"@id\":\"https:\\\/\\\/cbie.ca\\\/fr\\\/une-annee-sous-la-loupe\\\/\"},\"author\":{\"name\":\"CBIE-BCEI\",\"@id\":\"https:\\\/\\\/cbie.ca\\\/#\\\/schema\\\/person\\\/cb3789156294f7d322bca9b07f192e1c\"},\"headline\":\"2017 : une ann\u00e9e sous la loupe\",\"datePublished\":\"2017-12-12T21:06:46+00:00\",\"dateModified\":\"2020-02-05T16:43:19+00:00\",\"mainEntityOfPage\":{\"@id\":\"https:\\\/\\\/cbie.ca\\\/fr\\\/une-annee-sous-la-loupe\\\/\"},\"wordCount\":993,\"image\":{\"@id\":\"https:\\\/\\\/cbie.ca\\\/fr\\\/une-annee-sous-la-loupe\\\/#primaryimage\"},\"thumbnailUrl\":\"https:\\\/\\\/cbie.ca\\\/wp-content\\\/uploads\\\/2016\\\/07\\\/IEW2017-2.jpg\",\"articleSection\":[\"Sans fronti\u00e8res\"],\"inLanguage\":\"fr-FR\"},{\"@type\":\"WebPage\",\"@id\":\"https:\\\/\\\/cbie.ca\\\/fr\\\/une-annee-sous-la-loupe\\\/\",\"url\":\"https:\\\/\\\/cbie.ca\\\/fr\\\/une-annee-sous-la-loupe\\\/\",\"name\":\"2017 : une ann\u00e9e sous la loupe - CBIE\",\"isPartOf\":{\"@id\":\"https:\\\/\\\/cbie.ca\\\/#website\"},\"primaryImageOfPage\":{\"@id\":\"https:\\\/\\\/cbie.ca\\\/fr\\\/une-annee-sous-la-loupe\\\/#primaryimage\"},\"image\":{\"@id\":\"https:\\\/\\\/cbie.ca\\\/fr\\\/une-annee-sous-la-loupe\\\/#primaryimage\"},\"thumbnailUrl\":\"https:\\\/\\\/cbie.ca\\\/wp-content\\\/uploads\\\/2016\\\/07\\\/IEW2017-2.jpg\",\"datePublished\":\"2017-12-12T21:06:46+00:00\",\"dateModified\":\"2020-02-05T16:43:19+00:00\",\"author\":{\"@id\":\"https:\\\/\\\/cbie.ca\\\/#\\\/schema\\\/person\\\/cb3789156294f7d322bca9b07f192e1c\"},\"breadcrumb\":{\"@id\":\"https:\\\/\\\/cbie.ca\\\/fr\\\/une-annee-sous-la-loupe\\\/#breadcrumb\"},\"inLanguage\":\"fr-FR\",\"potentialAction\":[{\"@type\":\"ReadAction\",\"target\":[\"https:\\\/\\\/cbie.ca\\\/fr\\\/une-annee-sous-la-loupe\\\/\"]}]},{\"@type\":\"ImageObject\",\"inLanguage\":\"fr-FR\",\"@id\":\"https:\\\/\\\/cbie.ca\\\/fr\\\/une-annee-sous-la-loupe\\\/#primaryimage\",\"url\":\"https:\\\/\\\/cbie.ca\\\/wp-content\\\/uploads\\\/2016\\\/07\\\/IEW2017-2.jpg\",\"contentUrl\":\"https:\\\/\\\/cbie.ca\\\/wp-content\\\/uploads\\\/2016\\\/07\\\/IEW2017-2.jpg\",\"width\":1600,\"height\":991},{\"@type\":\"BreadcrumbList\",\"@id\":\"https:\\\/\\\/cbie.ca\\\/fr\\\/une-annee-sous-la-loupe\\\/#breadcrumb\",\"itemListElement\":[{\"@type\":\"ListItem\",\"position\":1,\"name\":\"Home\",\"item\":\"https:\\\/\\\/cbie.ca\\\/fr\\\/\"},{\"@type\":\"ListItem\",\"position\":2,\"name\":\"2017 : une ann\u00e9e sous la loupe\"}]},{\"@type\":\"WebSite\",\"@id\":\"https:\\\/\\\/cbie.ca\\\/#website\",\"url\":\"https:\\\/\\\/cbie.ca\\\/\",\"name\":\"Canadian Bureau for International Education\",\"description\":\"\",\"potentialAction\":[{\"@type\":\"SearchAction\",\"target\":{\"@type\":\"EntryPoint\",\"urlTemplate\":\"https:\\\/\\\/cbie.ca\\\/?s={search_term_string}\"},\"query-input\":{\"@type\":\"PropertyValueSpecification\",\"valueRequired\":true,\"valueName\":\"search_term_string\"}}],\"inLanguage\":\"fr-FR\"},{\"@type\":\"Person\",\"@id\":\"https:\\\/\\\/cbie.ca\\\/#\\\/schema\\\/person\\\/cb3789156294f7d322bca9b07f192e1c\",\"name\":\"CBIE-BCEI\",\"image\":{\"@type\":\"ImageObject\",\"inLanguage\":\"fr-FR\",\"@id\":\"https:\\\/\\\/secure.gravatar.com\\\/avatar\\\/d274f7550e676f39e6efa6dab362dac481e1572fbefce28e0a1d4904346afba8?s=96&d=mm&r=g\",\"url\":\"https:\\\/\\\/secure.gravatar.com\\\/avatar\\\/d274f7550e676f39e6efa6dab362dac481e1572fbefce28e0a1d4904346afba8?s=96&d=mm&r=g\",\"contentUrl\":\"https:\\\/\\\/secure.gravatar.com\\\/avatar\\\/d274f7550e676f39e6efa6dab362dac481e1572fbefce28e0a1d4904346afba8?s=96&d=mm&r=g\",\"caption\":\"CBIE-BCEI\"},\"url\":\"https:\\\/\\\/cbie.ca\\\/fr\\\/author\\\/cbie-2-2-2-2-2-2\\\/\"}]}<\/script>\n<!-- \/ Yoast SEO plugin. -->","yoast_head_json":{"title":"2017 : une ann\u00e9e sous la loupe - CBIE","robots":{"index":"index","follow":"follow","max-snippet":"max-snippet:-1","max-image-preview":"max-image-preview:large","max-video-preview":"max-video-preview:-1"},"canonical":"https:\/\/cbie.ca\/fr\/une-annee-sous-la-loupe\/","og_locale":"fr_FR","og_type":"article","og_title":"2017 : une ann\u00e9e sous la loupe - CBIE","og_description":"[vc_row][vc_column][vc_column_text]La fin de l\u2019ann\u00e9e est l\u2019occasion id\u00e9ale de faire le bilan des 12 derniers mois et d\u2019\u00eatre fiers de nos r\u00e9ussites. Voici quelques moments forts de 2017\u00a0: Ouvrir les fronti\u00e8res [&hellip;]","og_url":"https:\/\/cbie.ca\/fr\/une-annee-sous-la-loupe\/","og_site_name":"CBIE","article_published_time":"2017-12-12T21:06:46+00:00","article_modified_time":"2020-02-05T16:43:19+00:00","og_image":[{"width":1600,"height":991,"url":"https:\/\/cbie.ca\/wp-content\/uploads\/2016\/07\/IEW2017-2.jpg","type":"image\/jpeg"}],"author":"CBIE-BCEI","twitter_card":"summary_large_image","twitter_misc":{"\u00c9crit par":"CBIE-BCEI","Dur\u00e9e de lecture estim\u00e9e":"5 minutes"},"schema":{"@context":"https:\/\/schema.org","@graph":[{"@type":"Article","@id":"https:\/\/cbie.ca\/fr\/une-annee-sous-la-loupe\/#article","isPartOf":{"@id":"https:\/\/cbie.ca\/fr\/une-annee-sous-la-loupe\/"},"author":{"name":"CBIE-BCEI","@id":"https:\/\/cbie.ca\/#\/schema\/person\/cb3789156294f7d322bca9b07f192e1c"},"headline":"2017 : une ann\u00e9e sous la loupe","datePublished":"2017-12-12T21:06:46+00:00","dateModified":"2020-02-05T16:43:19+00:00","mainEntityOfPage":{"@id":"https:\/\/cbie.ca\/fr\/une-annee-sous-la-loupe\/"},"wordCount":993,"image":{"@id":"https:\/\/cbie.ca\/fr\/une-annee-sous-la-loupe\/#primaryimage"},"thumbnailUrl":"https:\/\/cbie.ca\/wp-content\/uploads\/2016\/07\/IEW2017-2.jpg","articleSection":["Sans fronti\u00e8res"],"inLanguage":"fr-FR"},{"@type":"WebPage","@id":"https:\/\/cbie.ca\/fr\/une-annee-sous-la-loupe\/","url":"https:\/\/cbie.ca\/fr\/une-annee-sous-la-loupe\/","name":"2017 : une ann\u00e9e sous la loupe - CBIE","isPartOf":{"@id":"https:\/\/cbie.ca\/#website"},"primaryImageOfPage":{"@id":"https:\/\/cbie.ca\/fr\/une-annee-sous-la-loupe\/#primaryimage"},"image":{"@id":"https:\/\/cbie.ca\/fr\/une-annee-sous-la-loupe\/#primaryimage"},"thumbnailUrl":"https:\/\/cbie.ca\/wp-content\/uploads\/2016\/07\/IEW2017-2.jpg","datePublished":"2017-12-12T21:06:46+00:00","dateModified":"2020-02-05T16:43:19+00:00","author":{"@id":"https:\/\/cbie.ca\/#\/schema\/person\/cb3789156294f7d322bca9b07f192e1c"},"breadcrumb":{"@id":"https:\/\/cbie.ca\/fr\/une-annee-sous-la-loupe\/#breadcrumb"},"inLanguage":"fr-FR","potentialAction":[{"@type":"ReadAction","target":["https:\/\/cbie.ca\/fr\/une-annee-sous-la-loupe\/"]}]},{"@type":"ImageObject","inLanguage":"fr-FR","@id":"https:\/\/cbie.ca\/fr\/une-annee-sous-la-loupe\/#primaryimage","url":"https:\/\/cbie.ca\/wp-content\/uploads\/2016\/07\/IEW2017-2.jpg","contentUrl":"https:\/\/cbie.ca\/wp-content\/uploads\/2016\/07\/IEW2017-2.jpg","width":1600,"height":991},{"@type":"BreadcrumbList","@id":"https:\/\/cbie.ca\/fr\/une-annee-sous-la-loupe\/#breadcrumb","itemListElement":[{"@type":"ListItem","position":1,"name":"Home","item":"https:\/\/cbie.ca\/fr\/"},{"@type":"ListItem","position":2,"name":"2017 : une ann\u00e9e sous la loupe"}]},{"@type":"WebSite","@id":"https:\/\/cbie.ca\/#website","url":"https:\/\/cbie.ca\/","name":"Canadian Bureau for International Education","description":"","potentialAction":[{"@type":"SearchAction","target":{"@type":"EntryPoint","urlTemplate":"https:\/\/cbie.ca\/?s={search_term_string}"},"query-input":{"@type":"PropertyValueSpecification","valueRequired":true,"valueName":"search_term_string"}}],"inLanguage":"fr-FR"},{"@type":"Person","@id":"https:\/\/cbie.ca\/#\/schema\/person\/cb3789156294f7d322bca9b07f192e1c","name":"CBIE-BCEI","image":{"@type":"ImageObject","inLanguage":"fr-FR","@id":"https:\/\/secure.gravatar.com\/avatar\/d274f7550e676f39e6efa6dab362dac481e1572fbefce28e0a1d4904346afba8?s=96&d=mm&r=g","url":"https:\/\/secure.gravatar.com\/avatar\/d274f7550e676f39e6efa6dab362dac481e1572fbefce28e0a1d4904346afba8?s=96&d=mm&r=g","contentUrl":"https:\/\/secure.gravatar.com\/avatar\/d274f7550e676f39e6efa6dab362dac481e1572fbefce28e0a1d4904346afba8?s=96&d=mm&r=g","caption":"CBIE-BCEI"},"url":"https:\/\/cbie.ca\/fr\/author\/cbie-2-2-2-2-2-2\/"}]}},"_links":{"self":[{"href":"https:\/\/cbie.ca\/fr\/wp-json\/wp\/v2\/posts\/30600","targetHints":{"allow":["GET"]}}],"collection":[{"href":"https:\/\/cbie.ca\/fr\/wp-json\/wp\/v2\/posts"}],"about":[{"href":"https:\/\/cbie.ca\/fr\/wp-json\/wp\/v2\/types\/post"}],"author":[{"embeddable":true,"href":"https:\/\/cbie.ca\/fr\/wp-json\/wp\/v2\/users\/2"}],"replies":[{"embeddable":true,"href":"https:\/\/cbie.ca\/fr\/wp-json\/wp\/v2\/comments?post=30600"}],"version-history":[{"count":0,"href":"https:\/\/cbie.ca\/fr\/wp-json\/wp\/v2\/posts\/30600\/revisions"}],"wp:featuredmedia":[{"embeddable":true,"href":"https:\/\/cbie.ca\/fr\/wp-json\/wp\/v2\/media\/29493"}],"wp:attachment":[{"href":"https:\/\/cbie.ca\/fr\/wp-json\/wp\/v2\/media?parent=30600"}],"wp:term":[{"taxonomy":"category","embeddable":true,"href":"https:\/\/cbie.ca\/fr\/wp-json\/wp\/v2\/categories?post=30600"},{"taxonomy":"post_tag","embeddable":true,"href":"https:\/\/cbie.ca\/fr\/wp-json\/wp\/v2\/tags?post=30600"}],"curies":[{"name":"wp","href":"https:\/\/api.w.org\/{rel}","templated":true}]}}