{"id":27660,"date":"2017-06-14T09:32:53","date_gmt":"2017-06-14T13:32:53","guid":{"rendered":"https:\/\/cbieca.wpenginepowered.com\/?p=27660"},"modified":"2017-06-15T09:24:05","modified_gmt":"2017-06-15T13:24:05","slug":"premiers-finissants-du-programme-de-bourses-pour-les-leaders-africains-de-demain","status":"publish","type":"post","link":"https:\/\/cbie.ca\/fr\/premiers-finissants-du-programme-de-bourses-pour-les-leaders-africains-de-demain\/","title":{"rendered":"Premiers finissants du Programme de bourses pour les leaders africains de demain"},"content":{"rendered":"<p><img loading=\"lazy\" decoding=\"async\" class=\"size-medium wp-image-27652 alignleft\" src=\"https:\/\/cbie.ca\/wp-content\/uploads\/2017\/06\/Babacar-et-C\u00e9cile-mai-26-avec-fleurs-200x300.jpg\" alt=\"\" width=\"200\" height=\"300\" srcset=\"https:\/\/cbie.ca\/wp-content\/uploads\/2017\/06\/Babacar-et-C\u00e9cile-mai-26-avec-fleurs-200x300.jpg 200w, https:\/\/cbie.ca\/wp-content\/uploads\/2017\/06\/Babacar-et-C\u00e9cile-mai-26-avec-fleurs.jpg 481w\" sizes=\"auto, (max-width: 200px) 100vw, 200px\" \/>Le 26 mai, deux boursiers \u00ab\u00a0Leaders africains de demain\u00a0\u00bb (LAD) ont particip\u00e9 \u00e0 la c\u00e9r\u00e9monie de fin d\u2019ann\u00e9e pour f\u00eater l\u2019ach\u00e8vement de leurs \u00e9tudes \u00e0 <a href=\"http:\/\/www.enap.ca\/enap\/fr\/accueil.aspx\">l\u2019\u00c9cole nationale d\u2019administration publique (ENAP)<\/a> \u00e0 Qu\u00e9bec. M. El Hadji Babacar Samb et Mme C\u00e9cile-Eve Diedhiou, tous les deux du S\u00e9n\u00e9gal, font partie de la premi\u00e8re cohorte pilote de quatre boursiers LAD qui sont arriv\u00e9s au Canada en septembre 2015 pour commencer leur programme \u00e0 la ma\u00eetrise en administration publique.<\/p>\n<p><a href=\"https:\/\/cbie.ca\/fr\/notre-travail\/programmes-actuels\/programme-de-bourses-pour-les-leaders-africains-de-demain\/?lang=fr\">Le Programme de bourses pour les leaders africains de demain<\/a> rend hommage \u00e0 l\u2019engagement du regrett\u00e9 Nelson Mandela envers la justice sociale et l\u2019\u00e9quit\u00e9. Il aide les jeunes professionnels africains \u00e0 devenir des leaders en mati\u00e8re de politiques publiques et d\u2019administration publique en compl\u00e9tant un programme de ma\u00eetrise au Canada en administration publique, en politiques publiques ou en finances publiques.<\/p>\n<blockquote><p>\u00ab\u00a0Vivre et \u00e9tudier au Canada est l\u2019une des meilleures choses qui me soit arriv\u00e9e dans ma vie. Je me suis am\u00e9lior\u00e9 sur le plan personnel et intellectuel. Je me suis d\u00e9couvert, j\u2019ai relev\u00e9 des d\u00e9fis et ma motivation ne cesse de croitre.\u00a0\u00bb Babacar Samb<\/p><\/blockquote>\n<p>Composante int\u00e9grale de la bourse LAD, Babacar et C\u00e9cile ont compl\u00e9t\u00e9 un stage de quatre mois.<\/p>\n<blockquote><p>\u00ab\u00a0Pendant mon stage au minist\u00e8re P\u00eaches et Oc\u00e9ans Canada, j\u2019ai pu appliquer des th\u00e9ories et approches apprises au Canada, en plus de mon exp\u00e9rience de l\u2019administration de la p\u00eache du S\u00e9n\u00e9gal. C\u2019\u00e9tait extr\u00eamement enrichissant pour moi professionnellement. Je suis fi\u00e8re de pouvoir dire que je pense avoir laiss\u00e9 une trace dans mon projet de stage.\u00a0\u00bb C\u00e9cile-Eve Diedhiou<\/p><\/blockquote>\n<p>Babacar et C\u00e9cile finalisent pr\u00e9sentement leurs rapports de stage, derni\u00e8re condition avant l\u2019obtention du dipl\u00f4me. Ils rentrent au S\u00e9n\u00e9gal en juillet. Le Carrefour international, l\u2019ONG avec qui Babacar a fait son stage de fin de formation, lui a offert un poste de repr\u00e9sentant au S\u00e9n\u00e9gal. C\u00e9cile esp\u00e8re continuer \u00e0 utiliser ses connaissances dans une carri\u00e8re enrichissante en administration publique.<\/p>\n<blockquote><p>\u00ab\u00a0Le Bureau canadien de l\u2019\u00e9ducation internationale (BCEI) accueille avec enthousiasme la graduation de ses premiers \u201cLeaders africains de demain\u201d. Grace \u00e0 l\u2019expertise acquise au sein d\u2019universit\u00e9s canadiennes de renomm\u00e9e mondiale, Babacar et C\u00e9cile seront \u00e0 m\u00eame de\u00a0 contribuer au d\u00e9veloppement du S\u00e9n\u00e9gal et devenir des \u201cLeaders africains de demain!\u00a0\u00bb\u00a0 Larissa Bezo, Vice-pr\u00e9sidente, Relations d\u2019entreprise et op\u00e9rations<\/p><\/blockquote>\n<p>Le Programme de bourses LAD est cofinanc\u00e9 par le gouvernement du Canada par l\u2019entremise d\u2019Affaires mondiales Canada et par The Mastercard Foundation, ce programme est g\u00e9r\u00e9 par <a href=\"https:\/\/cbie.ca\/?lang=fr\">le BCEI<\/a> en partenariat avec l\u2019Institut d\u2019administration publique du Canada et en collaboration avec l\u2019Association africaine pour l\u2019administration publique et le management et l\u2019Association canadienne des programmes en administration publique.<\/p>\n<hr \/>\n<p><strong><em>Pour en savoir plus :<\/em><\/strong><\/p>\n<p>Nadia Faucher<br \/>\nGestionnaire de programme<br \/>\n<a href=\"mailto:nfaucher@cbie.ca\">nfaucher@cbie.ca<\/a> | 613.237.4820, poste 343<\/p>\n","protected":false},"excerpt":{"rendered":"<p>Le 26 mai, deux boursiers \u00ab\u00a0Leaders africains de demain\u00a0\u00bb (LAD) ont particip\u00e9 \u00e0 la c\u00e9r\u00e9monie de fin d\u2019ann\u00e9e pour f\u00eater l\u2019ach\u00e8vement de leurs \u00e9tudes \u00e0 l\u2019\u00c9cole nationale d\u2019administration publique (ENAP) [&hellip;]<\/p>\n","protected":false},"author":2,"featured_media":27657,"comment_status":"closed","ping_status":"closed","sticky":false,"template":"","format":"standard","meta":{"_acf_changed":false,"footnotes":""},"categories":[82],"tags":[],"class_list":["post-27660","post","type-post","status-publish","format-standard","has-post-thumbnail","hentry","category-press-releases-fr"],"acf":[],"yoast_head":"<!-- This site is optimized with the Yoast SEO plugin v27.4 - https:\/\/yoast.com\/product\/yoast-seo-wordpress\/ -->\n<title>Premiers finissants du Programme de bourses pour les leaders africains de demain - CBIE<\/title>\n<meta name=\"robots\" content=\"index, follow, max-snippet:-1, max-image-preview:large, max-video-preview:-1\" \/>\n<link rel=\"canonical\" href=\"https:\/\/cbie.ca\/first-african-leaders-tomorrow-scholars-complete-studies-canada\/\" \/>\n<meta property=\"og:locale\" content=\"fr_FR\" \/>\n<meta property=\"og:type\" content=\"article\" \/>\n<meta property=\"og:title\" content=\"Premiers finissants du Programme de bourses pour les leaders africains de demain - CBIE\" \/>\n<meta property=\"og:description\" content=\"Le 26 mai, deux boursiers \u00ab\u00a0Leaders africains de demain\u00a0\u00bb (LAD) ont particip\u00e9 \u00e0 la c\u00e9r\u00e9monie de fin d\u2019ann\u00e9e pour f\u00eater l\u2019ach\u00e8vement de leurs \u00e9tudes \u00e0 l\u2019\u00c9cole nationale d\u2019administration publique (ENAP) [&hellip;]\" \/>\n<meta property=\"og:url\" content=\"https:\/\/cbie.ca\/first-african-leaders-tomorrow-scholars-complete-studies-canada\/\" \/>\n<meta property=\"og:site_name\" content=\"CBIE\" \/>\n<meta property=\"article:published_time\" content=\"2017-06-14T13:32:53+00:00\" \/>\n<meta property=\"article:modified_time\" content=\"2017-06-15T13:24:05+00:00\" \/>\n<meta property=\"og:image\" content=\"https:\/\/cbie.ca\/wp-content\/uploads\/2017\/06\/Babacar-feature-1.jpg\" \/>\n\t<meta property=\"og:image:width\" content=\"1600\" \/>\n\t<meta property=\"og:image:height\" content=\"1065\" \/>\n\t<meta property=\"og:image:type\" content=\"image\/jpeg\" \/>\n<meta name=\"author\" content=\"CBIE-BCEI\" \/>\n<meta name=\"twitter:card\" content=\"summary_large_image\" \/>\n<meta name=\"twitter:label1\" content=\"\u00c9crit par\" \/>\n\t<meta name=\"twitter:data1\" content=\"CBIE-BCEI\" \/>\n\t<meta name=\"twitter:label2\" content=\"Dur\u00e9e de lecture estim\u00e9e\" \/>\n\t<meta name=\"twitter:data2\" content=\"3 minutes\" \/>\n<script type=\"application\/ld+json\" class=\"yoast-schema-graph\">{\"@context\":\"https:\\\/\\\/schema.org\",\"@graph\":[{\"@type\":\"Article\",\"@id\":\"https:\\\/\\\/cbie.ca\\\/first-african-leaders-tomorrow-scholars-complete-studies-canada\\\/#article\",\"isPartOf\":{\"@id\":\"https:\\\/\\\/cbie.ca\\\/first-african-leaders-tomorrow-scholars-complete-studies-canada\\\/\"},\"author\":{\"name\":\"CBIE-BCEI\",\"@id\":\"https:\\\/\\\/cbie.ca\\\/#\\\/schema\\\/person\\\/cb3789156294f7d322bca9b07f192e1c\"},\"headline\":\"Premiers finissants du Programme de bourses pour les leaders africains de demain\",\"datePublished\":\"2017-06-14T13:32:53+00:00\",\"dateModified\":\"2017-06-15T13:24:05+00:00\",\"mainEntityOfPage\":{\"@id\":\"https:\\\/\\\/cbie.ca\\\/first-african-leaders-tomorrow-scholars-complete-studies-canada\\\/\"},\"wordCount\":518,\"image\":{\"@id\":\"https:\\\/\\\/cbie.ca\\\/first-african-leaders-tomorrow-scholars-complete-studies-canada\\\/#primaryimage\"},\"thumbnailUrl\":\"https:\\\/\\\/cbie.ca\\\/wp-content\\\/uploads\\\/2017\\\/06\\\/Babacar-feature-1.jpg\",\"articleSection\":[\"Communiqu\u00e9\"],\"inLanguage\":\"fr-FR\"},{\"@type\":\"WebPage\",\"@id\":\"https:\\\/\\\/cbie.ca\\\/first-african-leaders-tomorrow-scholars-complete-studies-canada\\\/\",\"url\":\"https:\\\/\\\/cbie.ca\\\/first-african-leaders-tomorrow-scholars-complete-studies-canada\\\/\",\"name\":\"Premiers finissants du Programme de bourses pour les leaders africains de demain - CBIE\",\"isPartOf\":{\"@id\":\"https:\\\/\\\/cbie.ca\\\/#website\"},\"primaryImageOfPage\":{\"@id\":\"https:\\\/\\\/cbie.ca\\\/first-african-leaders-tomorrow-scholars-complete-studies-canada\\\/#primaryimage\"},\"image\":{\"@id\":\"https:\\\/\\\/cbie.ca\\\/first-african-leaders-tomorrow-scholars-complete-studies-canada\\\/#primaryimage\"},\"thumbnailUrl\":\"https:\\\/\\\/cbie.ca\\\/wp-content\\\/uploads\\\/2017\\\/06\\\/Babacar-feature-1.jpg\",\"datePublished\":\"2017-06-14T13:32:53+00:00\",\"dateModified\":\"2017-06-15T13:24:05+00:00\",\"author\":{\"@id\":\"https:\\\/\\\/cbie.ca\\\/#\\\/schema\\\/person\\\/cb3789156294f7d322bca9b07f192e1c\"},\"breadcrumb\":{\"@id\":\"https:\\\/\\\/cbie.ca\\\/first-african-leaders-tomorrow-scholars-complete-studies-canada\\\/#breadcrumb\"},\"inLanguage\":\"fr-FR\",\"potentialAction\":[{\"@type\":\"ReadAction\",\"target\":[\"https:\\\/\\\/cbie.ca\\\/first-african-leaders-tomorrow-scholars-complete-studies-canada\\\/\"]}]},{\"@type\":\"ImageObject\",\"inLanguage\":\"fr-FR\",\"@id\":\"https:\\\/\\\/cbie.ca\\\/first-african-leaders-tomorrow-scholars-complete-studies-canada\\\/#primaryimage\",\"url\":\"https:\\\/\\\/cbie.ca\\\/wp-content\\\/uploads\\\/2017\\\/06\\\/Babacar-feature-1.jpg\",\"contentUrl\":\"https:\\\/\\\/cbie.ca\\\/wp-content\\\/uploads\\\/2017\\\/06\\\/Babacar-feature-1.jpg\",\"width\":1600,\"height\":1065},{\"@type\":\"BreadcrumbList\",\"@id\":\"https:\\\/\\\/cbie.ca\\\/first-african-leaders-tomorrow-scholars-complete-studies-canada\\\/#breadcrumb\",\"itemListElement\":[{\"@type\":\"ListItem\",\"position\":1,\"name\":\"Home\",\"item\":\"https:\\\/\\\/cbie.ca\\\/fr\\\/\"},{\"@type\":\"ListItem\",\"position\":2,\"name\":\"Premiers finissants du Programme de bourses pour les leaders africains de demain\"}]},{\"@type\":\"WebSite\",\"@id\":\"https:\\\/\\\/cbie.ca\\\/#website\",\"url\":\"https:\\\/\\\/cbie.ca\\\/\",\"name\":\"Canadian Bureau for International Education\",\"description\":\"\",\"potentialAction\":[{\"@type\":\"SearchAction\",\"target\":{\"@type\":\"EntryPoint\",\"urlTemplate\":\"https:\\\/\\\/cbie.ca\\\/?s={search_term_string}\"},\"query-input\":{\"@type\":\"PropertyValueSpecification\",\"valueRequired\":true,\"valueName\":\"search_term_string\"}}],\"inLanguage\":\"fr-FR\"},{\"@type\":\"Person\",\"@id\":\"https:\\\/\\\/cbie.ca\\\/#\\\/schema\\\/person\\\/cb3789156294f7d322bca9b07f192e1c\",\"name\":\"CBIE-BCEI\",\"image\":{\"@type\":\"ImageObject\",\"inLanguage\":\"fr-FR\",\"@id\":\"https:\\\/\\\/secure.gravatar.com\\\/avatar\\\/d274f7550e676f39e6efa6dab362dac481e1572fbefce28e0a1d4904346afba8?s=96&d=mm&r=g\",\"url\":\"https:\\\/\\\/secure.gravatar.com\\\/avatar\\\/d274f7550e676f39e6efa6dab362dac481e1572fbefce28e0a1d4904346afba8?s=96&d=mm&r=g\",\"contentUrl\":\"https:\\\/\\\/secure.gravatar.com\\\/avatar\\\/d274f7550e676f39e6efa6dab362dac481e1572fbefce28e0a1d4904346afba8?s=96&d=mm&r=g\",\"caption\":\"CBIE-BCEI\"},\"url\":\"https:\\\/\\\/cbie.ca\\\/fr\\\/author\\\/cbie-2-2-2-2-2-2\\\/\"}]}<\/script>\n<!-- \/ Yoast SEO plugin. -->","yoast_head_json":{"title":"Premiers finissants du Programme de bourses pour les leaders africains de demain - CBIE","robots":{"index":"index","follow":"follow","max-snippet":"max-snippet:-1","max-image-preview":"max-image-preview:large","max-video-preview":"max-video-preview:-1"},"canonical":"https:\/\/cbie.ca\/first-african-leaders-tomorrow-scholars-complete-studies-canada\/","og_locale":"fr_FR","og_type":"article","og_title":"Premiers finissants du Programme de bourses pour les leaders africains de demain - CBIE","og_description":"Le 26 mai, deux boursiers \u00ab\u00a0Leaders africains de demain\u00a0\u00bb (LAD) ont particip\u00e9 \u00e0 la c\u00e9r\u00e9monie de fin d\u2019ann\u00e9e pour f\u00eater l\u2019ach\u00e8vement de leurs \u00e9tudes \u00e0 l\u2019\u00c9cole nationale d\u2019administration publique (ENAP) [&hellip;]","og_url":"https:\/\/cbie.ca\/first-african-leaders-tomorrow-scholars-complete-studies-canada\/","og_site_name":"CBIE","article_published_time":"2017-06-14T13:32:53+00:00","article_modified_time":"2017-06-15T13:24:05+00:00","og_image":[{"width":1600,"height":1065,"url":"https:\/\/cbie.ca\/wp-content\/uploads\/2017\/06\/Babacar-feature-1.jpg","type":"image\/jpeg"}],"author":"CBIE-BCEI","twitter_card":"summary_large_image","twitter_misc":{"\u00c9crit par":"CBIE-BCEI","Dur\u00e9e de lecture estim\u00e9e":"3 minutes"},"schema":{"@context":"https:\/\/schema.org","@graph":[{"@type":"Article","@id":"https:\/\/cbie.ca\/first-african-leaders-tomorrow-scholars-complete-studies-canada\/#article","isPartOf":{"@id":"https:\/\/cbie.ca\/first-african-leaders-tomorrow-scholars-complete-studies-canada\/"},"author":{"name":"CBIE-BCEI","@id":"https:\/\/cbie.ca\/#\/schema\/person\/cb3789156294f7d322bca9b07f192e1c"},"headline":"Premiers finissants du Programme de bourses pour les leaders africains de demain","datePublished":"2017-06-14T13:32:53+00:00","dateModified":"2017-06-15T13:24:05+00:00","mainEntityOfPage":{"@id":"https:\/\/cbie.ca\/first-african-leaders-tomorrow-scholars-complete-studies-canada\/"},"wordCount":518,"image":{"@id":"https:\/\/cbie.ca\/first-african-leaders-tomorrow-scholars-complete-studies-canada\/#primaryimage"},"thumbnailUrl":"https:\/\/cbie.ca\/wp-content\/uploads\/2017\/06\/Babacar-feature-1.jpg","articleSection":["Communiqu\u00e9"],"inLanguage":"fr-FR"},{"@type":"WebPage","@id":"https:\/\/cbie.ca\/first-african-leaders-tomorrow-scholars-complete-studies-canada\/","url":"https:\/\/cbie.ca\/first-african-leaders-tomorrow-scholars-complete-studies-canada\/","name":"Premiers finissants du Programme de bourses pour les leaders africains de demain - CBIE","isPartOf":{"@id":"https:\/\/cbie.ca\/#website"},"primaryImageOfPage":{"@id":"https:\/\/cbie.ca\/first-african-leaders-tomorrow-scholars-complete-studies-canada\/#primaryimage"},"image":{"@id":"https:\/\/cbie.ca\/first-african-leaders-tomorrow-scholars-complete-studies-canada\/#primaryimage"},"thumbnailUrl":"https:\/\/cbie.ca\/wp-content\/uploads\/2017\/06\/Babacar-feature-1.jpg","datePublished":"2017-06-14T13:32:53+00:00","dateModified":"2017-06-15T13:24:05+00:00","author":{"@id":"https:\/\/cbie.ca\/#\/schema\/person\/cb3789156294f7d322bca9b07f192e1c"},"breadcrumb":{"@id":"https:\/\/cbie.ca\/first-african-leaders-tomorrow-scholars-complete-studies-canada\/#breadcrumb"},"inLanguage":"fr-FR","potentialAction":[{"@type":"ReadAction","target":["https:\/\/cbie.ca\/first-african-leaders-tomorrow-scholars-complete-studies-canada\/"]}]},{"@type":"ImageObject","inLanguage":"fr-FR","@id":"https:\/\/cbie.ca\/first-african-leaders-tomorrow-scholars-complete-studies-canada\/#primaryimage","url":"https:\/\/cbie.ca\/wp-content\/uploads\/2017\/06\/Babacar-feature-1.jpg","contentUrl":"https:\/\/cbie.ca\/wp-content\/uploads\/2017\/06\/Babacar-feature-1.jpg","width":1600,"height":1065},{"@type":"BreadcrumbList","@id":"https:\/\/cbie.ca\/first-african-leaders-tomorrow-scholars-complete-studies-canada\/#breadcrumb","itemListElement":[{"@type":"ListItem","position":1,"name":"Home","item":"https:\/\/cbie.ca\/fr\/"},{"@type":"ListItem","position":2,"name":"Premiers finissants du Programme de bourses pour les leaders africains de demain"}]},{"@type":"WebSite","@id":"https:\/\/cbie.ca\/#website","url":"https:\/\/cbie.ca\/","name":"Canadian Bureau for International Education","description":"","potentialAction":[{"@type":"SearchAction","target":{"@type":"EntryPoint","urlTemplate":"https:\/\/cbie.ca\/?s={search_term_string}"},"query-input":{"@type":"PropertyValueSpecification","valueRequired":true,"valueName":"search_term_string"}}],"inLanguage":"fr-FR"},{"@type":"Person","@id":"https:\/\/cbie.ca\/#\/schema\/person\/cb3789156294f7d322bca9b07f192e1c","name":"CBIE-BCEI","image":{"@type":"ImageObject","inLanguage":"fr-FR","@id":"https:\/\/secure.gravatar.com\/avatar\/d274f7550e676f39e6efa6dab362dac481e1572fbefce28e0a1d4904346afba8?s=96&d=mm&r=g","url":"https:\/\/secure.gravatar.com\/avatar\/d274f7550e676f39e6efa6dab362dac481e1572fbefce28e0a1d4904346afba8?s=96&d=mm&r=g","contentUrl":"https:\/\/secure.gravatar.com\/avatar\/d274f7550e676f39e6efa6dab362dac481e1572fbefce28e0a1d4904346afba8?s=96&d=mm&r=g","caption":"CBIE-BCEI"},"url":"https:\/\/cbie.ca\/fr\/author\/cbie-2-2-2-2-2-2\/"}]}},"_links":{"self":[{"href":"https:\/\/cbie.ca\/fr\/wp-json\/wp\/v2\/posts\/27660","targetHints":{"allow":["GET"]}}],"collection":[{"href":"https:\/\/cbie.ca\/fr\/wp-json\/wp\/v2\/posts"}],"about":[{"href":"https:\/\/cbie.ca\/fr\/wp-json\/wp\/v2\/types\/post"}],"author":[{"embeddable":true,"href":"https:\/\/cbie.ca\/fr\/wp-json\/wp\/v2\/users\/2"}],"replies":[{"embeddable":true,"href":"https:\/\/cbie.ca\/fr\/wp-json\/wp\/v2\/comments?post=27660"}],"version-history":[{"count":0,"href":"https:\/\/cbie.ca\/fr\/wp-json\/wp\/v2\/posts\/27660\/revisions"}],"wp:featuredmedia":[{"embeddable":true,"href":"https:\/\/cbie.ca\/fr\/wp-json\/wp\/v2\/media\/27657"}],"wp:attachment":[{"href":"https:\/\/cbie.ca\/fr\/wp-json\/wp\/v2\/media?parent=27660"}],"wp:term":[{"taxonomy":"category","embeddable":true,"href":"https:\/\/cbie.ca\/fr\/wp-json\/wp\/v2\/categories?post=27660"},{"taxonomy":"post_tag","embeddable":true,"href":"https:\/\/cbie.ca\/fr\/wp-json\/wp\/v2\/tags?post=27660"}],"curies":[{"name":"wp","href":"https:\/\/api.w.org\/{rel}","templated":true}]}}