{"id":24625,"date":"2016-12-20T14:31:07","date_gmt":"2016-12-20T19:31:07","guid":{"rendered":"https:\/\/cbieca.wpenginepowered.com\/forays-canadas-international-education-milieu-9th-edition-elap-collaboration-mission-partnership-building-efforts-latin-american-caribbean-counterparts\/"},"modified":"2020-02-05T11:45:49","modified_gmt":"2020-02-05T16:45:49","slug":"forays-canadas-international-education-milieu-9th-edition-elap-collaboration-mission-partnership-building-efforts-latin-american-caribbean-counterparts","status":"publish","type":"post","link":"https:\/\/cbie.ca\/fr\/forays-canadas-international-education-milieu-9th-edition-elap-collaboration-mission-partnership-building-efforts-latin-american-caribbean-counterparts\/","title":{"rendered":"L\u2019odyss\u00e9e latino-am\u00e9ricaine et carib\u00e9enne : une 9e Mission de collaboration du PFLA et ses efforts de cr\u00e9ation de partenariats entre l\u2019Am\u00e9rique latine, les cara\u00efbes et le Canada"},"content":{"rendered":"<p><strong>Cr\u00e9er des ponts <\/strong><\/p>\n<p><strong>\u00a0<\/strong>Au-del\u00e0 des\u00a0 facteurs qui s\u00e9parent les \u00e9tablissements d\u2019\u00e9ducation sup\u00e9rieure, que cela soit d\u00fb \u00e0 des contraintes g\u00e9opolitiques ou autres, les Missions de collaboration cr\u00e9ent les conditions id\u00e9ales \u00e0 la rencontre des principaux protagonistes en \u00e9ducation internationale.<\/p>\n<p>Dans le cadre de la Mission de collaboration du <a href=\"http:\/\/www.scholarships-bourses.gc.ca\/scholarships-bourses\/can\/institutions\/elap-pfla.aspx?lang=fra\">Programme des futurs leaders dans les Am\u00e9riques<\/a> (PFLA) d\u2019Affaires mondiales Canada, l\u2019\u00e9quipe du Programme de bourses internationales du BCEI a su r\u00e9unir des \u00e9tablissements de l\u2019Am\u00e9rique latine et des Cara\u00efbes pour appuyer le d\u00e9veloppement de leurs relations internationales. Nous tirons de cette exp\u00e9rience un apprentissage unique dans le domaine, soit l\u2019approfondissement de la connaissance des besoins distincts des repr\u00e9sentants canadiens et internationaux et du r\u00f4le d\u2019un tel \u00e9v\u00e9nement pour la cr\u00e9ation de partenariats en tant que service offert par le BCEI \u00e0 ses membres. Bref, la Mission de collaboration est un v\u00e9ritable pont vers l\u2019international.<\/p>\n<p><strong>\u00a0<\/strong><strong>12 pays en 1 jour, mode <\/strong><strong>d\u2019emploi<\/strong><\/p>\n<p>Tout d\u2019abord, quelques d\u00e9tails. Chantal Bolduc et moi-m\u00eame, Nicholas Hardy, avons men\u00e9 une d\u00e9l\u00e9gation de <strong>16 d\u00e9l\u00e9gu\u00e9s en provenance de 12\u00a0pays d\u2019Am\u00e9rique latine et des Cara\u00efbes<\/strong> (<em>Bahamas, Belize, Cuba, \u00c9quateur, Guatemala, Ha\u00efti, Jama\u00efque, Nicaragua, Panama, P\u00e9rou, R\u00e9publique Dominicaine, Uruguay<\/em>), du 7\u00a0au 16\u00a0novembre\u00a02016, dans le cadre du PFLA d\u2019Affaires mondiales Canada. Suivant un programme ambitieux, nous avons visit\u00e9 <strong>10\u00a0\u00e9tablissements<\/strong> (<em>Holland College, University of PEI, CCNB (Dieppe), Universit\u00e9 de Moncton, ITHQ, Coll\u00e8ge Montmorency, UQAM, \u00c9cole Nationale de Th\u00e9\u00e2tre, C\u00e9gep Limoilou, Universit\u00e9 Laval<\/em>) <strong>dans 4\u00a0provinces<\/strong> (<em>\u00ce.-P.-E., NB, QC, ON<\/em>), organis\u00e9 de nombreux \u00e9v\u00e9nements de r\u00e9seautage, une r\u00e9ception diplomatique et avons particip\u00e9 au <strong>50<sup>e<\/sup>\u00a0Congr\u00e8s annuel du BCEI<\/strong>. Cette ann\u00e9e, un accent particulier a \u00e9t\u00e9 mis sur le domaine du tourisme et du patrimoine. De plus, nous avons voulu encourager le d\u00e9veloppement de la mobilit\u00e9 internationale au niveau coll\u00e9gial.<\/p>\n<p>La diversit\u00e9 de notre groupe et les multiples interactions avec homologues canadiens nous permettent de tirer des apprentissages essentiels au succ\u00e8s d\u2019une telle initiative. D\u2019une part, les enjeux divergents obligent une r\u00e9\u00e9valuation des partenariats de mani\u00e8re \u00e0 obtenir des r\u00e9sultats gagnants pour les deux parties. Pour cela, l\u2019esprit innovateur est de mise. D\u2019autre part, en d\u00e9pit des d\u00e9fis propres aux \u00e9tablissements d\u2019Am\u00e9rique latine et des Cara\u00efbes (infrastructurels, \u00e9conomiques, classement global, etc.), le contact avec les d\u00e9l\u00e9gu\u00e9s met davantage en \u00e9vidence leurs atouts institutionnels, reli\u00e9s, entre autres, \u00e0 la <em>sp\u00e9cificit\u00e9 topologique<\/em> de leur expertise. Ensuite, le travail de cr\u00e9ation de partenariats est d\u2019abord et avant tout celui de la cr\u00e9ation de relations humaines. Finalement, la mission a une influence d\u00e9cisive en ce qu\u2019elle outille repr\u00e9sentants canadiens et internationaux pour susciter des rencontres fructueuses, soit le d\u00e9veloppement de relations collaboratives et durables.<\/p>\n<p><strong>Quelques retomb\u00e9es directes <\/strong><\/p>\n<p>La Mission de collaboration a d\u2019ailleurs donn\u00e9 des retomb\u00e9es directes. Avant la conclusion de l\u2019\u00e9v\u00e9nement, trois accords ont \u00e9t\u00e9 sign\u00e9s entre l\u2019<em>University of Prince Edward Island <\/em>et l\u2019<em>Universidad<\/em> <em>Da<\/em> <em>Vinci<\/em> <em>de<\/em> <em>Guatemala<\/em>, l\u2019Institut de Formation Technique et Professionnelle (Ha\u00efti) et <em>Galen<\/em> <em>University <\/em>(Belize). Suite \u00e0 l\u2019\u00e9v\u00e9nement, le <em>Bahamas Technical and Vocational Institute <\/em>a sign\u00e9 un accord avec <em>Georgian College<\/em>. Plusieurs d\u00e9l\u00e9gu\u00e9s de la mission sont toujours en n\u00e9gociation de nouveaux accords avec leurs partenaires canadiens. Le reste est \u00e0 suivre.<\/p>\n<p><em>Nicholas Hardy est coordonnateur de programme (\u00e9v\u00e9nements) avec le Programme de bourses internationales d\u2019Affaires mondiales Canada au BCEI<\/em><\/p>\n<p>&nbsp;<\/p>\n","protected":false},"excerpt":{"rendered":"<p>Cr\u00e9er des ponts \u00a0Au-del\u00e0 des\u00a0 facteurs qui s\u00e9parent les \u00e9tablissements d\u2019\u00e9ducation sup\u00e9rieure, que cela soit d\u00fb \u00e0 des contraintes g\u00e9opolitiques ou autres, les Missions de collaboration cr\u00e9ent les conditions id\u00e9ales [&hellip;]<\/p>\n","protected":false},"author":11,"featured_media":24603,"comment_status":"closed","ping_status":"closed","sticky":false,"template":"","format":"standard","meta":{"_acf_changed":false,"footnotes":""},"categories":[157],"tags":[],"class_list":["post-24625","post","type-post","status-publish","format-standard","has-post-thumbnail","hentry","category-sans-frontieres"],"acf":[],"yoast_head":"<!-- This site is optimized with the Yoast SEO plugin v27.4 - https:\/\/yoast.com\/product\/yoast-seo-wordpress\/ -->\n<title>L\u2019odyss\u00e9e latino-am\u00e9ricaine et carib\u00e9enne : une 9e Mission de collaboration du PFLA et ses efforts de cr\u00e9ation de partenariats entre l\u2019Am\u00e9rique latine, les cara\u00efbes et le Canada - CBIE<\/title>\n<meta name=\"robots\" content=\"index, follow, max-snippet:-1, max-image-preview:large, max-video-preview:-1\" \/>\n<link rel=\"canonical\" href=\"https:\/\/cbie.ca\/fr\/forays-canadas-international-education-milieu-9th-edition-elap-collaboration-mission-partnership-building-efforts-latin-american-caribbean-counterparts\/\" \/>\n<meta property=\"og:locale\" content=\"fr_FR\" \/>\n<meta property=\"og:type\" content=\"article\" \/>\n<meta property=\"og:title\" content=\"L\u2019odyss\u00e9e latino-am\u00e9ricaine et carib\u00e9enne : une 9e Mission de collaboration du PFLA et ses efforts de cr\u00e9ation de partenariats entre l\u2019Am\u00e9rique latine, les cara\u00efbes et le Canada - CBIE\" \/>\n<meta property=\"og:description\" content=\"Cr\u00e9er des ponts \u00a0Au-del\u00e0 des\u00a0 facteurs qui s\u00e9parent les \u00e9tablissements d\u2019\u00e9ducation sup\u00e9rieure, que cela soit d\u00fb \u00e0 des contraintes g\u00e9opolitiques ou autres, les Missions de collaboration cr\u00e9ent les conditions id\u00e9ales [&hellip;]\" \/>\n<meta property=\"og:url\" content=\"https:\/\/cbie.ca\/fr\/forays-canadas-international-education-milieu-9th-edition-elap-collaboration-mission-partnership-building-efforts-latin-american-caribbean-counterparts\/\" \/>\n<meta property=\"og:site_name\" content=\"CBIE\" \/>\n<meta property=\"article:published_time\" content=\"2016-12-20T19:31:07+00:00\" \/>\n<meta property=\"article:modified_time\" content=\"2020-02-05T16:45:49+00:00\" \/>\n<meta property=\"og:image\" content=\"https:\/\/cbie.ca\/wp-content\/uploads\/2016\/12\/CM-2016-UPEI-GROUP-DSCN4064-scaled.jpg\" \/>\n\t<meta property=\"og:image:width\" content=\"2560\" \/>\n\t<meta property=\"og:image:height\" content=\"1246\" \/>\n\t<meta property=\"og:image:type\" content=\"image\/jpeg\" \/>\n<meta name=\"author\" content=\"Melissa Payne\" \/>\n<meta name=\"twitter:card\" content=\"summary_large_image\" \/>\n<meta name=\"twitter:label1\" content=\"\u00c9crit par\" \/>\n\t<meta name=\"twitter:data1\" content=\"Melissa Payne\" \/>\n\t<meta name=\"twitter:label2\" content=\"Dur\u00e9e de lecture estim\u00e9e\" \/>\n\t<meta name=\"twitter:data2\" content=\"3 minutes\" \/>\n<script type=\"application\/ld+json\" class=\"yoast-schema-graph\">{\"@context\":\"https:\\\/\\\/schema.org\",\"@graph\":[{\"@type\":\"Article\",\"@id\":\"https:\\\/\\\/cbie.ca\\\/fr\\\/forays-canadas-international-education-milieu-9th-edition-elap-collaboration-mission-partnership-building-efforts-latin-american-caribbean-counterparts\\\/#article\",\"isPartOf\":{\"@id\":\"https:\\\/\\\/cbie.ca\\\/fr\\\/forays-canadas-international-education-milieu-9th-edition-elap-collaboration-mission-partnership-building-efforts-latin-american-caribbean-counterparts\\\/\"},\"author\":{\"name\":\"Melissa Payne\",\"@id\":\"https:\\\/\\\/cbie.ca\\\/#\\\/schema\\\/person\\\/854a54756fee54b7df86b7b916692882\"},\"headline\":\"L\u2019odyss\u00e9e latino-am\u00e9ricaine et carib\u00e9enne : une 9e Mission de collaboration du PFLA et ses efforts de cr\u00e9ation de partenariats entre l\u2019Am\u00e9rique latine, les cara\u00efbes et le Canada\",\"datePublished\":\"2016-12-20T19:31:07+00:00\",\"dateModified\":\"2020-02-05T16:45:49+00:00\",\"mainEntityOfPage\":{\"@id\":\"https:\\\/\\\/cbie.ca\\\/fr\\\/forays-canadas-international-education-milieu-9th-edition-elap-collaboration-mission-partnership-building-efforts-latin-american-caribbean-counterparts\\\/\"},\"wordCount\":646,\"image\":{\"@id\":\"https:\\\/\\\/cbie.ca\\\/fr\\\/forays-canadas-international-education-milieu-9th-edition-elap-collaboration-mission-partnership-building-efforts-latin-american-caribbean-counterparts\\\/#primaryimage\"},\"thumbnailUrl\":\"https:\\\/\\\/cbie.ca\\\/wp-content\\\/uploads\\\/2016\\\/12\\\/CM-2016-UPEI-GROUP-DSCN4064-scaled.jpg\",\"articleSection\":[\"Sans fronti\u00e8res\"],\"inLanguage\":\"fr-FR\"},{\"@type\":\"WebPage\",\"@id\":\"https:\\\/\\\/cbie.ca\\\/fr\\\/forays-canadas-international-education-milieu-9th-edition-elap-collaboration-mission-partnership-building-efforts-latin-american-caribbean-counterparts\\\/\",\"url\":\"https:\\\/\\\/cbie.ca\\\/fr\\\/forays-canadas-international-education-milieu-9th-edition-elap-collaboration-mission-partnership-building-efforts-latin-american-caribbean-counterparts\\\/\",\"name\":\"L\u2019odyss\u00e9e latino-am\u00e9ricaine et carib\u00e9enne : une 9e Mission de collaboration du PFLA et ses efforts de cr\u00e9ation de partenariats entre l\u2019Am\u00e9rique latine, les cara\u00efbes et le Canada - CBIE\",\"isPartOf\":{\"@id\":\"https:\\\/\\\/cbie.ca\\\/#website\"},\"primaryImageOfPage\":{\"@id\":\"https:\\\/\\\/cbie.ca\\\/fr\\\/forays-canadas-international-education-milieu-9th-edition-elap-collaboration-mission-partnership-building-efforts-latin-american-caribbean-counterparts\\\/#primaryimage\"},\"image\":{\"@id\":\"https:\\\/\\\/cbie.ca\\\/fr\\\/forays-canadas-international-education-milieu-9th-edition-elap-collaboration-mission-partnership-building-efforts-latin-american-caribbean-counterparts\\\/#primaryimage\"},\"thumbnailUrl\":\"https:\\\/\\\/cbie.ca\\\/wp-content\\\/uploads\\\/2016\\\/12\\\/CM-2016-UPEI-GROUP-DSCN4064-scaled.jpg\",\"datePublished\":\"2016-12-20T19:31:07+00:00\",\"dateModified\":\"2020-02-05T16:45:49+00:00\",\"author\":{\"@id\":\"https:\\\/\\\/cbie.ca\\\/#\\\/schema\\\/person\\\/854a54756fee54b7df86b7b916692882\"},\"breadcrumb\":{\"@id\":\"https:\\\/\\\/cbie.ca\\\/fr\\\/forays-canadas-international-education-milieu-9th-edition-elap-collaboration-mission-partnership-building-efforts-latin-american-caribbean-counterparts\\\/#breadcrumb\"},\"inLanguage\":\"fr-FR\",\"potentialAction\":[{\"@type\":\"ReadAction\",\"target\":[\"https:\\\/\\\/cbie.ca\\\/fr\\\/forays-canadas-international-education-milieu-9th-edition-elap-collaboration-mission-partnership-building-efforts-latin-american-caribbean-counterparts\\\/\"]}]},{\"@type\":\"ImageObject\",\"inLanguage\":\"fr-FR\",\"@id\":\"https:\\\/\\\/cbie.ca\\\/fr\\\/forays-canadas-international-education-milieu-9th-edition-elap-collaboration-mission-partnership-building-efforts-latin-american-caribbean-counterparts\\\/#primaryimage\",\"url\":\"https:\\\/\\\/cbie.ca\\\/wp-content\\\/uploads\\\/2016\\\/12\\\/CM-2016-UPEI-GROUP-DSCN4064-scaled.jpg\",\"contentUrl\":\"https:\\\/\\\/cbie.ca\\\/wp-content\\\/uploads\\\/2016\\\/12\\\/CM-2016-UPEI-GROUP-DSCN4064-scaled.jpg\",\"width\":2560,\"height\":1246,\"caption\":\"2016 UPEI Group\"},{\"@type\":\"BreadcrumbList\",\"@id\":\"https:\\\/\\\/cbie.ca\\\/fr\\\/forays-canadas-international-education-milieu-9th-edition-elap-collaboration-mission-partnership-building-efforts-latin-american-caribbean-counterparts\\\/#breadcrumb\",\"itemListElement\":[{\"@type\":\"ListItem\",\"position\":1,\"name\":\"Home\",\"item\":\"https:\\\/\\\/cbie.ca\\\/fr\\\/\"},{\"@type\":\"ListItem\",\"position\":2,\"name\":\"L\u2019odyss\u00e9e latino-am\u00e9ricaine et carib\u00e9enne : une 9e Mission de collaboration du PFLA et ses efforts de cr\u00e9ation de partenariats entre l\u2019Am\u00e9rique latine, les cara\u00efbes et le Canada\"}]},{\"@type\":\"WebSite\",\"@id\":\"https:\\\/\\\/cbie.ca\\\/#website\",\"url\":\"https:\\\/\\\/cbie.ca\\\/\",\"name\":\"Canadian Bureau for International Education\",\"description\":\"\",\"potentialAction\":[{\"@type\":\"SearchAction\",\"target\":{\"@type\":\"EntryPoint\",\"urlTemplate\":\"https:\\\/\\\/cbie.ca\\\/?s={search_term_string}\"},\"query-input\":{\"@type\":\"PropertyValueSpecification\",\"valueRequired\":true,\"valueName\":\"search_term_string\"}}],\"inLanguage\":\"fr-FR\"},{\"@type\":\"Person\",\"@id\":\"https:\\\/\\\/cbie.ca\\\/#\\\/schema\\\/person\\\/854a54756fee54b7df86b7b916692882\",\"name\":\"Melissa Payne\",\"image\":{\"@type\":\"ImageObject\",\"inLanguage\":\"fr-FR\",\"@id\":\"https:\\\/\\\/secure.gravatar.com\\\/avatar\\\/12e9efe7693591f27461a1d3163daab2041397136fbed8dedb578b5715b725ce?s=96&d=mm&r=g\",\"url\":\"https:\\\/\\\/secure.gravatar.com\\\/avatar\\\/12e9efe7693591f27461a1d3163daab2041397136fbed8dedb578b5715b725ce?s=96&d=mm&r=g\",\"contentUrl\":\"https:\\\/\\\/secure.gravatar.com\\\/avatar\\\/12e9efe7693591f27461a1d3163daab2041397136fbed8dedb578b5715b725ce?s=96&d=mm&r=g\",\"caption\":\"Melissa Payne\"},\"url\":\"https:\\\/\\\/cbie.ca\\\/fr\\\/author\\\/mpayne\\\/\"}]}<\/script>\n<!-- \/ Yoast SEO plugin. -->","yoast_head_json":{"title":"L\u2019odyss\u00e9e latino-am\u00e9ricaine et carib\u00e9enne : une 9e Mission de collaboration du PFLA et ses efforts de cr\u00e9ation de partenariats entre l\u2019Am\u00e9rique latine, les cara\u00efbes et le Canada - CBIE","robots":{"index":"index","follow":"follow","max-snippet":"max-snippet:-1","max-image-preview":"max-image-preview:large","max-video-preview":"max-video-preview:-1"},"canonical":"https:\/\/cbie.ca\/fr\/forays-canadas-international-education-milieu-9th-edition-elap-collaboration-mission-partnership-building-efforts-latin-american-caribbean-counterparts\/","og_locale":"fr_FR","og_type":"article","og_title":"L\u2019odyss\u00e9e latino-am\u00e9ricaine et carib\u00e9enne : une 9e Mission de collaboration du PFLA et ses efforts de cr\u00e9ation de partenariats entre l\u2019Am\u00e9rique latine, les cara\u00efbes et le Canada - CBIE","og_description":"Cr\u00e9er des ponts \u00a0Au-del\u00e0 des\u00a0 facteurs qui s\u00e9parent les \u00e9tablissements d\u2019\u00e9ducation sup\u00e9rieure, que cela soit d\u00fb \u00e0 des contraintes g\u00e9opolitiques ou autres, les Missions de collaboration cr\u00e9ent les conditions id\u00e9ales [&hellip;]","og_url":"https:\/\/cbie.ca\/fr\/forays-canadas-international-education-milieu-9th-edition-elap-collaboration-mission-partnership-building-efforts-latin-american-caribbean-counterparts\/","og_site_name":"CBIE","article_published_time":"2016-12-20T19:31:07+00:00","article_modified_time":"2020-02-05T16:45:49+00:00","og_image":[{"width":2560,"height":1246,"url":"https:\/\/cbie.ca\/wp-content\/uploads\/2016\/12\/CM-2016-UPEI-GROUP-DSCN4064-scaled.jpg","type":"image\/jpeg"}],"author":"Melissa Payne","twitter_card":"summary_large_image","twitter_misc":{"\u00c9crit par":"Melissa Payne","Dur\u00e9e de lecture estim\u00e9e":"3 minutes"},"schema":{"@context":"https:\/\/schema.org","@graph":[{"@type":"Article","@id":"https:\/\/cbie.ca\/fr\/forays-canadas-international-education-milieu-9th-edition-elap-collaboration-mission-partnership-building-efforts-latin-american-caribbean-counterparts\/#article","isPartOf":{"@id":"https:\/\/cbie.ca\/fr\/forays-canadas-international-education-milieu-9th-edition-elap-collaboration-mission-partnership-building-efforts-latin-american-caribbean-counterparts\/"},"author":{"name":"Melissa Payne","@id":"https:\/\/cbie.ca\/#\/schema\/person\/854a54756fee54b7df86b7b916692882"},"headline":"L\u2019odyss\u00e9e latino-am\u00e9ricaine et carib\u00e9enne : une 9e Mission de collaboration du PFLA et ses efforts de cr\u00e9ation de partenariats entre l\u2019Am\u00e9rique latine, les cara\u00efbes et le Canada","datePublished":"2016-12-20T19:31:07+00:00","dateModified":"2020-02-05T16:45:49+00:00","mainEntityOfPage":{"@id":"https:\/\/cbie.ca\/fr\/forays-canadas-international-education-milieu-9th-edition-elap-collaboration-mission-partnership-building-efforts-latin-american-caribbean-counterparts\/"},"wordCount":646,"image":{"@id":"https:\/\/cbie.ca\/fr\/forays-canadas-international-education-milieu-9th-edition-elap-collaboration-mission-partnership-building-efforts-latin-american-caribbean-counterparts\/#primaryimage"},"thumbnailUrl":"https:\/\/cbie.ca\/wp-content\/uploads\/2016\/12\/CM-2016-UPEI-GROUP-DSCN4064-scaled.jpg","articleSection":["Sans fronti\u00e8res"],"inLanguage":"fr-FR"},{"@type":"WebPage","@id":"https:\/\/cbie.ca\/fr\/forays-canadas-international-education-milieu-9th-edition-elap-collaboration-mission-partnership-building-efforts-latin-american-caribbean-counterparts\/","url":"https:\/\/cbie.ca\/fr\/forays-canadas-international-education-milieu-9th-edition-elap-collaboration-mission-partnership-building-efforts-latin-american-caribbean-counterparts\/","name":"L\u2019odyss\u00e9e latino-am\u00e9ricaine et carib\u00e9enne : une 9e Mission de collaboration du PFLA et ses efforts de cr\u00e9ation de partenariats entre l\u2019Am\u00e9rique latine, les cara\u00efbes et le Canada - CBIE","isPartOf":{"@id":"https:\/\/cbie.ca\/#website"},"primaryImageOfPage":{"@id":"https:\/\/cbie.ca\/fr\/forays-canadas-international-education-milieu-9th-edition-elap-collaboration-mission-partnership-building-efforts-latin-american-caribbean-counterparts\/#primaryimage"},"image":{"@id":"https:\/\/cbie.ca\/fr\/forays-canadas-international-education-milieu-9th-edition-elap-collaboration-mission-partnership-building-efforts-latin-american-caribbean-counterparts\/#primaryimage"},"thumbnailUrl":"https:\/\/cbie.ca\/wp-content\/uploads\/2016\/12\/CM-2016-UPEI-GROUP-DSCN4064-scaled.jpg","datePublished":"2016-12-20T19:31:07+00:00","dateModified":"2020-02-05T16:45:49+00:00","author":{"@id":"https:\/\/cbie.ca\/#\/schema\/person\/854a54756fee54b7df86b7b916692882"},"breadcrumb":{"@id":"https:\/\/cbie.ca\/fr\/forays-canadas-international-education-milieu-9th-edition-elap-collaboration-mission-partnership-building-efforts-latin-american-caribbean-counterparts\/#breadcrumb"},"inLanguage":"fr-FR","potentialAction":[{"@type":"ReadAction","target":["https:\/\/cbie.ca\/fr\/forays-canadas-international-education-milieu-9th-edition-elap-collaboration-mission-partnership-building-efforts-latin-american-caribbean-counterparts\/"]}]},{"@type":"ImageObject","inLanguage":"fr-FR","@id":"https:\/\/cbie.ca\/fr\/forays-canadas-international-education-milieu-9th-edition-elap-collaboration-mission-partnership-building-efforts-latin-american-caribbean-counterparts\/#primaryimage","url":"https:\/\/cbie.ca\/wp-content\/uploads\/2016\/12\/CM-2016-UPEI-GROUP-DSCN4064-scaled.jpg","contentUrl":"https:\/\/cbie.ca\/wp-content\/uploads\/2016\/12\/CM-2016-UPEI-GROUP-DSCN4064-scaled.jpg","width":2560,"height":1246,"caption":"2016 UPEI Group"},{"@type":"BreadcrumbList","@id":"https:\/\/cbie.ca\/fr\/forays-canadas-international-education-milieu-9th-edition-elap-collaboration-mission-partnership-building-efforts-latin-american-caribbean-counterparts\/#breadcrumb","itemListElement":[{"@type":"ListItem","position":1,"name":"Home","item":"https:\/\/cbie.ca\/fr\/"},{"@type":"ListItem","position":2,"name":"L\u2019odyss\u00e9e latino-am\u00e9ricaine et carib\u00e9enne : une 9e Mission de collaboration du PFLA et ses efforts de cr\u00e9ation de partenariats entre l\u2019Am\u00e9rique latine, les cara\u00efbes et le Canada"}]},{"@type":"WebSite","@id":"https:\/\/cbie.ca\/#website","url":"https:\/\/cbie.ca\/","name":"Canadian Bureau for International Education","description":"","potentialAction":[{"@type":"SearchAction","target":{"@type":"EntryPoint","urlTemplate":"https:\/\/cbie.ca\/?s={search_term_string}"},"query-input":{"@type":"PropertyValueSpecification","valueRequired":true,"valueName":"search_term_string"}}],"inLanguage":"fr-FR"},{"@type":"Person","@id":"https:\/\/cbie.ca\/#\/schema\/person\/854a54756fee54b7df86b7b916692882","name":"Melissa Payne","image":{"@type":"ImageObject","inLanguage":"fr-FR","@id":"https:\/\/secure.gravatar.com\/avatar\/12e9efe7693591f27461a1d3163daab2041397136fbed8dedb578b5715b725ce?s=96&d=mm&r=g","url":"https:\/\/secure.gravatar.com\/avatar\/12e9efe7693591f27461a1d3163daab2041397136fbed8dedb578b5715b725ce?s=96&d=mm&r=g","contentUrl":"https:\/\/secure.gravatar.com\/avatar\/12e9efe7693591f27461a1d3163daab2041397136fbed8dedb578b5715b725ce?s=96&d=mm&r=g","caption":"Melissa Payne"},"url":"https:\/\/cbie.ca\/fr\/author\/mpayne\/"}]}},"_links":{"self":[{"href":"https:\/\/cbie.ca\/fr\/wp-json\/wp\/v2\/posts\/24625","targetHints":{"allow":["GET"]}}],"collection":[{"href":"https:\/\/cbie.ca\/fr\/wp-json\/wp\/v2\/posts"}],"about":[{"href":"https:\/\/cbie.ca\/fr\/wp-json\/wp\/v2\/types\/post"}],"author":[{"embeddable":true,"href":"https:\/\/cbie.ca\/fr\/wp-json\/wp\/v2\/users\/11"}],"replies":[{"embeddable":true,"href":"https:\/\/cbie.ca\/fr\/wp-json\/wp\/v2\/comments?post=24625"}],"version-history":[{"count":0,"href":"https:\/\/cbie.ca\/fr\/wp-json\/wp\/v2\/posts\/24625\/revisions"}],"wp:featuredmedia":[{"embeddable":true,"href":"https:\/\/cbie.ca\/fr\/wp-json\/wp\/v2\/media\/24603"}],"wp:attachment":[{"href":"https:\/\/cbie.ca\/fr\/wp-json\/wp\/v2\/media?parent=24625"}],"wp:term":[{"taxonomy":"category","embeddable":true,"href":"https:\/\/cbie.ca\/fr\/wp-json\/wp\/v2\/categories?post=24625"},{"taxonomy":"post_tag","embeddable":true,"href":"https:\/\/cbie.ca\/fr\/wp-json\/wp\/v2\/tags?post=24625"}],"curies":[{"name":"wp","href":"https:\/\/api.w.org\/{rel}","templated":true}]}}