{"id":24526,"date":"2016-12-08T10:01:37","date_gmt":"2016-12-08T15:01:37","guid":{"rendered":"https:\/\/cbieca.wpenginepowered.com\/?p=24526&#038;lang=fr"},"modified":"2016-12-08T10:01:37","modified_gmt":"2016-12-08T15:01:37","slug":"le-bureau-canadien-de-leducation-internationale-bcei-nomme-un-nouveau-president-de-conseil-dadministration","status":"publish","type":"post","link":"https:\/\/cbie.ca\/fr\/le-bureau-canadien-de-leducation-internationale-bcei-nomme-un-nouveau-president-de-conseil-dadministration\/","title":{"rendered":"Le Bureau canadien de l\u2019\u00e9ducation internationale (BCEI) nomme un nouveau pr\u00e9sident de conseil d\u2019administration"},"content":{"rendered":"<p><strong><em>Ottawa, le 8 d\u00e9cembre 2016 : <\/em><\/strong>Le BCEI est heureux d\u2019annoncer la nomination d\u2019un nouveau pr\u00e9sident \u00e0 son conseil d\u2019administration\u00a0: Monsieur David Ross, pr\u00e9sident du Southern Alberta Institute of Technology (SAIT), pour un mandat de deux ans.<\/p>\n<p>M. Ross a d\u2019abord \u00e9t\u00e9 nomm\u00e9 au CA en septembre 2014. Il a si\u00e9g\u00e9 au comit\u00e9 ex\u00e9cutif, au comit\u00e9 des finances et de la v\u00e9rification et au comit\u00e9 de la gouvernance.<\/p>\n<p>\u00ab\u00a0David est un leader passionn\u00e9 en \u00e9tudes sup\u00e9rieures et se consacre \u00e0 promouvoir la r\u00e9ussite des \u00e9tudiants, d\u00e9clare Patrick Deane, ancien pr\u00e9sident du CA. C\u2019est sous son leadership que SAIT est devenu le troisi\u00e8me plus grand \u00e9tablissement d\u2019Alberta, et je ne doute pas un instant que notre CA continuera \u00e0 prosp\u00e9rer sous sa direction.\u00a0\u00bb<\/p>\n<p>M. Ross est actif dans sa communaut\u00e9 et sur les sc\u00e8nes nationales et internationales en \u00e9tudes sup\u00e9rieures. Il est membre du CA de plusieurs fondations et associations, dont la Calgary Homeless Foundation et le conseil de recherche d\u2019entreprise pour le Conseil de recherches en sciences naturelles et en g\u00e9nie du Canada.<\/p>\n<p>\u00ab\u00a0J\u2019ai h\u00e2te de travailler avec David pendant les deux prochaines ann\u00e9es \u00e0 titre de pr\u00e9sident du CA, affirme Karen McBride, pr\u00e9sidente et chef de la direction du BCEI. Il apporte une longue exp\u00e9rience vari\u00e9e qui nous donnera de nouvelles id\u00e9es sur les bienfaits et les difficult\u00e9s de l\u2019internationalisation et qui nous mettront en bonne place pour lancer notre conversation nationale sur les \u00e9tudes \u00e0 l\u2019\u00e9tranger.\u00a0\u00bb<\/p>\n<p>En janvier 2017, M. Ross se verra joindre par un nouveau tr\u00e9sorier, Roy Daykin, vice-pr\u00e9sident, services aux employ\u00e9s et d\u2019entreprise au Okanagan College, ainsi que par plusieurs nouvelles nominations au CA du BCEI\u00a0: Patricia Gartland, superviseurs des \u00e9coles (Coquitlam); Guy Lefebvre, vice-recteur aux relations internationales et \u00e0 la francophonie, Universit\u00e9 de Montr\u00e9al; Kathy O`Brien, vice-principales associ\u00e9e (International), Queens University et Herv\u00e9 Pilon, directeur g\u00e9n\u00e9ral, C\u00e9gep Montmorency.<\/p>\n<p>\u00ab\u00a0Je suis tr\u00e8s enthousiaste \u00e0 l\u2019id\u00e9e de diriger le CA du BCEI et de travailler avec le personnel et les membres tr\u00e8s motiv\u00e9s de cette organisation, d\u00e9clare M. Ross. Surtout pendant cette ann\u00e9e du cinquantenaire, quand nous r\u00e9fl\u00e9chissons \u00e0 nos r\u00e9ussites et aux occasions que nous pourrons saisir, nous appr\u00e9cions \u00e0 quel point l\u2019\u00e9ducation internationale devient de plus en plus importante pour tous les \u00e9tudiants que nous aidons et pour le profil du Canada sur la sc\u00e8ne mondiale.\u00a0\u00bb<\/p>\n<p>Pour en savoir plus\u00a0:<\/p>\n<p>Jacquelyn Hoult<br \/>\nDirectrice, communication<br \/>\n<a href=\"mailto:jhoult@cbie.ca\">jhoult@cbie.ca<\/a><br \/>\n613.237.4820, poste 254<\/p>\n","protected":false},"excerpt":{"rendered":"<p>Ottawa, le 8 d\u00e9cembre 2016 : Le BCEI est heureux d\u2019annoncer la nomination d\u2019un nouveau pr\u00e9sident \u00e0 son conseil d\u2019administration\u00a0: Monsieur David Ross, pr\u00e9sident du Southern Alberta Institute of Technology [&hellip;]<\/p>\n","protected":false},"author":11,"featured_media":24525,"comment_status":"closed","ping_status":"closed","sticky":false,"template":"","format":"standard","meta":{"_acf_changed":false,"footnotes":""},"categories":[82],"tags":[],"class_list":["post-24526","post","type-post","status-publish","format-standard","has-post-thumbnail","hentry","category-press-releases-fr"],"acf":[],"yoast_head":"<!-- This site is optimized with the Yoast SEO plugin v27.4 - https:\/\/yoast.com\/product\/yoast-seo-wordpress\/ -->\n<title>Le Bureau canadien de l\u2019\u00e9ducation internationale (BCEI) nomme un nouveau pr\u00e9sident de conseil d\u2019administration - CBIE<\/title>\n<meta name=\"robots\" content=\"index, follow, max-snippet:-1, max-image-preview:large, max-video-preview:-1\" \/>\n<link rel=\"canonical\" href=\"https:\/\/cbie.ca\/canadian-bureau-international-education-cbie-appoints-new-chair\/\" \/>\n<meta property=\"og:locale\" content=\"fr_FR\" \/>\n<meta property=\"og:type\" content=\"article\" \/>\n<meta property=\"og:title\" content=\"Le Bureau canadien de l\u2019\u00e9ducation internationale (BCEI) nomme un nouveau pr\u00e9sident de conseil d\u2019administration - CBIE\" \/>\n<meta property=\"og:description\" content=\"Ottawa, le 8 d\u00e9cembre 2016 : Le BCEI est heureux d\u2019annoncer la nomination d\u2019un nouveau pr\u00e9sident \u00e0 son conseil d\u2019administration\u00a0: Monsieur David Ross, pr\u00e9sident du Southern Alberta Institute of Technology [&hellip;]\" \/>\n<meta property=\"og:url\" content=\"https:\/\/cbie.ca\/canadian-bureau-international-education-cbie-appoints-new-chair\/\" \/>\n<meta property=\"og:site_name\" content=\"CBIE\" \/>\n<meta property=\"article:published_time\" content=\"2016-12-08T15:01:37+00:00\" \/>\n<meta property=\"og:image\" content=\"https:\/\/cbie.ca\/wp-content\/uploads\/2016\/12\/ZA4_8146-4.jpg\" \/>\n\t<meta property=\"og:image:width\" content=\"1202\" \/>\n\t<meta property=\"og:image:height\" content=\"932\" \/>\n\t<meta property=\"og:image:type\" content=\"image\/jpeg\" \/>\n<meta name=\"author\" content=\"Melissa Payne\" \/>\n<meta name=\"twitter:card\" content=\"summary_large_image\" \/>\n<meta name=\"twitter:label1\" content=\"\u00c9crit par\" \/>\n\t<meta name=\"twitter:data1\" content=\"Melissa Payne\" \/>\n\t<meta name=\"twitter:label2\" content=\"Dur\u00e9e de lecture estim\u00e9e\" \/>\n\t<meta name=\"twitter:data2\" content=\"2 minutes\" \/>\n<script type=\"application\/ld+json\" class=\"yoast-schema-graph\">{\"@context\":\"https:\\\/\\\/schema.org\",\"@graph\":[{\"@type\":\"Article\",\"@id\":\"https:\\\/\\\/cbie.ca\\\/canadian-bureau-international-education-cbie-appoints-new-chair\\\/#article\",\"isPartOf\":{\"@id\":\"https:\\\/\\\/cbie.ca\\\/canadian-bureau-international-education-cbie-appoints-new-chair\\\/\"},\"author\":{\"name\":\"Melissa Payne\",\"@id\":\"https:\\\/\\\/cbie.ca\\\/#\\\/schema\\\/person\\\/854a54756fee54b7df86b7b916692882\"},\"headline\":\"Le Bureau canadien de l\u2019\u00e9ducation internationale (BCEI) nomme un nouveau pr\u00e9sident de conseil d\u2019administration\",\"datePublished\":\"2016-12-08T15:01:37+00:00\",\"mainEntityOfPage\":{\"@id\":\"https:\\\/\\\/cbie.ca\\\/canadian-bureau-international-education-cbie-appoints-new-chair\\\/\"},\"wordCount\":453,\"image\":{\"@id\":\"https:\\\/\\\/cbie.ca\\\/canadian-bureau-international-education-cbie-appoints-new-chair\\\/#primaryimage\"},\"thumbnailUrl\":\"https:\\\/\\\/cbie.ca\\\/wp-content\\\/uploads\\\/2016\\\/12\\\/ZA4_8146-4.jpg\",\"articleSection\":[\"Communiqu\u00e9\"],\"inLanguage\":\"fr-FR\"},{\"@type\":\"WebPage\",\"@id\":\"https:\\\/\\\/cbie.ca\\\/canadian-bureau-international-education-cbie-appoints-new-chair\\\/\",\"url\":\"https:\\\/\\\/cbie.ca\\\/canadian-bureau-international-education-cbie-appoints-new-chair\\\/\",\"name\":\"Le Bureau canadien de l\u2019\u00e9ducation internationale (BCEI) nomme un nouveau pr\u00e9sident de conseil d\u2019administration - CBIE\",\"isPartOf\":{\"@id\":\"https:\\\/\\\/cbie.ca\\\/#website\"},\"primaryImageOfPage\":{\"@id\":\"https:\\\/\\\/cbie.ca\\\/canadian-bureau-international-education-cbie-appoints-new-chair\\\/#primaryimage\"},\"image\":{\"@id\":\"https:\\\/\\\/cbie.ca\\\/canadian-bureau-international-education-cbie-appoints-new-chair\\\/#primaryimage\"},\"thumbnailUrl\":\"https:\\\/\\\/cbie.ca\\\/wp-content\\\/uploads\\\/2016\\\/12\\\/ZA4_8146-4.jpg\",\"datePublished\":\"2016-12-08T15:01:37+00:00\",\"author\":{\"@id\":\"https:\\\/\\\/cbie.ca\\\/#\\\/schema\\\/person\\\/854a54756fee54b7df86b7b916692882\"},\"breadcrumb\":{\"@id\":\"https:\\\/\\\/cbie.ca\\\/canadian-bureau-international-education-cbie-appoints-new-chair\\\/#breadcrumb\"},\"inLanguage\":\"fr-FR\",\"potentialAction\":[{\"@type\":\"ReadAction\",\"target\":[\"https:\\\/\\\/cbie.ca\\\/canadian-bureau-international-education-cbie-appoints-new-chair\\\/\"]}]},{\"@type\":\"ImageObject\",\"inLanguage\":\"fr-FR\",\"@id\":\"https:\\\/\\\/cbie.ca\\\/canadian-bureau-international-education-cbie-appoints-new-chair\\\/#primaryimage\",\"url\":\"https:\\\/\\\/cbie.ca\\\/wp-content\\\/uploads\\\/2016\\\/12\\\/ZA4_8146-4.jpg\",\"contentUrl\":\"https:\\\/\\\/cbie.ca\\\/wp-content\\\/uploads\\\/2016\\\/12\\\/ZA4_8146-4.jpg\",\"width\":1202,\"height\":932,\"caption\":\"CBIE\"},{\"@type\":\"BreadcrumbList\",\"@id\":\"https:\\\/\\\/cbie.ca\\\/canadian-bureau-international-education-cbie-appoints-new-chair\\\/#breadcrumb\",\"itemListElement\":[{\"@type\":\"ListItem\",\"position\":1,\"name\":\"Home\",\"item\":\"https:\\\/\\\/cbie.ca\\\/fr\\\/\"},{\"@type\":\"ListItem\",\"position\":2,\"name\":\"Le Bureau canadien de l\u2019\u00e9ducation internationale (BCEI) nomme un nouveau pr\u00e9sident de conseil d\u2019administration\"}]},{\"@type\":\"WebSite\",\"@id\":\"https:\\\/\\\/cbie.ca\\\/#website\",\"url\":\"https:\\\/\\\/cbie.ca\\\/\",\"name\":\"Canadian Bureau for International Education\",\"description\":\"\",\"potentialAction\":[{\"@type\":\"SearchAction\",\"target\":{\"@type\":\"EntryPoint\",\"urlTemplate\":\"https:\\\/\\\/cbie.ca\\\/?s={search_term_string}\"},\"query-input\":{\"@type\":\"PropertyValueSpecification\",\"valueRequired\":true,\"valueName\":\"search_term_string\"}}],\"inLanguage\":\"fr-FR\"},{\"@type\":\"Person\",\"@id\":\"https:\\\/\\\/cbie.ca\\\/#\\\/schema\\\/person\\\/854a54756fee54b7df86b7b916692882\",\"name\":\"Melissa Payne\",\"image\":{\"@type\":\"ImageObject\",\"inLanguage\":\"fr-FR\",\"@id\":\"https:\\\/\\\/secure.gravatar.com\\\/avatar\\\/12e9efe7693591f27461a1d3163daab2041397136fbed8dedb578b5715b725ce?s=96&d=mm&r=g\",\"url\":\"https:\\\/\\\/secure.gravatar.com\\\/avatar\\\/12e9efe7693591f27461a1d3163daab2041397136fbed8dedb578b5715b725ce?s=96&d=mm&r=g\",\"contentUrl\":\"https:\\\/\\\/secure.gravatar.com\\\/avatar\\\/12e9efe7693591f27461a1d3163daab2041397136fbed8dedb578b5715b725ce?s=96&d=mm&r=g\",\"caption\":\"Melissa Payne\"},\"url\":\"https:\\\/\\\/cbie.ca\\\/fr\\\/author\\\/mpayne\\\/\"}]}<\/script>\n<!-- \/ Yoast SEO plugin. -->","yoast_head_json":{"title":"Le Bureau canadien de l\u2019\u00e9ducation internationale (BCEI) nomme un nouveau pr\u00e9sident de conseil d\u2019administration - CBIE","robots":{"index":"index","follow":"follow","max-snippet":"max-snippet:-1","max-image-preview":"max-image-preview:large","max-video-preview":"max-video-preview:-1"},"canonical":"https:\/\/cbie.ca\/canadian-bureau-international-education-cbie-appoints-new-chair\/","og_locale":"fr_FR","og_type":"article","og_title":"Le Bureau canadien de l\u2019\u00e9ducation internationale (BCEI) nomme un nouveau pr\u00e9sident de conseil d\u2019administration - CBIE","og_description":"Ottawa, le 8 d\u00e9cembre 2016 : Le BCEI est heureux d\u2019annoncer la nomination d\u2019un nouveau pr\u00e9sident \u00e0 son conseil d\u2019administration\u00a0: Monsieur David Ross, pr\u00e9sident du Southern Alberta Institute of Technology [&hellip;]","og_url":"https:\/\/cbie.ca\/canadian-bureau-international-education-cbie-appoints-new-chair\/","og_site_name":"CBIE","article_published_time":"2016-12-08T15:01:37+00:00","og_image":[{"width":1202,"height":932,"url":"https:\/\/cbie.ca\/wp-content\/uploads\/2016\/12\/ZA4_8146-4.jpg","type":"image\/jpeg"}],"author":"Melissa Payne","twitter_card":"summary_large_image","twitter_misc":{"\u00c9crit par":"Melissa Payne","Dur\u00e9e de lecture estim\u00e9e":"2 minutes"},"schema":{"@context":"https:\/\/schema.org","@graph":[{"@type":"Article","@id":"https:\/\/cbie.ca\/canadian-bureau-international-education-cbie-appoints-new-chair\/#article","isPartOf":{"@id":"https:\/\/cbie.ca\/canadian-bureau-international-education-cbie-appoints-new-chair\/"},"author":{"name":"Melissa Payne","@id":"https:\/\/cbie.ca\/#\/schema\/person\/854a54756fee54b7df86b7b916692882"},"headline":"Le Bureau canadien de l\u2019\u00e9ducation internationale (BCEI) nomme un nouveau pr\u00e9sident de conseil d\u2019administration","datePublished":"2016-12-08T15:01:37+00:00","mainEntityOfPage":{"@id":"https:\/\/cbie.ca\/canadian-bureau-international-education-cbie-appoints-new-chair\/"},"wordCount":453,"image":{"@id":"https:\/\/cbie.ca\/canadian-bureau-international-education-cbie-appoints-new-chair\/#primaryimage"},"thumbnailUrl":"https:\/\/cbie.ca\/wp-content\/uploads\/2016\/12\/ZA4_8146-4.jpg","articleSection":["Communiqu\u00e9"],"inLanguage":"fr-FR"},{"@type":"WebPage","@id":"https:\/\/cbie.ca\/canadian-bureau-international-education-cbie-appoints-new-chair\/","url":"https:\/\/cbie.ca\/canadian-bureau-international-education-cbie-appoints-new-chair\/","name":"Le Bureau canadien de l\u2019\u00e9ducation internationale (BCEI) nomme un nouveau pr\u00e9sident de conseil d\u2019administration - CBIE","isPartOf":{"@id":"https:\/\/cbie.ca\/#website"},"primaryImageOfPage":{"@id":"https:\/\/cbie.ca\/canadian-bureau-international-education-cbie-appoints-new-chair\/#primaryimage"},"image":{"@id":"https:\/\/cbie.ca\/canadian-bureau-international-education-cbie-appoints-new-chair\/#primaryimage"},"thumbnailUrl":"https:\/\/cbie.ca\/wp-content\/uploads\/2016\/12\/ZA4_8146-4.jpg","datePublished":"2016-12-08T15:01:37+00:00","author":{"@id":"https:\/\/cbie.ca\/#\/schema\/person\/854a54756fee54b7df86b7b916692882"},"breadcrumb":{"@id":"https:\/\/cbie.ca\/canadian-bureau-international-education-cbie-appoints-new-chair\/#breadcrumb"},"inLanguage":"fr-FR","potentialAction":[{"@type":"ReadAction","target":["https:\/\/cbie.ca\/canadian-bureau-international-education-cbie-appoints-new-chair\/"]}]},{"@type":"ImageObject","inLanguage":"fr-FR","@id":"https:\/\/cbie.ca\/canadian-bureau-international-education-cbie-appoints-new-chair\/#primaryimage","url":"https:\/\/cbie.ca\/wp-content\/uploads\/2016\/12\/ZA4_8146-4.jpg","contentUrl":"https:\/\/cbie.ca\/wp-content\/uploads\/2016\/12\/ZA4_8146-4.jpg","width":1202,"height":932,"caption":"CBIE"},{"@type":"BreadcrumbList","@id":"https:\/\/cbie.ca\/canadian-bureau-international-education-cbie-appoints-new-chair\/#breadcrumb","itemListElement":[{"@type":"ListItem","position":1,"name":"Home","item":"https:\/\/cbie.ca\/fr\/"},{"@type":"ListItem","position":2,"name":"Le Bureau canadien de l\u2019\u00e9ducation internationale (BCEI) nomme un nouveau pr\u00e9sident de conseil d\u2019administration"}]},{"@type":"WebSite","@id":"https:\/\/cbie.ca\/#website","url":"https:\/\/cbie.ca\/","name":"Canadian Bureau for International Education","description":"","potentialAction":[{"@type":"SearchAction","target":{"@type":"EntryPoint","urlTemplate":"https:\/\/cbie.ca\/?s={search_term_string}"},"query-input":{"@type":"PropertyValueSpecification","valueRequired":true,"valueName":"search_term_string"}}],"inLanguage":"fr-FR"},{"@type":"Person","@id":"https:\/\/cbie.ca\/#\/schema\/person\/854a54756fee54b7df86b7b916692882","name":"Melissa Payne","image":{"@type":"ImageObject","inLanguage":"fr-FR","@id":"https:\/\/secure.gravatar.com\/avatar\/12e9efe7693591f27461a1d3163daab2041397136fbed8dedb578b5715b725ce?s=96&d=mm&r=g","url":"https:\/\/secure.gravatar.com\/avatar\/12e9efe7693591f27461a1d3163daab2041397136fbed8dedb578b5715b725ce?s=96&d=mm&r=g","contentUrl":"https:\/\/secure.gravatar.com\/avatar\/12e9efe7693591f27461a1d3163daab2041397136fbed8dedb578b5715b725ce?s=96&d=mm&r=g","caption":"Melissa Payne"},"url":"https:\/\/cbie.ca\/fr\/author\/mpayne\/"}]}},"_links":{"self":[{"href":"https:\/\/cbie.ca\/fr\/wp-json\/wp\/v2\/posts\/24526","targetHints":{"allow":["GET"]}}],"collection":[{"href":"https:\/\/cbie.ca\/fr\/wp-json\/wp\/v2\/posts"}],"about":[{"href":"https:\/\/cbie.ca\/fr\/wp-json\/wp\/v2\/types\/post"}],"author":[{"embeddable":true,"href":"https:\/\/cbie.ca\/fr\/wp-json\/wp\/v2\/users\/11"}],"replies":[{"embeddable":true,"href":"https:\/\/cbie.ca\/fr\/wp-json\/wp\/v2\/comments?post=24526"}],"version-history":[{"count":0,"href":"https:\/\/cbie.ca\/fr\/wp-json\/wp\/v2\/posts\/24526\/revisions"}],"wp:featuredmedia":[{"embeddable":true,"href":"https:\/\/cbie.ca\/fr\/wp-json\/wp\/v2\/media\/24525"}],"wp:attachment":[{"href":"https:\/\/cbie.ca\/fr\/wp-json\/wp\/v2\/media?parent=24526"}],"wp:term":[{"taxonomy":"category","embeddable":true,"href":"https:\/\/cbie.ca\/fr\/wp-json\/wp\/v2\/categories?post=24526"},{"taxonomy":"post_tag","embeddable":true,"href":"https:\/\/cbie.ca\/fr\/wp-json\/wp\/v2\/tags?post=24526"}],"curies":[{"name":"wp","href":"https:\/\/api.w.org\/{rel}","templated":true}]}}