{"id":22543,"date":"2016-09-06T19:14:39","date_gmt":"2016-09-06T19:14:39","guid":{"rendered":"https:\/\/cbieca.wpenginepowered.com\/?p=22543&#038;lang=fr"},"modified":"2016-09-08T19:17:29","modified_gmt":"2016-09-08T19:17:29","slug":"nouveaux-professionnels-au-congres-2016-du-bcei","status":"publish","type":"post","link":"https:\/\/cbie.ca\/fr\/nouveaux-professionnels-au-congres-2016-du-bcei\/","title":{"rendered":"Nouveaux professionnels au congr\u00e8s 2016 du BCEI"},"content":{"rendered":"<p>Au nom de la communaut\u00e9 d\u2019apprentissage professionnel \u00ab\u00a0R\u00e9seau international des leaders de demain\u00a0\u00bb, le BCEI a le plaisir d\u2019annoncer les laur\u00e9ats de la bourse\u00a02016 du congr\u00e8s, ainsi que ce que les nouveaux professionnels peuvent attendre de notre congr\u00e8s national (Ottawa, du 13 au 16 novembre)\u00a0:<\/p>\n<h5>Laur\u00e9ats de la bourse\u00a02016 du congr\u00e8s<\/h5>\n<p>Les 14 professionnels suivants ont \u00e9t\u00e9 s\u00e9lectionn\u00e9s comme laur\u00e9ats de la bourse\u00a02016 du congr\u00e8s du BCEI :<\/p>\n<ul>\n<li>Andr\u00e9e Beaudin-Lecours, <strong>Coll\u00e8ge de Bois-de-Boulogne<\/strong><\/li>\n<li>Ernest Damalie, <strong>University of Guelph<\/strong><\/li>\n<li>Le Dao, <strong>Ontario College of Art and Design University<\/strong><\/li>\n<li>Andri Efstathiou, <strong>University of Waterloo<\/strong><\/li>\n<li>Kristen Flath, <strong>Northern Alberta Institute of Technology<\/strong><\/li>\n<li>Richard Foo, <strong>University of Northern British Columbia<\/strong><\/li>\n<li>Debbie Griffith, <strong>Saskatchewan Polytechnic<\/strong><\/li>\n<li>Nicole Guday, <strong>University of Calgary<\/strong><\/li>\n<li>Michael Hay, <strong>College of the Rockies<\/strong><\/li>\n<li>Kyle Jorgensen-Lane, <strong>Universit\u00e9 d\u2019Ottawa<\/strong><\/li>\n<li>Claire Kelly, <strong>Mount Allison University<\/strong><\/li>\n<li>Salisha Mohammed-Randel, <strong>Ryerson University<\/strong><\/li>\n<li>\u00c9milie Oulmann, <strong>C\u00e9gep Andr\u00e9 Laurendeau<\/strong><\/li>\n<li>Ying Zhang, <strong>Memorial University of Newfoundland<\/strong><\/li>\n<\/ul>\n<p>Le comit\u00e9 d\u2019\u00e9valuation a \u00e9t\u00e9 tr\u00e8s impressionn\u00e9 de la qualit\u00e9 et de l\u2019envergure des nombreuses candidatures pr\u00e9sent\u00e9es. Il a \u00e9t\u00e9 tr\u00e8s difficile de choisir les 14 meilleures. Le BCEI et le R\u00e9seau aimeraient remercier une fois de plus <a href=\"https:\/\/www.guard.me\/\" target=\"_blank\">guard.me<\/a> et <a href=\"https:\/\/www.wes.org\/ca\/fr\/\" target=\"_blank\">World Education Services (WES)<\/a> d\u2019avoir g\u00e9n\u00e9reusement fourni les fonds pour ces bourses.<\/p>\n<p>F\u00e9licitations aux laur\u00e9ats de la bourse\u00a02016!<\/p>\n<h5>Nouveaux professionnels au congr\u00e8s\u00a02016 du BCEI<\/h5>\n<p>Le R\u00e9seau a le plaisir d\u2019organiser plusieurs activit\u00e9s dans le cadre du congr\u00e8s annuel 2016 du BCEI pour rencontrer les nouveaux professionnels du domaine.<\/p>\n<p>Voici quelques activit\u00e9s \u00e0 inscrire dans votre emploi du temps\u00a0:<\/p>\n<p>1)\u00a0\u00a0\u00a0\u00a0\u00a0 Petit-d\u00e9jeuner du R\u00e9seau et r\u00e9union de communaut\u00e9 d\u2019apprentissage professionnel pour tous les nouveaux professionnels : lundi 14 novembre<\/p>\n<p>2)\u00a0\u00a0\u00a0\u00a0\u00a0 Soir\u00e9e de socialisation du R\u00e9seau : lundi 14 novembre<\/p>\n<p>Consultez <a href=\"https:\/\/cbie.ca\/50e-congres-annuel\/program\/?lang=fr\"><strong>le programme du congr\u00e8s<\/strong><\/a> dans sa totalit\u00e9 pour en savoir plus. Au plaisir de vous rencontrer et de vous faire part des activit\u00e9s passionnantes du R\u00e9seau!<\/p>\n<h5>Restons en contact<\/h5>\n<p>Le <a href=\"https:\/\/cbie.ca\/notre-travail\/formation-continue\/professional-learning-communities\/intl\/?lang=fr\">R\u00e9seau international des leaders de demain<\/a> est une communaut\u00e9 d\u2019apprentissage professionnel du BCEI. La mission du R\u00e9seau est de procurer un espace o\u00f9 les nouveaux professionnels et leaders \u00e9mergents peuvent cultiver un r\u00e9seau professionnel et participer \u00e0 la communaut\u00e9 canadienne de l\u2019\u00e9ducation internationale. Le R\u00e9seau est l\u2019une des communaut\u00e9s les plus actives du BCEI.<\/p>\n<p>\u00cates-vous un nouveau professionnel du domaine de l\u2019\u00e9ducation internationale et souhaitez-vous entrer en contact? Trouvez le R\u00e9seau sur Twitter (@cbie_intl) et LinkedIn.<\/p>\n","protected":false},"excerpt":{"rendered":"<p>Au nom de la communaut\u00e9 d\u2019apprentissage professionnel \u00ab\u00a0R\u00e9seau international des leaders de demain\u00a0\u00bb, le BCEI a le plaisir d\u2019annoncer les laur\u00e9ats de la bourse\u00a02016 du congr\u00e8s, ainsi que ce que [&hellip;]<\/p>\n","protected":false},"author":2,"featured_media":18864,"comment_status":"closed","ping_status":"closed","sticky":false,"template":"","format":"standard","meta":{"_acf_changed":false,"footnotes":""},"categories":[82],"tags":[],"class_list":["post-22543","post","type-post","status-publish","format-standard","has-post-thumbnail","hentry","category-press-releases-fr"],"acf":[],"yoast_head":"<!-- This site is optimized with the Yoast SEO plugin v27.4 - https:\/\/yoast.com\/product\/yoast-seo-wordpress\/ -->\n<title>Nouveaux professionnels au congr\u00e8s 2016 du BCEI - CBIE<\/title>\n<meta name=\"robots\" content=\"index, follow, max-snippet:-1, max-image-preview:large, max-video-preview:-1\" \/>\n<link rel=\"canonical\" href=\"https:\/\/cbie.ca\/fr\/nouveaux-professionnels-au-congres-2016-du-bcei\/\" \/>\n<meta property=\"og:locale\" content=\"fr_FR\" \/>\n<meta property=\"og:type\" content=\"article\" \/>\n<meta property=\"og:title\" content=\"Nouveaux professionnels au congr\u00e8s 2016 du BCEI - CBIE\" \/>\n<meta property=\"og:description\" content=\"Au nom de la communaut\u00e9 d\u2019apprentissage professionnel \u00ab\u00a0R\u00e9seau international des leaders de demain\u00a0\u00bb, le BCEI a le plaisir d\u2019annoncer les laur\u00e9ats de la bourse\u00a02016 du congr\u00e8s, ainsi que ce que [&hellip;]\" \/>\n<meta property=\"og:url\" content=\"https:\/\/cbie.ca\/fr\/nouveaux-professionnels-au-congres-2016-du-bcei\/\" \/>\n<meta property=\"og:site_name\" content=\"CBIE\" \/>\n<meta property=\"article:published_time\" content=\"2016-09-06T19:14:39+00:00\" \/>\n<meta property=\"article:modified_time\" content=\"2016-09-08T19:17:29+00:00\" \/>\n<meta property=\"og:image\" content=\"https:\/\/cbie.ca\/wp-content\/uploads\/2016\/04\/INTL-group-photo_Nov-2015.jpg\" \/>\n\t<meta property=\"og:image:width\" content=\"660\" \/>\n\t<meta property=\"og:image:height\" content=\"513\" \/>\n\t<meta property=\"og:image:type\" content=\"image\/jpeg\" \/>\n<meta name=\"author\" content=\"CBIE-BCEI\" \/>\n<meta name=\"twitter:card\" content=\"summary_large_image\" \/>\n<meta name=\"twitter:label1\" content=\"\u00c9crit par\" \/>\n\t<meta name=\"twitter:data1\" content=\"CBIE-BCEI\" \/>\n\t<meta name=\"twitter:label2\" content=\"Dur\u00e9e de lecture estim\u00e9e\" \/>\n\t<meta name=\"twitter:data2\" content=\"2 minutes\" \/>\n<script type=\"application\/ld+json\" class=\"yoast-schema-graph\">{\"@context\":\"https:\\\/\\\/schema.org\",\"@graph\":[{\"@type\":\"Article\",\"@id\":\"https:\\\/\\\/cbie.ca\\\/fr\\\/nouveaux-professionnels-au-congres-2016-du-bcei\\\/#article\",\"isPartOf\":{\"@id\":\"https:\\\/\\\/cbie.ca\\\/fr\\\/nouveaux-professionnels-au-congres-2016-du-bcei\\\/\"},\"author\":{\"name\":\"CBIE-BCEI\",\"@id\":\"https:\\\/\\\/cbie.ca\\\/#\\\/schema\\\/person\\\/cb3789156294f7d322bca9b07f192e1c\"},\"headline\":\"Nouveaux professionnels au congr\u00e8s 2016 du BCEI\",\"datePublished\":\"2016-09-06T19:14:39+00:00\",\"dateModified\":\"2016-09-08T19:17:29+00:00\",\"mainEntityOfPage\":{\"@id\":\"https:\\\/\\\/cbie.ca\\\/fr\\\/nouveaux-professionnels-au-congres-2016-du-bcei\\\/\"},\"wordCount\":427,\"image\":{\"@id\":\"https:\\\/\\\/cbie.ca\\\/fr\\\/nouveaux-professionnels-au-congres-2016-du-bcei\\\/#primaryimage\"},\"thumbnailUrl\":\"https:\\\/\\\/cbie.ca\\\/wp-content\\\/uploads\\\/2016\\\/04\\\/INTL-group-photo_Nov-2015.jpg\",\"articleSection\":[\"Communiqu\u00e9\"],\"inLanguage\":\"fr-FR\"},{\"@type\":\"WebPage\",\"@id\":\"https:\\\/\\\/cbie.ca\\\/fr\\\/nouveaux-professionnels-au-congres-2016-du-bcei\\\/\",\"url\":\"https:\\\/\\\/cbie.ca\\\/fr\\\/nouveaux-professionnels-au-congres-2016-du-bcei\\\/\",\"name\":\"Nouveaux professionnels au congr\u00e8s 2016 du BCEI - CBIE\",\"isPartOf\":{\"@id\":\"https:\\\/\\\/cbie.ca\\\/#website\"},\"primaryImageOfPage\":{\"@id\":\"https:\\\/\\\/cbie.ca\\\/fr\\\/nouveaux-professionnels-au-congres-2016-du-bcei\\\/#primaryimage\"},\"image\":{\"@id\":\"https:\\\/\\\/cbie.ca\\\/fr\\\/nouveaux-professionnels-au-congres-2016-du-bcei\\\/#primaryimage\"},\"thumbnailUrl\":\"https:\\\/\\\/cbie.ca\\\/wp-content\\\/uploads\\\/2016\\\/04\\\/INTL-group-photo_Nov-2015.jpg\",\"datePublished\":\"2016-09-06T19:14:39+00:00\",\"dateModified\":\"2016-09-08T19:17:29+00:00\",\"author\":{\"@id\":\"https:\\\/\\\/cbie.ca\\\/#\\\/schema\\\/person\\\/cb3789156294f7d322bca9b07f192e1c\"},\"breadcrumb\":{\"@id\":\"https:\\\/\\\/cbie.ca\\\/fr\\\/nouveaux-professionnels-au-congres-2016-du-bcei\\\/#breadcrumb\"},\"inLanguage\":\"fr-FR\",\"potentialAction\":[{\"@type\":\"ReadAction\",\"target\":[\"https:\\\/\\\/cbie.ca\\\/fr\\\/nouveaux-professionnels-au-congres-2016-du-bcei\\\/\"]}]},{\"@type\":\"ImageObject\",\"inLanguage\":\"fr-FR\",\"@id\":\"https:\\\/\\\/cbie.ca\\\/fr\\\/nouveaux-professionnels-au-congres-2016-du-bcei\\\/#primaryimage\",\"url\":\"https:\\\/\\\/cbie.ca\\\/wp-content\\\/uploads\\\/2016\\\/04\\\/INTL-group-photo_Nov-2015.jpg\",\"contentUrl\":\"https:\\\/\\\/cbie.ca\\\/wp-content\\\/uploads\\\/2016\\\/04\\\/INTL-group-photo_Nov-2015.jpg\",\"width\":660,\"height\":513},{\"@type\":\"BreadcrumbList\",\"@id\":\"https:\\\/\\\/cbie.ca\\\/fr\\\/nouveaux-professionnels-au-congres-2016-du-bcei\\\/#breadcrumb\",\"itemListElement\":[{\"@type\":\"ListItem\",\"position\":1,\"name\":\"Home\",\"item\":\"https:\\\/\\\/cbie.ca\\\/fr\\\/\"},{\"@type\":\"ListItem\",\"position\":2,\"name\":\"Nouveaux professionnels au congr\u00e8s 2016 du BCEI\"}]},{\"@type\":\"WebSite\",\"@id\":\"https:\\\/\\\/cbie.ca\\\/#website\",\"url\":\"https:\\\/\\\/cbie.ca\\\/\",\"name\":\"Canadian Bureau for International Education\",\"description\":\"\",\"potentialAction\":[{\"@type\":\"SearchAction\",\"target\":{\"@type\":\"EntryPoint\",\"urlTemplate\":\"https:\\\/\\\/cbie.ca\\\/?s={search_term_string}\"},\"query-input\":{\"@type\":\"PropertyValueSpecification\",\"valueRequired\":true,\"valueName\":\"search_term_string\"}}],\"inLanguage\":\"fr-FR\"},{\"@type\":\"Person\",\"@id\":\"https:\\\/\\\/cbie.ca\\\/#\\\/schema\\\/person\\\/cb3789156294f7d322bca9b07f192e1c\",\"name\":\"CBIE-BCEI\",\"image\":{\"@type\":\"ImageObject\",\"inLanguage\":\"fr-FR\",\"@id\":\"https:\\\/\\\/secure.gravatar.com\\\/avatar\\\/d274f7550e676f39e6efa6dab362dac481e1572fbefce28e0a1d4904346afba8?s=96&d=mm&r=g\",\"url\":\"https:\\\/\\\/secure.gravatar.com\\\/avatar\\\/d274f7550e676f39e6efa6dab362dac481e1572fbefce28e0a1d4904346afba8?s=96&d=mm&r=g\",\"contentUrl\":\"https:\\\/\\\/secure.gravatar.com\\\/avatar\\\/d274f7550e676f39e6efa6dab362dac481e1572fbefce28e0a1d4904346afba8?s=96&d=mm&r=g\",\"caption\":\"CBIE-BCEI\"},\"url\":\"https:\\\/\\\/cbie.ca\\\/fr\\\/author\\\/cbie-2-2-2-2-2-2\\\/\"}]}<\/script>\n<!-- \/ Yoast SEO plugin. -->","yoast_head_json":{"title":"Nouveaux professionnels au congr\u00e8s 2016 du BCEI - CBIE","robots":{"index":"index","follow":"follow","max-snippet":"max-snippet:-1","max-image-preview":"max-image-preview:large","max-video-preview":"max-video-preview:-1"},"canonical":"https:\/\/cbie.ca\/fr\/nouveaux-professionnels-au-congres-2016-du-bcei\/","og_locale":"fr_FR","og_type":"article","og_title":"Nouveaux professionnels au congr\u00e8s 2016 du BCEI - CBIE","og_description":"Au nom de la communaut\u00e9 d\u2019apprentissage professionnel \u00ab\u00a0R\u00e9seau international des leaders de demain\u00a0\u00bb, le BCEI a le plaisir d\u2019annoncer les laur\u00e9ats de la bourse\u00a02016 du congr\u00e8s, ainsi que ce que [&hellip;]","og_url":"https:\/\/cbie.ca\/fr\/nouveaux-professionnels-au-congres-2016-du-bcei\/","og_site_name":"CBIE","article_published_time":"2016-09-06T19:14:39+00:00","article_modified_time":"2016-09-08T19:17:29+00:00","og_image":[{"width":660,"height":513,"url":"https:\/\/cbie.ca\/wp-content\/uploads\/2016\/04\/INTL-group-photo_Nov-2015.jpg","type":"image\/jpeg"}],"author":"CBIE-BCEI","twitter_card":"summary_large_image","twitter_misc":{"\u00c9crit par":"CBIE-BCEI","Dur\u00e9e de lecture estim\u00e9e":"2 minutes"},"schema":{"@context":"https:\/\/schema.org","@graph":[{"@type":"Article","@id":"https:\/\/cbie.ca\/fr\/nouveaux-professionnels-au-congres-2016-du-bcei\/#article","isPartOf":{"@id":"https:\/\/cbie.ca\/fr\/nouveaux-professionnels-au-congres-2016-du-bcei\/"},"author":{"name":"CBIE-BCEI","@id":"https:\/\/cbie.ca\/#\/schema\/person\/cb3789156294f7d322bca9b07f192e1c"},"headline":"Nouveaux professionnels au congr\u00e8s 2016 du BCEI","datePublished":"2016-09-06T19:14:39+00:00","dateModified":"2016-09-08T19:17:29+00:00","mainEntityOfPage":{"@id":"https:\/\/cbie.ca\/fr\/nouveaux-professionnels-au-congres-2016-du-bcei\/"},"wordCount":427,"image":{"@id":"https:\/\/cbie.ca\/fr\/nouveaux-professionnels-au-congres-2016-du-bcei\/#primaryimage"},"thumbnailUrl":"https:\/\/cbie.ca\/wp-content\/uploads\/2016\/04\/INTL-group-photo_Nov-2015.jpg","articleSection":["Communiqu\u00e9"],"inLanguage":"fr-FR"},{"@type":"WebPage","@id":"https:\/\/cbie.ca\/fr\/nouveaux-professionnels-au-congres-2016-du-bcei\/","url":"https:\/\/cbie.ca\/fr\/nouveaux-professionnels-au-congres-2016-du-bcei\/","name":"Nouveaux professionnels au congr\u00e8s 2016 du BCEI - CBIE","isPartOf":{"@id":"https:\/\/cbie.ca\/#website"},"primaryImageOfPage":{"@id":"https:\/\/cbie.ca\/fr\/nouveaux-professionnels-au-congres-2016-du-bcei\/#primaryimage"},"image":{"@id":"https:\/\/cbie.ca\/fr\/nouveaux-professionnels-au-congres-2016-du-bcei\/#primaryimage"},"thumbnailUrl":"https:\/\/cbie.ca\/wp-content\/uploads\/2016\/04\/INTL-group-photo_Nov-2015.jpg","datePublished":"2016-09-06T19:14:39+00:00","dateModified":"2016-09-08T19:17:29+00:00","author":{"@id":"https:\/\/cbie.ca\/#\/schema\/person\/cb3789156294f7d322bca9b07f192e1c"},"breadcrumb":{"@id":"https:\/\/cbie.ca\/fr\/nouveaux-professionnels-au-congres-2016-du-bcei\/#breadcrumb"},"inLanguage":"fr-FR","potentialAction":[{"@type":"ReadAction","target":["https:\/\/cbie.ca\/fr\/nouveaux-professionnels-au-congres-2016-du-bcei\/"]}]},{"@type":"ImageObject","inLanguage":"fr-FR","@id":"https:\/\/cbie.ca\/fr\/nouveaux-professionnels-au-congres-2016-du-bcei\/#primaryimage","url":"https:\/\/cbie.ca\/wp-content\/uploads\/2016\/04\/INTL-group-photo_Nov-2015.jpg","contentUrl":"https:\/\/cbie.ca\/wp-content\/uploads\/2016\/04\/INTL-group-photo_Nov-2015.jpg","width":660,"height":513},{"@type":"BreadcrumbList","@id":"https:\/\/cbie.ca\/fr\/nouveaux-professionnels-au-congres-2016-du-bcei\/#breadcrumb","itemListElement":[{"@type":"ListItem","position":1,"name":"Home","item":"https:\/\/cbie.ca\/fr\/"},{"@type":"ListItem","position":2,"name":"Nouveaux professionnels au congr\u00e8s 2016 du BCEI"}]},{"@type":"WebSite","@id":"https:\/\/cbie.ca\/#website","url":"https:\/\/cbie.ca\/","name":"Canadian Bureau for International Education","description":"","potentialAction":[{"@type":"SearchAction","target":{"@type":"EntryPoint","urlTemplate":"https:\/\/cbie.ca\/?s={search_term_string}"},"query-input":{"@type":"PropertyValueSpecification","valueRequired":true,"valueName":"search_term_string"}}],"inLanguage":"fr-FR"},{"@type":"Person","@id":"https:\/\/cbie.ca\/#\/schema\/person\/cb3789156294f7d322bca9b07f192e1c","name":"CBIE-BCEI","image":{"@type":"ImageObject","inLanguage":"fr-FR","@id":"https:\/\/secure.gravatar.com\/avatar\/d274f7550e676f39e6efa6dab362dac481e1572fbefce28e0a1d4904346afba8?s=96&d=mm&r=g","url":"https:\/\/secure.gravatar.com\/avatar\/d274f7550e676f39e6efa6dab362dac481e1572fbefce28e0a1d4904346afba8?s=96&d=mm&r=g","contentUrl":"https:\/\/secure.gravatar.com\/avatar\/d274f7550e676f39e6efa6dab362dac481e1572fbefce28e0a1d4904346afba8?s=96&d=mm&r=g","caption":"CBIE-BCEI"},"url":"https:\/\/cbie.ca\/fr\/author\/cbie-2-2-2-2-2-2\/"}]}},"_links":{"self":[{"href":"https:\/\/cbie.ca\/fr\/wp-json\/wp\/v2\/posts\/22543","targetHints":{"allow":["GET"]}}],"collection":[{"href":"https:\/\/cbie.ca\/fr\/wp-json\/wp\/v2\/posts"}],"about":[{"href":"https:\/\/cbie.ca\/fr\/wp-json\/wp\/v2\/types\/post"}],"author":[{"embeddable":true,"href":"https:\/\/cbie.ca\/fr\/wp-json\/wp\/v2\/users\/2"}],"replies":[{"embeddable":true,"href":"https:\/\/cbie.ca\/fr\/wp-json\/wp\/v2\/comments?post=22543"}],"version-history":[{"count":0,"href":"https:\/\/cbie.ca\/fr\/wp-json\/wp\/v2\/posts\/22543\/revisions"}],"wp:featuredmedia":[{"embeddable":true,"href":"https:\/\/cbie.ca\/fr\/wp-json\/wp\/v2\/media\/18864"}],"wp:attachment":[{"href":"https:\/\/cbie.ca\/fr\/wp-json\/wp\/v2\/media?parent=22543"}],"wp:term":[{"taxonomy":"category","embeddable":true,"href":"https:\/\/cbie.ca\/fr\/wp-json\/wp\/v2\/categories?post=22543"},{"taxonomy":"post_tag","embeddable":true,"href":"https:\/\/cbie.ca\/fr\/wp-json\/wp\/v2\/tags?post=22543"}],"curies":[{"name":"wp","href":"https:\/\/api.w.org\/{rel}","templated":true}]}}