{"id":22108,"date":"2015-10-19T19:36:19","date_gmt":"2015-10-19T19:36:19","guid":{"rendered":"https:\/\/cbieca.wpenginepowered.com\/?p=22108&#038;lang=fr"},"modified":"2016-08-03T19:37:18","modified_gmt":"2016-08-03T19:37:18","slug":"le-bcei-organisera-une-activite-de-socialisation-et-table-ronde-primairesecondaire-international-apres-le-congres-annuel","status":"publish","type":"post","link":"https:\/\/cbie.ca\/fr\/le-bcei-organisera-une-activite-de-socialisation-et-table-ronde-primairesecondaire-international-apres-le-congres-annuel\/","title":{"rendered":"Le BCEI organisera une activit\u00e9 de socialisation et table ronde primaire\/secondaire international apr\u00e8s le congr\u00e8s annuel"},"content":{"rendered":"<p>Le BCEI organisera une <strong>activit\u00e9 de socialisation et table ronde primaire\/secondaire international<\/strong> le dernier apr\u00e8s-midi de son congr\u00e8s, le <strong>25 novembre, de 12 h 30 \u00e0 17 h <\/strong>\u00e0 l\u2019h\u00f4tel <strong>Hilton &amp; Suites and Fallsview Casino Resort de Niagara Falls<\/strong>.<\/p>\n<p>Cette activit\u00e9 rassemblera des repr\u00e9sentants d\u2019\u00e9coles primaires et secondaires internationales du monde entier s\u2019int\u00e9ressant \u00e0 l\u2019\u00e9ducation canadienne. Elle donnera aux repr\u00e9sentants d\u2019\u00e9tablissements canadiens une occasion en or de r\u00e9fl\u00e9chir \u00e0 la mobilit\u00e9 \u00e9tudiante avec les \u00e9tablissements canadiens, de prendre part \u00e0 des discussions de haut niveau sur des sujets d\u2019int\u00e9r\u00eat commun pour les professionnels de l\u2019\u00e9ducation du monde et de faciliter la cr\u00e9ation de partenariats durables.<\/p>\n<p>Cet \u00e9v\u00e9nement exclusif sera le moteur de la connexion du secteur de l\u2019\u00e9ducation primaire et secondaire international avec le syst\u00e8me canadien d\u2019\u00e9ducation et les \u00e9tablissements canadiens, de la promotion de nouvelles possibilit\u00e9s et de l\u2019\u00e9change d\u2019id\u00e9es \u00e0 notre b\u00e9n\u00e9fice mutuel.<\/p>\n<p>Si vous souhaitez vous inscrire \u00e0 l\u2019activit\u00e9 de socialisation et table ronde primaire\/secondaire international du BCEI, ou si vous souhaitez avoir d\u2019autres d\u00e9tails, entrez en contact avec Anne Christensen, responsable du d\u00e9veloppement strat\u00e9gique, \u00e0 <a href=\"https:\/\/mp.cbie.ca\/mpower\/campaigner\/redirect.action?d=Yj04NjYmcj0zMTQ=&amp;u=bWFpbHRvOmFjaHJpc3RlbnNlbkBjYmllLmNh\">achristensen@cbie.ca<\/a>.<\/p>\n","protected":false},"excerpt":{"rendered":"<p>Le BCEI organisera une activit\u00e9 de socialisation et table ronde primaire\/secondaire international le dernier apr\u00e8s-midi de son congr\u00e8s, le 25 novembre, de 12 h 30 \u00e0 17 h \u00e0 l\u2019h\u00f4tel [&hellip;]<\/p>\n","protected":false},"author":2,"featured_media":0,"comment_status":"closed","ping_status":"closed","sticky":false,"template":"","format":"standard","meta":{"_acf_changed":false,"footnotes":""},"categories":[68],"tags":[],"class_list":["post-22108","post","type-post","status-publish","format-standard","hentry","category-non-classifiee"],"acf":[],"yoast_head":"<!-- This site is optimized with the Yoast SEO plugin v27.5 - https:\/\/yoast.com\/product\/yoast-seo-wordpress\/ -->\n<title>Le BCEI organisera une activit\u00e9 de socialisation et table ronde primaire\/secondaire international apr\u00e8s le congr\u00e8s annuel - CBIE<\/title>\n<meta name=\"robots\" content=\"index, follow, max-snippet:-1, max-image-preview:large, max-video-preview:-1\" \/>\n<link rel=\"canonical\" href=\"https:\/\/cbie.ca\/fr\/le-bcei-organisera-une-activite-de-socialisation-et-table-ronde-primairesecondaire-international-apres-le-congres-annuel\/\" \/>\n<meta property=\"og:locale\" content=\"fr_FR\" \/>\n<meta property=\"og:type\" content=\"article\" \/>\n<meta property=\"og:title\" content=\"Le BCEI organisera une activit\u00e9 de socialisation et table ronde primaire\/secondaire international apr\u00e8s le congr\u00e8s annuel - CBIE\" \/>\n<meta property=\"og:description\" content=\"Le BCEI organisera une activit\u00e9 de socialisation et table ronde primaire\/secondaire international le dernier apr\u00e8s-midi de son congr\u00e8s, le 25 novembre, de 12 h 30 \u00e0 17 h \u00e0 l\u2019h\u00f4tel [&hellip;]\" \/>\n<meta property=\"og:url\" content=\"https:\/\/cbie.ca\/fr\/le-bcei-organisera-une-activite-de-socialisation-et-table-ronde-primairesecondaire-international-apres-le-congres-annuel\/\" \/>\n<meta property=\"og:site_name\" content=\"CBIE\" \/>\n<meta property=\"article:published_time\" content=\"2015-10-19T19:36:19+00:00\" \/>\n<meta property=\"article:modified_time\" content=\"2016-08-03T19:37:18+00:00\" \/>\n<meta property=\"og:image\" content=\"https:\/\/cbie.ca\/wp-content\/uploads\/2024\/01\/CBIE-Announcement-EN.png\" \/>\n\t<meta property=\"og:image:width\" content=\"1600\" \/>\n\t<meta property=\"og:image:height\" content=\"900\" \/>\n\t<meta property=\"og:image:type\" content=\"image\/png\" \/>\n<meta name=\"author\" content=\"CBIE-BCEI\" \/>\n<meta name=\"twitter:card\" content=\"summary_large_image\" \/>\n<meta name=\"twitter:label1\" content=\"\u00c9crit par\" \/>\n\t<meta name=\"twitter:data1\" content=\"CBIE-BCEI\" \/>\n\t<meta name=\"twitter:label2\" content=\"Dur\u00e9e de lecture estim\u00e9e\" \/>\n\t<meta name=\"twitter:data2\" content=\"1 minute\" \/>\n<script type=\"application\/ld+json\" class=\"yoast-schema-graph\">{\"@context\":\"https:\\\/\\\/schema.org\",\"@graph\":[{\"@type\":\"Article\",\"@id\":\"https:\\\/\\\/cbie.ca\\\/fr\\\/le-bcei-organisera-une-activite-de-socialisation-et-table-ronde-primairesecondaire-international-apres-le-congres-annuel\\\/#article\",\"isPartOf\":{\"@id\":\"https:\\\/\\\/cbie.ca\\\/fr\\\/le-bcei-organisera-une-activite-de-socialisation-et-table-ronde-primairesecondaire-international-apres-le-congres-annuel\\\/\"},\"author\":{\"name\":\"CBIE-BCEI\",\"@id\":\"https:\\\/\\\/cbie.ca\\\/#\\\/schema\\\/person\\\/cb3789156294f7d322bca9b07f192e1c\"},\"headline\":\"Le BCEI organisera une activit\u00e9 de socialisation et table ronde primaire\\\/secondaire international apr\u00e8s le congr\u00e8s annuel\",\"datePublished\":\"2015-10-19T19:36:19+00:00\",\"dateModified\":\"2016-08-03T19:37:18+00:00\",\"mainEntityOfPage\":{\"@id\":\"https:\\\/\\\/cbie.ca\\\/fr\\\/le-bcei-organisera-une-activite-de-socialisation-et-table-ronde-primairesecondaire-international-apres-le-congres-annuel\\\/\"},\"wordCount\":225,\"articleSection\":[\"Non classifi\u00e9(e)\"],\"inLanguage\":\"fr-FR\"},{\"@type\":\"WebPage\",\"@id\":\"https:\\\/\\\/cbie.ca\\\/fr\\\/le-bcei-organisera-une-activite-de-socialisation-et-table-ronde-primairesecondaire-international-apres-le-congres-annuel\\\/\",\"url\":\"https:\\\/\\\/cbie.ca\\\/fr\\\/le-bcei-organisera-une-activite-de-socialisation-et-table-ronde-primairesecondaire-international-apres-le-congres-annuel\\\/\",\"name\":\"Le BCEI organisera une activit\u00e9 de socialisation et table ronde primaire\\\/secondaire international apr\u00e8s le congr\u00e8s annuel - CBIE\",\"isPartOf\":{\"@id\":\"https:\\\/\\\/cbie.ca\\\/#website\"},\"datePublished\":\"2015-10-19T19:36:19+00:00\",\"dateModified\":\"2016-08-03T19:37:18+00:00\",\"author\":{\"@id\":\"https:\\\/\\\/cbie.ca\\\/#\\\/schema\\\/person\\\/cb3789156294f7d322bca9b07f192e1c\"},\"breadcrumb\":{\"@id\":\"https:\\\/\\\/cbie.ca\\\/fr\\\/le-bcei-organisera-une-activite-de-socialisation-et-table-ronde-primairesecondaire-international-apres-le-congres-annuel\\\/#breadcrumb\"},\"inLanguage\":\"fr-FR\",\"potentialAction\":[{\"@type\":\"ReadAction\",\"target\":[\"https:\\\/\\\/cbie.ca\\\/fr\\\/le-bcei-organisera-une-activite-de-socialisation-et-table-ronde-primairesecondaire-international-apres-le-congres-annuel\\\/\"]}]},{\"@type\":\"BreadcrumbList\",\"@id\":\"https:\\\/\\\/cbie.ca\\\/fr\\\/le-bcei-organisera-une-activite-de-socialisation-et-table-ronde-primairesecondaire-international-apres-le-congres-annuel\\\/#breadcrumb\",\"itemListElement\":[{\"@type\":\"ListItem\",\"position\":1,\"name\":\"Home\",\"item\":\"https:\\\/\\\/cbie.ca\\\/fr\\\/\"},{\"@type\":\"ListItem\",\"position\":2,\"name\":\"Le BCEI organisera une activit\u00e9 de socialisation et table ronde primaire\\\/secondaire international apr\u00e8s le congr\u00e8s annuel\"}]},{\"@type\":\"WebSite\",\"@id\":\"https:\\\/\\\/cbie.ca\\\/#website\",\"url\":\"https:\\\/\\\/cbie.ca\\\/\",\"name\":\"Canadian Bureau for International Education\",\"description\":\"\",\"potentialAction\":[{\"@type\":\"SearchAction\",\"target\":{\"@type\":\"EntryPoint\",\"urlTemplate\":\"https:\\\/\\\/cbie.ca\\\/?s={search_term_string}\"},\"query-input\":{\"@type\":\"PropertyValueSpecification\",\"valueRequired\":true,\"valueName\":\"search_term_string\"}}],\"inLanguage\":\"fr-FR\"},{\"@type\":\"Person\",\"@id\":\"https:\\\/\\\/cbie.ca\\\/#\\\/schema\\\/person\\\/cb3789156294f7d322bca9b07f192e1c\",\"name\":\"CBIE-BCEI\",\"image\":{\"@type\":\"ImageObject\",\"inLanguage\":\"fr-FR\",\"@id\":\"https:\\\/\\\/secure.gravatar.com\\\/avatar\\\/d274f7550e676f39e6efa6dab362dac481e1572fbefce28e0a1d4904346afba8?s=96&d=mm&r=g\",\"url\":\"https:\\\/\\\/secure.gravatar.com\\\/avatar\\\/d274f7550e676f39e6efa6dab362dac481e1572fbefce28e0a1d4904346afba8?s=96&d=mm&r=g\",\"contentUrl\":\"https:\\\/\\\/secure.gravatar.com\\\/avatar\\\/d274f7550e676f39e6efa6dab362dac481e1572fbefce28e0a1d4904346afba8?s=96&d=mm&r=g\",\"caption\":\"CBIE-BCEI\"},\"url\":\"https:\\\/\\\/cbie.ca\\\/fr\\\/author\\\/cbie-2-2-2-2-2-2\\\/\"}]}<\/script>\n<!-- \/ Yoast SEO plugin. -->","yoast_head_json":{"title":"Le BCEI organisera une activit\u00e9 de socialisation et table ronde primaire\/secondaire international apr\u00e8s le congr\u00e8s annuel - CBIE","robots":{"index":"index","follow":"follow","max-snippet":"max-snippet:-1","max-image-preview":"max-image-preview:large","max-video-preview":"max-video-preview:-1"},"canonical":"https:\/\/cbie.ca\/fr\/le-bcei-organisera-une-activite-de-socialisation-et-table-ronde-primairesecondaire-international-apres-le-congres-annuel\/","og_locale":"fr_FR","og_type":"article","og_title":"Le BCEI organisera une activit\u00e9 de socialisation et table ronde primaire\/secondaire international apr\u00e8s le congr\u00e8s annuel - CBIE","og_description":"Le BCEI organisera une activit\u00e9 de socialisation et table ronde primaire\/secondaire international le dernier apr\u00e8s-midi de son congr\u00e8s, le 25 novembre, de 12 h 30 \u00e0 17 h \u00e0 l\u2019h\u00f4tel [&hellip;]","og_url":"https:\/\/cbie.ca\/fr\/le-bcei-organisera-une-activite-de-socialisation-et-table-ronde-primairesecondaire-international-apres-le-congres-annuel\/","og_site_name":"CBIE","article_published_time":"2015-10-19T19:36:19+00:00","article_modified_time":"2016-08-03T19:37:18+00:00","og_image":[{"width":1600,"height":900,"url":"https:\/\/cbie.ca\/wp-content\/uploads\/2024\/01\/CBIE-Announcement-EN.png","type":"image\/png"}],"author":"CBIE-BCEI","twitter_card":"summary_large_image","twitter_misc":{"\u00c9crit par":"CBIE-BCEI","Dur\u00e9e de lecture estim\u00e9e":"1 minute"},"schema":{"@context":"https:\/\/schema.org","@graph":[{"@type":"Article","@id":"https:\/\/cbie.ca\/fr\/le-bcei-organisera-une-activite-de-socialisation-et-table-ronde-primairesecondaire-international-apres-le-congres-annuel\/#article","isPartOf":{"@id":"https:\/\/cbie.ca\/fr\/le-bcei-organisera-une-activite-de-socialisation-et-table-ronde-primairesecondaire-international-apres-le-congres-annuel\/"},"author":{"name":"CBIE-BCEI","@id":"https:\/\/cbie.ca\/#\/schema\/person\/cb3789156294f7d322bca9b07f192e1c"},"headline":"Le BCEI organisera une activit\u00e9 de socialisation et table ronde primaire\/secondaire international apr\u00e8s le congr\u00e8s annuel","datePublished":"2015-10-19T19:36:19+00:00","dateModified":"2016-08-03T19:37:18+00:00","mainEntityOfPage":{"@id":"https:\/\/cbie.ca\/fr\/le-bcei-organisera-une-activite-de-socialisation-et-table-ronde-primairesecondaire-international-apres-le-congres-annuel\/"},"wordCount":225,"articleSection":["Non classifi\u00e9(e)"],"inLanguage":"fr-FR"},{"@type":"WebPage","@id":"https:\/\/cbie.ca\/fr\/le-bcei-organisera-une-activite-de-socialisation-et-table-ronde-primairesecondaire-international-apres-le-congres-annuel\/","url":"https:\/\/cbie.ca\/fr\/le-bcei-organisera-une-activite-de-socialisation-et-table-ronde-primairesecondaire-international-apres-le-congres-annuel\/","name":"Le BCEI organisera une activit\u00e9 de socialisation et table ronde primaire\/secondaire international apr\u00e8s le congr\u00e8s annuel - CBIE","isPartOf":{"@id":"https:\/\/cbie.ca\/#website"},"datePublished":"2015-10-19T19:36:19+00:00","dateModified":"2016-08-03T19:37:18+00:00","author":{"@id":"https:\/\/cbie.ca\/#\/schema\/person\/cb3789156294f7d322bca9b07f192e1c"},"breadcrumb":{"@id":"https:\/\/cbie.ca\/fr\/le-bcei-organisera-une-activite-de-socialisation-et-table-ronde-primairesecondaire-international-apres-le-congres-annuel\/#breadcrumb"},"inLanguage":"fr-FR","potentialAction":[{"@type":"ReadAction","target":["https:\/\/cbie.ca\/fr\/le-bcei-organisera-une-activite-de-socialisation-et-table-ronde-primairesecondaire-international-apres-le-congres-annuel\/"]}]},{"@type":"BreadcrumbList","@id":"https:\/\/cbie.ca\/fr\/le-bcei-organisera-une-activite-de-socialisation-et-table-ronde-primairesecondaire-international-apres-le-congres-annuel\/#breadcrumb","itemListElement":[{"@type":"ListItem","position":1,"name":"Home","item":"https:\/\/cbie.ca\/fr\/"},{"@type":"ListItem","position":2,"name":"Le BCEI organisera une activit\u00e9 de socialisation et table ronde primaire\/secondaire international apr\u00e8s le congr\u00e8s annuel"}]},{"@type":"WebSite","@id":"https:\/\/cbie.ca\/#website","url":"https:\/\/cbie.ca\/","name":"Canadian Bureau for International Education","description":"","potentialAction":[{"@type":"SearchAction","target":{"@type":"EntryPoint","urlTemplate":"https:\/\/cbie.ca\/?s={search_term_string}"},"query-input":{"@type":"PropertyValueSpecification","valueRequired":true,"valueName":"search_term_string"}}],"inLanguage":"fr-FR"},{"@type":"Person","@id":"https:\/\/cbie.ca\/#\/schema\/person\/cb3789156294f7d322bca9b07f192e1c","name":"CBIE-BCEI","image":{"@type":"ImageObject","inLanguage":"fr-FR","@id":"https:\/\/secure.gravatar.com\/avatar\/d274f7550e676f39e6efa6dab362dac481e1572fbefce28e0a1d4904346afba8?s=96&d=mm&r=g","url":"https:\/\/secure.gravatar.com\/avatar\/d274f7550e676f39e6efa6dab362dac481e1572fbefce28e0a1d4904346afba8?s=96&d=mm&r=g","contentUrl":"https:\/\/secure.gravatar.com\/avatar\/d274f7550e676f39e6efa6dab362dac481e1572fbefce28e0a1d4904346afba8?s=96&d=mm&r=g","caption":"CBIE-BCEI"},"url":"https:\/\/cbie.ca\/fr\/author\/cbie-2-2-2-2-2-2\/"}]}},"_links":{"self":[{"href":"https:\/\/cbie.ca\/fr\/wp-json\/wp\/v2\/posts\/22108","targetHints":{"allow":["GET"]}}],"collection":[{"href":"https:\/\/cbie.ca\/fr\/wp-json\/wp\/v2\/posts"}],"about":[{"href":"https:\/\/cbie.ca\/fr\/wp-json\/wp\/v2\/types\/post"}],"author":[{"embeddable":true,"href":"https:\/\/cbie.ca\/fr\/wp-json\/wp\/v2\/users\/2"}],"replies":[{"embeddable":true,"href":"https:\/\/cbie.ca\/fr\/wp-json\/wp\/v2\/comments?post=22108"}],"version-history":[{"count":0,"href":"https:\/\/cbie.ca\/fr\/wp-json\/wp\/v2\/posts\/22108\/revisions"}],"wp:attachment":[{"href":"https:\/\/cbie.ca\/fr\/wp-json\/wp\/v2\/media?parent=22108"}],"wp:term":[{"taxonomy":"category","embeddable":true,"href":"https:\/\/cbie.ca\/fr\/wp-json\/wp\/v2\/categories?post=22108"},{"taxonomy":"post_tag","embeddable":true,"href":"https:\/\/cbie.ca\/fr\/wp-json\/wp\/v2\/tags?post=22108"}],"curies":[{"name":"wp","href":"https:\/\/api.w.org\/{rel}","templated":true}]}}