{"id":21215,"date":"2016-01-06T17:59:15","date_gmt":"2016-01-06T17:59:15","guid":{"rendered":"https:\/\/cbieca.wpenginepowered.com\/?p=21215&#038;lang=fr"},"modified":"2016-07-04T18:04:12","modified_gmt":"2016-07-04T18:04:12","slug":"comment-sadapter-a-la-vie-montrealaise","status":"publish","type":"post","link":"https:\/\/cbie.ca\/fr\/comment-sadapter-a-la-vie-montrealaise\/","title":{"rendered":"Comment s\u2019adapter \u00e0 la vie montr\u00e9alaise?"},"content":{"rendered":"<p>Je viens de passer six mois dans la belle ville de Montr\u00e9al au Qu\u00e9bec. Cette ville laissait une trace \u00e9ternelle dans mon coeur. Voil\u00e0 quelques examples de l\u2019adaptation d\u2019une \u00e9tudiante finlandaise \u00e0 la soci\u00e9t\u00e9 montr\u00e9alaise.<\/p>\n<p>Au d\u00e9but de ma grande aventure, en janvier 2015, j\u2019\u00e9tais remplie par \u00e9motions. Tous les voyageurs connaissent certainement le sentiment divis\u00e9 en deux extr\u00eames\u00a0: d\u2019un c\u00f4t\u00e9 la tristesse de quitter le zone de comfort et de l\u2019autre l\u2019enthousiasme de se lancer dans une nouvelle aventure.<\/p>\n<p>Malgr\u00e9 une recherche profonde sur ma destination, ce qui m\u2019attendait me rendait un peu incertaine. Est-ce que je renconterais des nouveaux amis\u00a0? Est-ce que je m\u2019adapterais bien dans une grande m\u00e9tropole\u00a0o\u00f9 il fait froid m\u00eame pour quelqu\u2019un du nord de l\u2019Europe ? Est-ce que je me d\u00e9roulerais\u00a0pendant six mois\u00a0? Voil\u00e0 quelques questions qui remplissaient ma t\u00eate avant de partir au Qu\u00e9bec.<\/p>\n<p>Le processus d\u2019adaptation commen\u00e7ait lors les premiers jours. J\u2019ai rencontr\u00e9 ma famille d\u2019accueil, une charmante famille francophone au quartier de Westmount, quelques kilom\u00e9tres du centre ville de Montr\u00e9al. Pendant les deux premi\u00e8res semaines j\u2019avais d\u00e9j\u00e0 fait connaissance avec quelques sp\u00e9cialit\u00e9s de la cuisine qu\u00e9b\u00e9coise\u00a0; le p\u00e2t\u00e9 chinois et le poudding au ch\u00f4meur, pour nommer quelquesunes.<\/p>\n<p>Loger dans une famille locale est une opportunit\u00e9 excellente pour plonger dans une nouvelle culture\u00a0! C\u2019est une fa\u00e7on unique pour mieux conna\u00eetre la vie locale. Je suis devenue une partie de cette famille montr\u00e9alaise qui m\u2019appele leur \u00ab\u00a0ch\u00e8re finlandaise\u00a0\u00bb.<\/p>\n<p>En tout cas, l\u2019adaptation \u00e0 la soci\u00e9t\u00e9 locale ne se fait pas uniquement \u00e0 la maison. D\u00e8s le d\u00e9but il est essentiel d\u2019avoir un esprit ouvert qui aide \u00e0 d\u00e9couvrir des nouveaux endroits et, le plus important, \u00e0 rencontrer des gens. M\u00eame qu\u2019en \u00e9change on rencontre facilement d\u2019autres \u00e9tudiants dans la m\u00eame situation, ceux ne sont malheureusement pas eux qui nous montrent la culture locale. Rencontrer des locaux ouvre des portes uniques\u00a0!<\/p>\n<p>Dans mon cas, j\u2019ai rencontr\u00e9 des locaux aussi bien \u00e0 l\u2019universit\u00e9 qu\u2019aux loisirs diff\u00e9rents. Mon \u00e9quipe de ringuette (un sport d\u2019hiver qu\u00e9becois), des organisations du b\u00e9n\u00e9volat et des cours \u00e9taient des meilleurs endroits pour rencontrer des locaux.<\/p>\n<p><img loading=\"lazy\" decoding=\"async\" class=\"alignnone wp-image-21216 size-full\" src=\"https:\/\/cbie.ca\/wp-content\/uploads\/2016\/07\/Riina-Allinen1.jpg\" alt=\"Riina Allinen1\" width=\"640\" height=\"480\" srcset=\"https:\/\/cbie.ca\/wp-content\/uploads\/2016\/07\/Riina-Allinen1.jpg 640w, https:\/\/cbie.ca\/wp-content\/uploads\/2016\/07\/Riina-Allinen1-300x225.jpg 300w\" sizes=\"auto, (max-width: 640px) 100vw, 640px\" \/><\/p>\n<p>Un esprit curieux, ouvert et tol\u00e9rant aide \u00e0 mieux d\u00e9couvrir cette belle ville. Bonne chance en \u00e9change\u00a0!<\/p>\n<p><strong><em>&#8211; Riina Allinen, <a href=\"http:\/\/www.umontreal.ca\/\" target=\"_blank\">Universit\u00e9 de Montr\u00e9al<\/a> (en \u00e9change de janvier \u00e0 juillet 2015)<\/em><\/strong><\/p>\n","protected":false},"excerpt":{"rendered":"<p>Je viens de passer six mois dans la belle ville de Montr\u00e9al au Qu\u00e9bec. Cette ville laissait une trace \u00e9ternelle dans mon coeur. Voil\u00e0 quelques examples de l\u2019adaptation d\u2019une \u00e9tudiante [&hellip;]<\/p>\n","protected":false},"author":2,"featured_media":21217,"comment_status":"closed","ping_status":"closed","sticky":false,"template":"","format":"standard","meta":{"_acf_changed":false,"footnotes":""},"categories":[88],"tags":[],"class_list":["post-21215","post","type-post","status-publish","format-standard","has-post-thumbnail","hentry","category-blogue-etudiant"],"acf":[],"yoast_head":"<!-- This site is optimized with the Yoast SEO plugin v27.5 - https:\/\/yoast.com\/product\/yoast-seo-wordpress\/ -->\n<title>Comment s\u2019adapter \u00e0 la vie montr\u00e9alaise? - CBIE<\/title>\n<meta name=\"robots\" content=\"index, follow, max-snippet:-1, max-image-preview:large, max-video-preview:-1\" \/>\n<link rel=\"canonical\" href=\"https:\/\/cbie.ca\/fr\/comment-sadapter-a-la-vie-montrealaise\/\" \/>\n<meta property=\"og:locale\" content=\"fr_FR\" \/>\n<meta property=\"og:type\" content=\"article\" \/>\n<meta property=\"og:title\" content=\"Comment s\u2019adapter \u00e0 la vie montr\u00e9alaise? - CBIE\" \/>\n<meta property=\"og:description\" content=\"Je viens de passer six mois dans la belle ville de Montr\u00e9al au Qu\u00e9bec. Cette ville laissait une trace \u00e9ternelle dans mon coeur. Voil\u00e0 quelques examples de l\u2019adaptation d\u2019une \u00e9tudiante [&hellip;]\" \/>\n<meta property=\"og:url\" content=\"https:\/\/cbie.ca\/fr\/comment-sadapter-a-la-vie-montrealaise\/\" \/>\n<meta property=\"og:site_name\" content=\"CBIE\" \/>\n<meta property=\"article:published_time\" content=\"2016-01-06T17:59:15+00:00\" \/>\n<meta property=\"article:modified_time\" content=\"2016-07-04T18:04:12+00:00\" \/>\n<meta property=\"og:image\" content=\"https:\/\/cbie.ca\/wp-content\/uploads\/2016\/07\/Riina-Allinen2.jpg\" \/>\n\t<meta property=\"og:image:width\" content=\"800\" \/>\n\t<meta property=\"og:image:height\" content=\"597\" \/>\n\t<meta property=\"og:image:type\" content=\"image\/jpeg\" \/>\n<meta name=\"author\" content=\"CBIE-BCEI\" \/>\n<meta name=\"twitter:card\" content=\"summary_large_image\" \/>\n<meta name=\"twitter:label1\" content=\"\u00c9crit par\" \/>\n\t<meta name=\"twitter:data1\" content=\"CBIE-BCEI\" \/>\n\t<meta name=\"twitter:label2\" content=\"Dur\u00e9e de lecture estim\u00e9e\" \/>\n\t<meta name=\"twitter:data2\" content=\"2 minutes\" \/>\n<script type=\"application\/ld+json\" class=\"yoast-schema-graph\">{\"@context\":\"https:\\\/\\\/schema.org\",\"@graph\":[{\"@type\":\"Article\",\"@id\":\"https:\\\/\\\/cbie.ca\\\/fr\\\/comment-sadapter-a-la-vie-montrealaise\\\/#article\",\"isPartOf\":{\"@id\":\"https:\\\/\\\/cbie.ca\\\/fr\\\/comment-sadapter-a-la-vie-montrealaise\\\/\"},\"author\":{\"name\":\"CBIE-BCEI\",\"@id\":\"https:\\\/\\\/cbie.ca\\\/#\\\/schema\\\/person\\\/cb3789156294f7d322bca9b07f192e1c\"},\"headline\":\"Comment s\u2019adapter \u00e0 la vie montr\u00e9alaise?\",\"datePublished\":\"2016-01-06T17:59:15+00:00\",\"dateModified\":\"2016-07-04T18:04:12+00:00\",\"mainEntityOfPage\":{\"@id\":\"https:\\\/\\\/cbie.ca\\\/fr\\\/comment-sadapter-a-la-vie-montrealaise\\\/\"},\"wordCount\":436,\"image\":{\"@id\":\"https:\\\/\\\/cbie.ca\\\/fr\\\/comment-sadapter-a-la-vie-montrealaise\\\/#primaryimage\"},\"thumbnailUrl\":\"https:\\\/\\\/cbie.ca\\\/wp-content\\\/uploads\\\/2016\\\/07\\\/Riina-Allinen2.jpg\",\"articleSection\":[\"Blogue \u00e9tudiant\"],\"inLanguage\":\"fr-FR\"},{\"@type\":\"WebPage\",\"@id\":\"https:\\\/\\\/cbie.ca\\\/fr\\\/comment-sadapter-a-la-vie-montrealaise\\\/\",\"url\":\"https:\\\/\\\/cbie.ca\\\/fr\\\/comment-sadapter-a-la-vie-montrealaise\\\/\",\"name\":\"Comment s\u2019adapter \u00e0 la vie montr\u00e9alaise? - CBIE\",\"isPartOf\":{\"@id\":\"https:\\\/\\\/cbie.ca\\\/#website\"},\"primaryImageOfPage\":{\"@id\":\"https:\\\/\\\/cbie.ca\\\/fr\\\/comment-sadapter-a-la-vie-montrealaise\\\/#primaryimage\"},\"image\":{\"@id\":\"https:\\\/\\\/cbie.ca\\\/fr\\\/comment-sadapter-a-la-vie-montrealaise\\\/#primaryimage\"},\"thumbnailUrl\":\"https:\\\/\\\/cbie.ca\\\/wp-content\\\/uploads\\\/2016\\\/07\\\/Riina-Allinen2.jpg\",\"datePublished\":\"2016-01-06T17:59:15+00:00\",\"dateModified\":\"2016-07-04T18:04:12+00:00\",\"author\":{\"@id\":\"https:\\\/\\\/cbie.ca\\\/#\\\/schema\\\/person\\\/cb3789156294f7d322bca9b07f192e1c\"},\"breadcrumb\":{\"@id\":\"https:\\\/\\\/cbie.ca\\\/fr\\\/comment-sadapter-a-la-vie-montrealaise\\\/#breadcrumb\"},\"inLanguage\":\"fr-FR\",\"potentialAction\":[{\"@type\":\"ReadAction\",\"target\":[\"https:\\\/\\\/cbie.ca\\\/fr\\\/comment-sadapter-a-la-vie-montrealaise\\\/\"]}]},{\"@type\":\"ImageObject\",\"inLanguage\":\"fr-FR\",\"@id\":\"https:\\\/\\\/cbie.ca\\\/fr\\\/comment-sadapter-a-la-vie-montrealaise\\\/#primaryimage\",\"url\":\"https:\\\/\\\/cbie.ca\\\/wp-content\\\/uploads\\\/2016\\\/07\\\/Riina-Allinen2.jpg\",\"contentUrl\":\"https:\\\/\\\/cbie.ca\\\/wp-content\\\/uploads\\\/2016\\\/07\\\/Riina-Allinen2.jpg\",\"width\":800,\"height\":597},{\"@type\":\"BreadcrumbList\",\"@id\":\"https:\\\/\\\/cbie.ca\\\/fr\\\/comment-sadapter-a-la-vie-montrealaise\\\/#breadcrumb\",\"itemListElement\":[{\"@type\":\"ListItem\",\"position\":1,\"name\":\"Home\",\"item\":\"https:\\\/\\\/cbie.ca\\\/fr\\\/\"},{\"@type\":\"ListItem\",\"position\":2,\"name\":\"Comment s\u2019adapter \u00e0 la vie montr\u00e9alaise?\"}]},{\"@type\":\"WebSite\",\"@id\":\"https:\\\/\\\/cbie.ca\\\/#website\",\"url\":\"https:\\\/\\\/cbie.ca\\\/\",\"name\":\"Canadian Bureau for International Education\",\"description\":\"\",\"potentialAction\":[{\"@type\":\"SearchAction\",\"target\":{\"@type\":\"EntryPoint\",\"urlTemplate\":\"https:\\\/\\\/cbie.ca\\\/?s={search_term_string}\"},\"query-input\":{\"@type\":\"PropertyValueSpecification\",\"valueRequired\":true,\"valueName\":\"search_term_string\"}}],\"inLanguage\":\"fr-FR\"},{\"@type\":\"Person\",\"@id\":\"https:\\\/\\\/cbie.ca\\\/#\\\/schema\\\/person\\\/cb3789156294f7d322bca9b07f192e1c\",\"name\":\"CBIE-BCEI\",\"image\":{\"@type\":\"ImageObject\",\"inLanguage\":\"fr-FR\",\"@id\":\"https:\\\/\\\/secure.gravatar.com\\\/avatar\\\/d274f7550e676f39e6efa6dab362dac481e1572fbefce28e0a1d4904346afba8?s=96&d=mm&r=g\",\"url\":\"https:\\\/\\\/secure.gravatar.com\\\/avatar\\\/d274f7550e676f39e6efa6dab362dac481e1572fbefce28e0a1d4904346afba8?s=96&d=mm&r=g\",\"contentUrl\":\"https:\\\/\\\/secure.gravatar.com\\\/avatar\\\/d274f7550e676f39e6efa6dab362dac481e1572fbefce28e0a1d4904346afba8?s=96&d=mm&r=g\",\"caption\":\"CBIE-BCEI\"},\"url\":\"https:\\\/\\\/cbie.ca\\\/fr\\\/author\\\/cbie-2-2-2-2-2-2\\\/\"}]}<\/script>\n<!-- \/ Yoast SEO plugin. -->","yoast_head_json":{"title":"Comment s\u2019adapter \u00e0 la vie montr\u00e9alaise? - CBIE","robots":{"index":"index","follow":"follow","max-snippet":"max-snippet:-1","max-image-preview":"max-image-preview:large","max-video-preview":"max-video-preview:-1"},"canonical":"https:\/\/cbie.ca\/fr\/comment-sadapter-a-la-vie-montrealaise\/","og_locale":"fr_FR","og_type":"article","og_title":"Comment s\u2019adapter \u00e0 la vie montr\u00e9alaise? - CBIE","og_description":"Je viens de passer six mois dans la belle ville de Montr\u00e9al au Qu\u00e9bec. Cette ville laissait une trace \u00e9ternelle dans mon coeur. Voil\u00e0 quelques examples de l\u2019adaptation d\u2019une \u00e9tudiante [&hellip;]","og_url":"https:\/\/cbie.ca\/fr\/comment-sadapter-a-la-vie-montrealaise\/","og_site_name":"CBIE","article_published_time":"2016-01-06T17:59:15+00:00","article_modified_time":"2016-07-04T18:04:12+00:00","og_image":[{"width":800,"height":597,"url":"https:\/\/cbie.ca\/wp-content\/uploads\/2016\/07\/Riina-Allinen2.jpg","type":"image\/jpeg"}],"author":"CBIE-BCEI","twitter_card":"summary_large_image","twitter_misc":{"\u00c9crit par":"CBIE-BCEI","Dur\u00e9e de lecture estim\u00e9e":"2 minutes"},"schema":{"@context":"https:\/\/schema.org","@graph":[{"@type":"Article","@id":"https:\/\/cbie.ca\/fr\/comment-sadapter-a-la-vie-montrealaise\/#article","isPartOf":{"@id":"https:\/\/cbie.ca\/fr\/comment-sadapter-a-la-vie-montrealaise\/"},"author":{"name":"CBIE-BCEI","@id":"https:\/\/cbie.ca\/#\/schema\/person\/cb3789156294f7d322bca9b07f192e1c"},"headline":"Comment s\u2019adapter \u00e0 la vie montr\u00e9alaise?","datePublished":"2016-01-06T17:59:15+00:00","dateModified":"2016-07-04T18:04:12+00:00","mainEntityOfPage":{"@id":"https:\/\/cbie.ca\/fr\/comment-sadapter-a-la-vie-montrealaise\/"},"wordCount":436,"image":{"@id":"https:\/\/cbie.ca\/fr\/comment-sadapter-a-la-vie-montrealaise\/#primaryimage"},"thumbnailUrl":"https:\/\/cbie.ca\/wp-content\/uploads\/2016\/07\/Riina-Allinen2.jpg","articleSection":["Blogue \u00e9tudiant"],"inLanguage":"fr-FR"},{"@type":"WebPage","@id":"https:\/\/cbie.ca\/fr\/comment-sadapter-a-la-vie-montrealaise\/","url":"https:\/\/cbie.ca\/fr\/comment-sadapter-a-la-vie-montrealaise\/","name":"Comment s\u2019adapter \u00e0 la vie montr\u00e9alaise? - CBIE","isPartOf":{"@id":"https:\/\/cbie.ca\/#website"},"primaryImageOfPage":{"@id":"https:\/\/cbie.ca\/fr\/comment-sadapter-a-la-vie-montrealaise\/#primaryimage"},"image":{"@id":"https:\/\/cbie.ca\/fr\/comment-sadapter-a-la-vie-montrealaise\/#primaryimage"},"thumbnailUrl":"https:\/\/cbie.ca\/wp-content\/uploads\/2016\/07\/Riina-Allinen2.jpg","datePublished":"2016-01-06T17:59:15+00:00","dateModified":"2016-07-04T18:04:12+00:00","author":{"@id":"https:\/\/cbie.ca\/#\/schema\/person\/cb3789156294f7d322bca9b07f192e1c"},"breadcrumb":{"@id":"https:\/\/cbie.ca\/fr\/comment-sadapter-a-la-vie-montrealaise\/#breadcrumb"},"inLanguage":"fr-FR","potentialAction":[{"@type":"ReadAction","target":["https:\/\/cbie.ca\/fr\/comment-sadapter-a-la-vie-montrealaise\/"]}]},{"@type":"ImageObject","inLanguage":"fr-FR","@id":"https:\/\/cbie.ca\/fr\/comment-sadapter-a-la-vie-montrealaise\/#primaryimage","url":"https:\/\/cbie.ca\/wp-content\/uploads\/2016\/07\/Riina-Allinen2.jpg","contentUrl":"https:\/\/cbie.ca\/wp-content\/uploads\/2016\/07\/Riina-Allinen2.jpg","width":800,"height":597},{"@type":"BreadcrumbList","@id":"https:\/\/cbie.ca\/fr\/comment-sadapter-a-la-vie-montrealaise\/#breadcrumb","itemListElement":[{"@type":"ListItem","position":1,"name":"Home","item":"https:\/\/cbie.ca\/fr\/"},{"@type":"ListItem","position":2,"name":"Comment s\u2019adapter \u00e0 la vie montr\u00e9alaise?"}]},{"@type":"WebSite","@id":"https:\/\/cbie.ca\/#website","url":"https:\/\/cbie.ca\/","name":"Canadian Bureau for International Education","description":"","potentialAction":[{"@type":"SearchAction","target":{"@type":"EntryPoint","urlTemplate":"https:\/\/cbie.ca\/?s={search_term_string}"},"query-input":{"@type":"PropertyValueSpecification","valueRequired":true,"valueName":"search_term_string"}}],"inLanguage":"fr-FR"},{"@type":"Person","@id":"https:\/\/cbie.ca\/#\/schema\/person\/cb3789156294f7d322bca9b07f192e1c","name":"CBIE-BCEI","image":{"@type":"ImageObject","inLanguage":"fr-FR","@id":"https:\/\/secure.gravatar.com\/avatar\/d274f7550e676f39e6efa6dab362dac481e1572fbefce28e0a1d4904346afba8?s=96&d=mm&r=g","url":"https:\/\/secure.gravatar.com\/avatar\/d274f7550e676f39e6efa6dab362dac481e1572fbefce28e0a1d4904346afba8?s=96&d=mm&r=g","contentUrl":"https:\/\/secure.gravatar.com\/avatar\/d274f7550e676f39e6efa6dab362dac481e1572fbefce28e0a1d4904346afba8?s=96&d=mm&r=g","caption":"CBIE-BCEI"},"url":"https:\/\/cbie.ca\/fr\/author\/cbie-2-2-2-2-2-2\/"}]}},"_links":{"self":[{"href":"https:\/\/cbie.ca\/fr\/wp-json\/wp\/v2\/posts\/21215","targetHints":{"allow":["GET"]}}],"collection":[{"href":"https:\/\/cbie.ca\/fr\/wp-json\/wp\/v2\/posts"}],"about":[{"href":"https:\/\/cbie.ca\/fr\/wp-json\/wp\/v2\/types\/post"}],"author":[{"embeddable":true,"href":"https:\/\/cbie.ca\/fr\/wp-json\/wp\/v2\/users\/2"}],"replies":[{"embeddable":true,"href":"https:\/\/cbie.ca\/fr\/wp-json\/wp\/v2\/comments?post=21215"}],"version-history":[{"count":0,"href":"https:\/\/cbie.ca\/fr\/wp-json\/wp\/v2\/posts\/21215\/revisions"}],"wp:featuredmedia":[{"embeddable":true,"href":"https:\/\/cbie.ca\/fr\/wp-json\/wp\/v2\/media\/21217"}],"wp:attachment":[{"href":"https:\/\/cbie.ca\/fr\/wp-json\/wp\/v2\/media?parent=21215"}],"wp:term":[{"taxonomy":"category","embeddable":true,"href":"https:\/\/cbie.ca\/fr\/wp-json\/wp\/v2\/categories?post=21215"},{"taxonomy":"post_tag","embeddable":true,"href":"https:\/\/cbie.ca\/fr\/wp-json\/wp\/v2\/tags?post=21215"}],"curies":[{"name":"wp","href":"https:\/\/api.w.org\/{rel}","templated":true}]}}