{"id":19724,"date":"2016-05-31T14:59:17","date_gmt":"2016-05-31T14:59:17","guid":{"rendered":"http:\/\/198.12.153.159\/~cbie\/register-now-for-cbies-international-students-and-education-program-isiep\/?lang=fr"},"modified":"2016-06-02T15:19:11","modified_gmt":"2016-06-02T15:19:11","slug":"inscrivez-vous-des-maintenant-pour-le-programme-detudes-sur-limmigration-et-les-etudiants-internationaux-peiei","status":"publish","type":"post","link":"https:\/\/cbie.ca\/fr\/inscrivez-vous-des-maintenant-pour-le-programme-detudes-sur-limmigration-et-les-etudiants-internationaux-peiei\/","title":{"rendered":"Inscrivez-vous d\u00e8s maintenant pour le Programme d\u2019\u00e9tudes sur l\u2019immigration et les \u00e9tudiants internationaux (PEIEI)!"},"content":{"rendered":"<div class=\"wpb-content-wrapper\"><p>[vc_row][vc_column][vc_column_text]La p\u00e9riode d\u2019inscription est maintenant ouverte pour la premi\u00e8re offre du Programme d\u2019\u00e9tudes sur l\u2019immigration et les \u00e9tudiants internationaux (PEIEI) du BCEI.<\/p>\n<p><strong>L\u2019inscription se fait en deux \u00e9tapes\u00a0:<\/strong><\/p>\n<ol>\n<li><a href=\"https:\/\/app.cbie.ca\/risia-criee\/default.aspx\" target=\"_blank\">Soumettre une demande<\/a> et payer les frais d\u2019inscription (les personnes provenant d\u2019un <a href=\"https:\/\/cbie.ca\/fr\/notre-reseau\/membres-et-associes\/?lang=fr\">\u00e9tablissement membre ou associ\u00e9<\/a> du BCEI ne sont pas oblig\u00e9es de payer ces frais).<\/li>\n<li>Recevoir des directives de l\u2019\u00e9quipe PEIEI en juillet sur la finalisation de l\u2019inscription, y compris le paiement des frais du programme. Les dix premi\u00e8res personnes inscrites recevront 10\u00a0% de rabais sur les frais de programme.<\/li>\n<\/ol>\n<p>[\/vc_column_text]<div class=\"spacer\" style=\"height: 20px;\"><\/div>[\/vc_column][\/vc_row][vc_row][vc_column width=\u00a0\u00bb1\/1&Prime;]<a href=\"https:\/\/app.cbie.ca\/risia-criee\/default.aspx\" target=\"_blank\" class=\"button yellow medium btn-blue\" style=\"border-radius: 2px;\">Inscrivez-vous<\/a><div class=\"spacer\" style=\"height: 30px;\"><\/div>[vc_column_text]<strong>Le PEIEI commence le lundi 19 septembre\u00a02016.<\/strong> Pour de plus amples informations, consultez le <a href=\"\/wp-content\/uploads\/2016\/05\/RISIA-Handbook_FR.pdf\" target=\"_blank\">manuel<\/a> ou envoyez-nous un <a href=\"mailto:risia-criee@cbie.ca\" target=\"_blank\">courriel<\/a>.<\/p>\n<p>On se voit en septembre!<br \/>\nL\u2019\u00e9quipe PEIEI[\/vc_column_text][\/vc_column][\/vc_row]<\/p>\n<\/div>","protected":false},"excerpt":{"rendered":"<p>[vc_row][vc_column][vc_column_text]La p\u00e9riode d\u2019inscription est maintenant ouverte pour la premi\u00e8re offre du Programme d\u2019\u00e9tudes sur l\u2019immigration et les \u00e9tudiants internationaux (PEIEI) du BCEI. L\u2019inscription se fait en deux \u00e9tapes\u00a0: Soumettre une [&hellip;]<\/p>\n","protected":false},"author":2,"featured_media":17574,"comment_status":"closed","ping_status":"closed","sticky":false,"template":"","format":"standard","meta":{"_acf_changed":false,"footnotes":""},"categories":[82],"tags":[],"class_list":["post-19724","post","type-post","status-publish","format-standard","has-post-thumbnail","hentry","category-press-releases-fr"],"acf":[],"yoast_head":"<!-- This site is optimized with the Yoast SEO plugin v27.5 - https:\/\/yoast.com\/product\/yoast-seo-wordpress\/ -->\n<title>Inscrivez-vous d\u00e8s maintenant pour le Programme d\u2019\u00e9tudes sur l\u2019immigration et les \u00e9tudiants internationaux (PEIEI)! - CBIE<\/title>\n<meta name=\"robots\" content=\"index, follow, max-snippet:-1, max-image-preview:large, max-video-preview:-1\" \/>\n<link rel=\"canonical\" href=\"https:\/\/cbie.ca\/fr\/inscrivez-vous-des-maintenant-pour-le-programme-detudes-sur-limmigration-et-les-etudiants-internationaux-peiei\/\" \/>\n<meta property=\"og:locale\" content=\"fr_FR\" \/>\n<meta property=\"og:type\" content=\"article\" \/>\n<meta property=\"og:title\" content=\"Inscrivez-vous d\u00e8s maintenant pour le Programme d\u2019\u00e9tudes sur l\u2019immigration et les \u00e9tudiants internationaux (PEIEI)! - CBIE\" \/>\n<meta property=\"og:description\" content=\"[vc_row][vc_column][vc_column_text]La p\u00e9riode d\u2019inscription est maintenant ouverte pour la premi\u00e8re offre du Programme d\u2019\u00e9tudes sur l\u2019immigration et les \u00e9tudiants internationaux (PEIEI) du BCEI. L\u2019inscription se fait en deux \u00e9tapes\u00a0: Soumettre une [&hellip;]\" \/>\n<meta property=\"og:url\" content=\"https:\/\/cbie.ca\/fr\/inscrivez-vous-des-maintenant-pour-le-programme-detudes-sur-limmigration-et-les-etudiants-internationaux-peiei\/\" \/>\n<meta property=\"og:site_name\" content=\"CBIE\" \/>\n<meta property=\"article:published_time\" content=\"2016-05-31T14:59:17+00:00\" \/>\n<meta property=\"article:modified_time\" content=\"2016-06-02T15:19:11+00:00\" \/>\n<meta property=\"og:image\" content=\"https:\/\/cbie.ca\/wp-content\/uploads\/2016\/05\/young-professionals-scaled.jpg\" \/>\n\t<meta property=\"og:image:width\" content=\"2560\" \/>\n\t<meta property=\"og:image:height\" content=\"1707\" \/>\n\t<meta property=\"og:image:type\" content=\"image\/jpeg\" \/>\n<meta name=\"author\" content=\"CBIE-BCEI\" \/>\n<meta name=\"twitter:card\" content=\"summary_large_image\" \/>\n<meta name=\"twitter:label1\" content=\"\u00c9crit par\" \/>\n\t<meta name=\"twitter:data1\" content=\"CBIE-BCEI\" \/>\n\t<meta name=\"twitter:label2\" content=\"Dur\u00e9e de lecture estim\u00e9e\" \/>\n\t<meta name=\"twitter:data2\" content=\"1 minute\" \/>\n<script type=\"application\/ld+json\" class=\"yoast-schema-graph\">{\"@context\":\"https:\\\/\\\/schema.org\",\"@graph\":[{\"@type\":\"Article\",\"@id\":\"https:\\\/\\\/cbie.ca\\\/fr\\\/inscrivez-vous-des-maintenant-pour-le-programme-detudes-sur-limmigration-et-les-etudiants-internationaux-peiei\\\/#article\",\"isPartOf\":{\"@id\":\"https:\\\/\\\/cbie.ca\\\/fr\\\/inscrivez-vous-des-maintenant-pour-le-programme-detudes-sur-limmigration-et-les-etudiants-internationaux-peiei\\\/\"},\"author\":{\"name\":\"CBIE-BCEI\",\"@id\":\"https:\\\/\\\/cbie.ca\\\/#\\\/schema\\\/person\\\/cb3789156294f7d322bca9b07f192e1c\"},\"headline\":\"Inscrivez-vous d\u00e8s maintenant pour le Programme d\u2019\u00e9tudes sur l\u2019immigration et les \u00e9tudiants internationaux (PEIEI)!\",\"datePublished\":\"2016-05-31T14:59:17+00:00\",\"dateModified\":\"2016-06-02T15:19:11+00:00\",\"mainEntityOfPage\":{\"@id\":\"https:\\\/\\\/cbie.ca\\\/fr\\\/inscrivez-vous-des-maintenant-pour-le-programme-detudes-sur-limmigration-et-les-etudiants-internationaux-peiei\\\/\"},\"wordCount\":199,\"image\":{\"@id\":\"https:\\\/\\\/cbie.ca\\\/fr\\\/inscrivez-vous-des-maintenant-pour-le-programme-detudes-sur-limmigration-et-les-etudiants-internationaux-peiei\\\/#primaryimage\"},\"thumbnailUrl\":\"https:\\\/\\\/cbie.ca\\\/wp-content\\\/uploads\\\/2016\\\/05\\\/young-professionals-scaled.jpg\",\"articleSection\":[\"Communiqu\u00e9\"],\"inLanguage\":\"fr-FR\"},{\"@type\":\"WebPage\",\"@id\":\"https:\\\/\\\/cbie.ca\\\/fr\\\/inscrivez-vous-des-maintenant-pour-le-programme-detudes-sur-limmigration-et-les-etudiants-internationaux-peiei\\\/\",\"url\":\"https:\\\/\\\/cbie.ca\\\/fr\\\/inscrivez-vous-des-maintenant-pour-le-programme-detudes-sur-limmigration-et-les-etudiants-internationaux-peiei\\\/\",\"name\":\"Inscrivez-vous d\u00e8s maintenant pour le Programme d\u2019\u00e9tudes sur l\u2019immigration et les \u00e9tudiants internationaux (PEIEI)! - CBIE\",\"isPartOf\":{\"@id\":\"https:\\\/\\\/cbie.ca\\\/#website\"},\"primaryImageOfPage\":{\"@id\":\"https:\\\/\\\/cbie.ca\\\/fr\\\/inscrivez-vous-des-maintenant-pour-le-programme-detudes-sur-limmigration-et-les-etudiants-internationaux-peiei\\\/#primaryimage\"},\"image\":{\"@id\":\"https:\\\/\\\/cbie.ca\\\/fr\\\/inscrivez-vous-des-maintenant-pour-le-programme-detudes-sur-limmigration-et-les-etudiants-internationaux-peiei\\\/#primaryimage\"},\"thumbnailUrl\":\"https:\\\/\\\/cbie.ca\\\/wp-content\\\/uploads\\\/2016\\\/05\\\/young-professionals-scaled.jpg\",\"datePublished\":\"2016-05-31T14:59:17+00:00\",\"dateModified\":\"2016-06-02T15:19:11+00:00\",\"author\":{\"@id\":\"https:\\\/\\\/cbie.ca\\\/#\\\/schema\\\/person\\\/cb3789156294f7d322bca9b07f192e1c\"},\"breadcrumb\":{\"@id\":\"https:\\\/\\\/cbie.ca\\\/fr\\\/inscrivez-vous-des-maintenant-pour-le-programme-detudes-sur-limmigration-et-les-etudiants-internationaux-peiei\\\/#breadcrumb\"},\"inLanguage\":\"fr-FR\",\"potentialAction\":[{\"@type\":\"ReadAction\",\"target\":[\"https:\\\/\\\/cbie.ca\\\/fr\\\/inscrivez-vous-des-maintenant-pour-le-programme-detudes-sur-limmigration-et-les-etudiants-internationaux-peiei\\\/\"]}]},{\"@type\":\"ImageObject\",\"inLanguage\":\"fr-FR\",\"@id\":\"https:\\\/\\\/cbie.ca\\\/fr\\\/inscrivez-vous-des-maintenant-pour-le-programme-detudes-sur-limmigration-et-les-etudiants-internationaux-peiei\\\/#primaryimage\",\"url\":\"https:\\\/\\\/cbie.ca\\\/wp-content\\\/uploads\\\/2016\\\/05\\\/young-professionals-scaled.jpg\",\"contentUrl\":\"https:\\\/\\\/cbie.ca\\\/wp-content\\\/uploads\\\/2016\\\/05\\\/young-professionals-scaled.jpg\",\"width\":2560,\"height\":1707},{\"@type\":\"BreadcrumbList\",\"@id\":\"https:\\\/\\\/cbie.ca\\\/fr\\\/inscrivez-vous-des-maintenant-pour-le-programme-detudes-sur-limmigration-et-les-etudiants-internationaux-peiei\\\/#breadcrumb\",\"itemListElement\":[{\"@type\":\"ListItem\",\"position\":1,\"name\":\"Home\",\"item\":\"https:\\\/\\\/cbie.ca\\\/fr\\\/\"},{\"@type\":\"ListItem\",\"position\":2,\"name\":\"Inscrivez-vous d\u00e8s maintenant pour le Programme d\u2019\u00e9tudes sur l\u2019immigration et les \u00e9tudiants internationaux (PEIEI)!\"}]},{\"@type\":\"WebSite\",\"@id\":\"https:\\\/\\\/cbie.ca\\\/#website\",\"url\":\"https:\\\/\\\/cbie.ca\\\/\",\"name\":\"Canadian Bureau for International Education\",\"description\":\"\",\"potentialAction\":[{\"@type\":\"SearchAction\",\"target\":{\"@type\":\"EntryPoint\",\"urlTemplate\":\"https:\\\/\\\/cbie.ca\\\/?s={search_term_string}\"},\"query-input\":{\"@type\":\"PropertyValueSpecification\",\"valueRequired\":true,\"valueName\":\"search_term_string\"}}],\"inLanguage\":\"fr-FR\"},{\"@type\":\"Person\",\"@id\":\"https:\\\/\\\/cbie.ca\\\/#\\\/schema\\\/person\\\/cb3789156294f7d322bca9b07f192e1c\",\"name\":\"CBIE-BCEI\",\"image\":{\"@type\":\"ImageObject\",\"inLanguage\":\"fr-FR\",\"@id\":\"https:\\\/\\\/secure.gravatar.com\\\/avatar\\\/d274f7550e676f39e6efa6dab362dac481e1572fbefce28e0a1d4904346afba8?s=96&d=mm&r=g\",\"url\":\"https:\\\/\\\/secure.gravatar.com\\\/avatar\\\/d274f7550e676f39e6efa6dab362dac481e1572fbefce28e0a1d4904346afba8?s=96&d=mm&r=g\",\"contentUrl\":\"https:\\\/\\\/secure.gravatar.com\\\/avatar\\\/d274f7550e676f39e6efa6dab362dac481e1572fbefce28e0a1d4904346afba8?s=96&d=mm&r=g\",\"caption\":\"CBIE-BCEI\"},\"url\":\"https:\\\/\\\/cbie.ca\\\/fr\\\/author\\\/cbie-2-2-2-2-2-2\\\/\"}]}<\/script>\n<!-- \/ Yoast SEO plugin. -->","yoast_head_json":{"title":"Inscrivez-vous d\u00e8s maintenant pour le Programme d\u2019\u00e9tudes sur l\u2019immigration et les \u00e9tudiants internationaux (PEIEI)! - CBIE","robots":{"index":"index","follow":"follow","max-snippet":"max-snippet:-1","max-image-preview":"max-image-preview:large","max-video-preview":"max-video-preview:-1"},"canonical":"https:\/\/cbie.ca\/fr\/inscrivez-vous-des-maintenant-pour-le-programme-detudes-sur-limmigration-et-les-etudiants-internationaux-peiei\/","og_locale":"fr_FR","og_type":"article","og_title":"Inscrivez-vous d\u00e8s maintenant pour le Programme d\u2019\u00e9tudes sur l\u2019immigration et les \u00e9tudiants internationaux (PEIEI)! - CBIE","og_description":"[vc_row][vc_column][vc_column_text]La p\u00e9riode d\u2019inscription est maintenant ouverte pour la premi\u00e8re offre du Programme d\u2019\u00e9tudes sur l\u2019immigration et les \u00e9tudiants internationaux (PEIEI) du BCEI. L\u2019inscription se fait en deux \u00e9tapes\u00a0: Soumettre une [&hellip;]","og_url":"https:\/\/cbie.ca\/fr\/inscrivez-vous-des-maintenant-pour-le-programme-detudes-sur-limmigration-et-les-etudiants-internationaux-peiei\/","og_site_name":"CBIE","article_published_time":"2016-05-31T14:59:17+00:00","article_modified_time":"2016-06-02T15:19:11+00:00","og_image":[{"width":2560,"height":1707,"url":"https:\/\/cbie.ca\/wp-content\/uploads\/2016\/05\/young-professionals-scaled.jpg","type":"image\/jpeg"}],"author":"CBIE-BCEI","twitter_card":"summary_large_image","twitter_misc":{"\u00c9crit par":"CBIE-BCEI","Dur\u00e9e de lecture estim\u00e9e":"1 minute"},"schema":{"@context":"https:\/\/schema.org","@graph":[{"@type":"Article","@id":"https:\/\/cbie.ca\/fr\/inscrivez-vous-des-maintenant-pour-le-programme-detudes-sur-limmigration-et-les-etudiants-internationaux-peiei\/#article","isPartOf":{"@id":"https:\/\/cbie.ca\/fr\/inscrivez-vous-des-maintenant-pour-le-programme-detudes-sur-limmigration-et-les-etudiants-internationaux-peiei\/"},"author":{"name":"CBIE-BCEI","@id":"https:\/\/cbie.ca\/#\/schema\/person\/cb3789156294f7d322bca9b07f192e1c"},"headline":"Inscrivez-vous d\u00e8s maintenant pour le Programme d\u2019\u00e9tudes sur l\u2019immigration et les \u00e9tudiants internationaux (PEIEI)!","datePublished":"2016-05-31T14:59:17+00:00","dateModified":"2016-06-02T15:19:11+00:00","mainEntityOfPage":{"@id":"https:\/\/cbie.ca\/fr\/inscrivez-vous-des-maintenant-pour-le-programme-detudes-sur-limmigration-et-les-etudiants-internationaux-peiei\/"},"wordCount":199,"image":{"@id":"https:\/\/cbie.ca\/fr\/inscrivez-vous-des-maintenant-pour-le-programme-detudes-sur-limmigration-et-les-etudiants-internationaux-peiei\/#primaryimage"},"thumbnailUrl":"https:\/\/cbie.ca\/wp-content\/uploads\/2016\/05\/young-professionals-scaled.jpg","articleSection":["Communiqu\u00e9"],"inLanguage":"fr-FR"},{"@type":"WebPage","@id":"https:\/\/cbie.ca\/fr\/inscrivez-vous-des-maintenant-pour-le-programme-detudes-sur-limmigration-et-les-etudiants-internationaux-peiei\/","url":"https:\/\/cbie.ca\/fr\/inscrivez-vous-des-maintenant-pour-le-programme-detudes-sur-limmigration-et-les-etudiants-internationaux-peiei\/","name":"Inscrivez-vous d\u00e8s maintenant pour le Programme d\u2019\u00e9tudes sur l\u2019immigration et les \u00e9tudiants internationaux (PEIEI)! - CBIE","isPartOf":{"@id":"https:\/\/cbie.ca\/#website"},"primaryImageOfPage":{"@id":"https:\/\/cbie.ca\/fr\/inscrivez-vous-des-maintenant-pour-le-programme-detudes-sur-limmigration-et-les-etudiants-internationaux-peiei\/#primaryimage"},"image":{"@id":"https:\/\/cbie.ca\/fr\/inscrivez-vous-des-maintenant-pour-le-programme-detudes-sur-limmigration-et-les-etudiants-internationaux-peiei\/#primaryimage"},"thumbnailUrl":"https:\/\/cbie.ca\/wp-content\/uploads\/2016\/05\/young-professionals-scaled.jpg","datePublished":"2016-05-31T14:59:17+00:00","dateModified":"2016-06-02T15:19:11+00:00","author":{"@id":"https:\/\/cbie.ca\/#\/schema\/person\/cb3789156294f7d322bca9b07f192e1c"},"breadcrumb":{"@id":"https:\/\/cbie.ca\/fr\/inscrivez-vous-des-maintenant-pour-le-programme-detudes-sur-limmigration-et-les-etudiants-internationaux-peiei\/#breadcrumb"},"inLanguage":"fr-FR","potentialAction":[{"@type":"ReadAction","target":["https:\/\/cbie.ca\/fr\/inscrivez-vous-des-maintenant-pour-le-programme-detudes-sur-limmigration-et-les-etudiants-internationaux-peiei\/"]}]},{"@type":"ImageObject","inLanguage":"fr-FR","@id":"https:\/\/cbie.ca\/fr\/inscrivez-vous-des-maintenant-pour-le-programme-detudes-sur-limmigration-et-les-etudiants-internationaux-peiei\/#primaryimage","url":"https:\/\/cbie.ca\/wp-content\/uploads\/2016\/05\/young-professionals-scaled.jpg","contentUrl":"https:\/\/cbie.ca\/wp-content\/uploads\/2016\/05\/young-professionals-scaled.jpg","width":2560,"height":1707},{"@type":"BreadcrumbList","@id":"https:\/\/cbie.ca\/fr\/inscrivez-vous-des-maintenant-pour-le-programme-detudes-sur-limmigration-et-les-etudiants-internationaux-peiei\/#breadcrumb","itemListElement":[{"@type":"ListItem","position":1,"name":"Home","item":"https:\/\/cbie.ca\/fr\/"},{"@type":"ListItem","position":2,"name":"Inscrivez-vous d\u00e8s maintenant pour le Programme d\u2019\u00e9tudes sur l\u2019immigration et les \u00e9tudiants internationaux (PEIEI)!"}]},{"@type":"WebSite","@id":"https:\/\/cbie.ca\/#website","url":"https:\/\/cbie.ca\/","name":"Canadian Bureau for International Education","description":"","potentialAction":[{"@type":"SearchAction","target":{"@type":"EntryPoint","urlTemplate":"https:\/\/cbie.ca\/?s={search_term_string}"},"query-input":{"@type":"PropertyValueSpecification","valueRequired":true,"valueName":"search_term_string"}}],"inLanguage":"fr-FR"},{"@type":"Person","@id":"https:\/\/cbie.ca\/#\/schema\/person\/cb3789156294f7d322bca9b07f192e1c","name":"CBIE-BCEI","image":{"@type":"ImageObject","inLanguage":"fr-FR","@id":"https:\/\/secure.gravatar.com\/avatar\/d274f7550e676f39e6efa6dab362dac481e1572fbefce28e0a1d4904346afba8?s=96&d=mm&r=g","url":"https:\/\/secure.gravatar.com\/avatar\/d274f7550e676f39e6efa6dab362dac481e1572fbefce28e0a1d4904346afba8?s=96&d=mm&r=g","contentUrl":"https:\/\/secure.gravatar.com\/avatar\/d274f7550e676f39e6efa6dab362dac481e1572fbefce28e0a1d4904346afba8?s=96&d=mm&r=g","caption":"CBIE-BCEI"},"url":"https:\/\/cbie.ca\/fr\/author\/cbie-2-2-2-2-2-2\/"}]}},"_links":{"self":[{"href":"https:\/\/cbie.ca\/fr\/wp-json\/wp\/v2\/posts\/19724","targetHints":{"allow":["GET"]}}],"collection":[{"href":"https:\/\/cbie.ca\/fr\/wp-json\/wp\/v2\/posts"}],"about":[{"href":"https:\/\/cbie.ca\/fr\/wp-json\/wp\/v2\/types\/post"}],"author":[{"embeddable":true,"href":"https:\/\/cbie.ca\/fr\/wp-json\/wp\/v2\/users\/2"}],"replies":[{"embeddable":true,"href":"https:\/\/cbie.ca\/fr\/wp-json\/wp\/v2\/comments?post=19724"}],"version-history":[{"count":0,"href":"https:\/\/cbie.ca\/fr\/wp-json\/wp\/v2\/posts\/19724\/revisions"}],"wp:featuredmedia":[{"embeddable":true,"href":"https:\/\/cbie.ca\/fr\/wp-json\/wp\/v2\/media\/17574"}],"wp:attachment":[{"href":"https:\/\/cbie.ca\/fr\/wp-json\/wp\/v2\/media?parent=19724"}],"wp:term":[{"taxonomy":"category","embeddable":true,"href":"https:\/\/cbie.ca\/fr\/wp-json\/wp\/v2\/categories?post=19724"},{"taxonomy":"post_tag","embeddable":true,"href":"https:\/\/cbie.ca\/fr\/wp-json\/wp\/v2\/tags?post=19724"}],"curies":[{"name":"wp","href":"https:\/\/api.w.org\/{rel}","templated":true}]}}