{"id":19716,"date":"2016-03-08T13:53:19","date_gmt":"2016-03-08T13:53:19","guid":{"rendered":"http:\/\/198.12.153.159\/~cbie\/?p=19716&#038;lang=fr"},"modified":"2016-06-02T13:53:44","modified_gmt":"2016-06-02T13:53:44","slug":"e-internationaliste-mars-2016","status":"publish","type":"post","link":"https:\/\/cbie.ca\/fr\/e-internationaliste-mars-2016\/","title":{"rendered":"E-Internationaliste mars 2016"},"content":{"rendered":"<h2>Mission de renforcement des capacit\u00e9s d\u2019anglais langue seconde au Vietnam : 29 f\u00e9vrier \u2013 5 mars 2016<\/h2>\n<p><a href=\"https:\/\/cbie.ca\/fr\/news\/mission-de-renforcement-des-capacites-danglais-langue-etrangere-au-vietnam-29-fevrier-5-mars-2016\/\" target=\"_blank\"><img decoding=\"async\" src=\"https:\/\/mp.cbie.ca\/public\/vietnam_photo.jpg\" alt=\"\" loading=\"lazy\" \/><\/a><\/p>\n<p>Le BCEI m\u00e8nera une d\u00e9l\u00e9gation de 12 \u00e9tablissements canadiens d\u2019enseignement sup\u00e9rieur au Vietnam dans l\u2019objectif de r\u00e9fl\u00e9chir \u00e0 des perspectives de renforcement des capacit\u00e9s d\u2019anglais langue seconde au Vietnam. Le groupe cherchera ainsi \u00e0 en savoir plus sur les projets actuels et d\u2019avenir du gouvernement vietnamien et des \u00e9tablissements vietnamiens d\u2019enseignement sur l\u2019accroissement de la ma\u00eetrise et de l\u2019utilisation de l\u2019anglais au Vietnam. <a href=\"https:\/\/cbie.ca\/fr\/news\/mission-de-renforcement-des-capacites-danglais-langue-etrangere-au-vietnam-29-fevrier-5-mars-2016\/\" target=\"_blank\">Cliquez ici<\/a> pour acc\u00e9der <span lang=\"FR-CA\">au<\/span> communiqu\u00e9 complet.<\/p>\n<hr \/>\n<h2 id=\"cn-cont\">Programme des futurs leaders dans les Am\u00e9riques \u2013 Voyage d\u2019\u00e9tudes\u00a02016<\/h2>\n<p><a href=\"http:\/\/www.scholarships-bourses.gc.ca\/scholarships-bourses\/news-nouvelles\/2016\/2016-03-07.aspx?lang=fra\" target=\"_blank\"><img decoding=\"async\" src=\"https:\/\/mp.cbie.ca\/public\/IMG_6120e.jpg\" alt=\"\" loading=\"lazy\" \/><\/a><\/p>\n<p>Un total de 36\u00a0r\u00e9cipiendaires d\u2019une bourse du Programme des futurs leaders dans les Am\u00e9riques (PFLA) \u00e9taient \u00e0 Ottawa du 22 au 26 f\u00e9vrier pour participer au voyage d\u2019\u00e9tudes PFLA 2016. Ces leaders de demain, originaires de 12 pays d\u2019Am\u00e9rique latine et des Cara\u00efbes, \u00a0participent pr\u00e9sentement \u00e0 un programme d\u2019\u00e9change leur permettant de poursuivre leurs \u00e9tudes ou recherches dans 17 universit\u00e9s \u00e0 travers le Canada <a href=\"http:\/\/www.scholarships-bourses.gc.ca\/scholarships-bourses\/news-nouvelles\/2016\/2016-03-07.aspx?lang=fra\" target=\"_blank\">En savoir plus<\/a>.<\/p>\n<hr \/>\n<h2 align=\"center\">Ouverture de la demande de proposition!<\/h2>\n<p><a href=\"http:\/\/www.cbie-bcei.ca\/fr\/evenements\/congres-annuel-2016\/appel-de-propositions\/\" target=\"_blank\"><img decoding=\"async\" src=\"https:\/\/mp.cbie.ca\/public\/postcard-fr.jpg\" alt=\"\" loading=\"lazy\" \/><\/a><\/p>\n<p>Date limite de pr\u00e9sentation\u00a0: <strong>vendredi 15 avril 2016<\/strong>. Visitez notre <a href=\"http:\/\/www.cbie-bcei.ca\/fr\/evenements\/congres-annuel-2016\/appel-de-propositions\/\" target=\"_blank\">site Web<\/a> pour plus d\u2019information.<\/p>\n<hr \/>\n<h2>Billet du mois<\/h2>\n<p><strong><a href=\"http:\/\/ietudiantscanada.ca\/comment-concilier-etudes-travail-benevolat-famille-a-montreal-astuces-et-des-conseils-pratiques-pour-trouver-de-lequilibre\/\" target=\"_blank\">Comment concilier \u00e9tudes-travail-b\u00e9n\u00e9volat-famille \u00e0 Montr\u00e9al<\/a>?<\/strong><\/p>\n<p><a href=\"http:\/\/ietudiantscanada.ca\/comment-concilier-etudes-travail-benevolat-famille-a-montreal-astuces-et-des-conseils-pratiques-pour-trouver-de-lequilibre\/\" target=\"_blank\"><img decoding=\"async\" src=\"https:\/\/mp.cbie.ca\/public\/billet.jpg\" alt=\"\" loading=\"lazy\" \/><\/a><\/p>\n<p>Trouver un \u00e9quilibre entre les \u00e9tudes doctorales, l\u2019emploi, le b\u00e9n\u00e9volat et l\u2019attention \u00e0 accorder \u00e0 son enfant est une \u00e9preuve d\u2019\u00e9quilibriste de chaque jour quand on est cheffe de famille monoparentale \u00e9tudiante \u00e9trang\u00e8re ! Le <a href=\"http:\/\/ietudiantscanada.ca\/comment-concilier-etudes-travail-benevolat-famille-a-montreal-astuces-et-des-conseils-pratiques-pour-trouver-de-lequilibre\/\" target=\"_blank\">billet du mois<\/a> du <a href=\"http:\/\/ietudiantscanada.ca\/\" target=\"_blank\">Centre \u00e9tudiant du BCEI<\/a> a \u00e9t\u00e9 \u00e9crit par l\u2019\u00e9tudiante fran\u00e7aise, Christiane Nathalie Geillon de l\u2019Universit\u00e9 de Montr\u00e9al qui partage quelques conseils pour arriver \u00e0 maintenir ce d\u00e9licat \u00e9quilibre.<\/p>\n<p>Le Centre \u00e9tudiant du BCEI publie des articles de nos membres pour les \u00e9tudiants internationaux qui s\u2019int\u00e9ressent au Canada et les Canadiens qui envisagent de poursuivre des \u00e9tudes \u00e0 l\u2019\u00e9tranger. Pour savoir comment \u00eatre publi\u00e9, communiquez avec <a href=\"mailto:krauh@cbie.ca\" target=\"_blank\">krauh@cbie.ca<\/a>.<\/p>\n<hr \/>\n<h2>Lancement du concours pour les Canadiens : Bourses des gouvernements \u00e9trangers \u2013 Cor\u00e9e<\/h2>\n<p><a href=\"http:\/\/www.scholarships-bourses.gc.ca\/scholarships-bourses\/can\/fga_korea-bge_coree.aspx?lang=fra&amp;utm_source=Scholarships&amp;utm_medium=NewsItemFR&amp;utm_content=FR&amp;utm_campaign=FGAKorea\" target=\"_blank\"><img decoding=\"async\" src=\"https:\/\/mp.cbie.ca\/public\/image_Korea.jpg\" alt=\"\" loading=\"lazy\" \/><\/a><\/p>\n<p>Le gouvernement de la R\u00e9publique de la Cor\u00e9e, par l\u2019entremise du <em><a href=\"http:\/\/www.studyinkorea.go.kr\/\" target=\"_blank\">National Institute for International Education Development (NIIED)<\/a><\/em> (anglais et cor\u00e9en seulement), a r\u00e9cemment lanc\u00e9 son concours de bourses pour les \u00e9tudiants et chercheurs canadiens. Un maximum de trois bourses seront offertes pour des \u00e9tudes ou des travaux de recherche de niveau ma\u00eetrise et doctorat dans les domaines suivants : \u00e9tudes cor\u00e9ennes, lettres et sciences humaines, sciences sociales, sciences naturelles, g\u00e9nie et autres. Les Bourses des gouvernements \u00e9trangers \u2013 Cor\u00e9e sont valides \u00e0 partir de septembre 2016.<\/p>\n<p>La date limite pour poser sa candidature est le 17 mars 2016. Veuillez consulter la page <a href=\"http:\/\/www.scholarships-bourses.gc.ca\/scholarships-bourses\/can\/fga_korea-bge_coree.aspx?lang=fra&amp;utm_source=Scholarships&amp;utm_medium=NewsItemFR&amp;utm_content=FR&amp;utm_campaign=FGAKorea\" target=\"_blank\">Bourse des gouvernements \u00e9trangers \u2013 Cor\u00e9e<\/a> pour tout savoir sur le programme et pour pr\u00e9senter une demande en ligne.<\/p>\n<hr \/>\n<h2>Nos 50 ans en images!<\/h2>\n<p><a href=\"http:\/\/timemapper.okfnlabs.org\/cbie_bcei\/50-ans\/#10\" target=\"_blank\"><img decoding=\"async\" src=\"https:\/\/mp.cbie.ca\/public\/timemapper_image_1978.jpg\" alt=\"\" loading=\"lazy\" \/><\/a><\/p>\n<p>Saviez-vous que le BCEI a g\u00e9r\u00e9 le programme de bourses de la Fondation Hairi de 1986 \u00e0 1989, ce qui a permis \u00e0 240 \u00e9tudiants de faire des \u00e9tudes coll\u00e9giales au Canada? Suivez nos moments marquants dans notre <a href=\"http:\/\/timemapper.okfnlabs.org\/cbie_bcei\/50-ans\/#10\" target=\"_blank\">frise chronologique<\/a>.<\/p>\n<hr \/>\n<h2>York World Scholars<\/h2>\n<p><a href=\"http:\/\/laps.yorku.ca\/york-world-scholars\/\" target=\"_blank\"><img decoding=\"async\" src=\"https:\/\/mp.cbie.ca\/public\/york_image1.jpg\" alt=\"\" loading=\"lazy\" \/><\/a><\/p>\n<p>L\u2019Universit\u00e9 York, r\u00e9put\u00e9e pour son innovation, invite les \u00e9tudiants internationaux \u00e0 <a href=\"http:\/\/laps.yorku.ca\/york-world-scholars\/\" target=\"_blank\">poser leur candidature au programme York World Scholars<\/a> (YWS). YWS est h\u00e9berg\u00e9 par la facult\u00e9 des arts lib\u00e9raux et \u00e9tudes professionnelles de York, qui propose une excellente diversit\u00e9 de programmes de premi\u00e8re classe en lettres et sciences humaines, langues et domaines professionnels. (en anglais seulement)<\/p>\n","protected":false},"excerpt":{"rendered":"<p>Mission de renforcement des capacit\u00e9s d\u2019anglais langue seconde au Vietnam : 29 f\u00e9vrier \u2013 5 mars 2016 Le BCEI m\u00e8nera une d\u00e9l\u00e9gation de 12 \u00e9tablissements canadiens d\u2019enseignement sup\u00e9rieur au Vietnam [&hellip;]<\/p>\n","protected":false},"author":2,"featured_media":18314,"comment_status":"closed","ping_status":"closed","sticky":false,"template":"","format":"standard","meta":{"_acf_changed":false,"footnotes":""},"categories":[68],"tags":[],"class_list":["post-19716","post","type-post","status-publish","format-standard","has-post-thumbnail","hentry","category-non-classifiee"],"acf":[],"yoast_head":"<!-- This site is optimized with the Yoast SEO plugin v27.5 - https:\/\/yoast.com\/product\/yoast-seo-wordpress\/ -->\n<title>E-Internationaliste mars 2016 - CBIE<\/title>\n<meta name=\"robots\" content=\"index, follow, max-snippet:-1, max-image-preview:large, max-video-preview:-1\" \/>\n<link rel=\"canonical\" href=\"https:\/\/cbie.ca\/fr\/e-internationaliste-mars-2016\/\" \/>\n<meta property=\"og:locale\" content=\"fr_FR\" \/>\n<meta property=\"og:type\" content=\"article\" \/>\n<meta property=\"og:title\" content=\"E-Internationaliste mars 2016 - CBIE\" \/>\n<meta property=\"og:description\" content=\"Mission de renforcement des capacit\u00e9s d\u2019anglais langue seconde au Vietnam : 29 f\u00e9vrier \u2013 5 mars 2016 Le BCEI m\u00e8nera une d\u00e9l\u00e9gation de 12 \u00e9tablissements canadiens d\u2019enseignement sup\u00e9rieur au Vietnam [&hellip;]\" \/>\n<meta property=\"og:url\" content=\"https:\/\/cbie.ca\/fr\/e-internationaliste-mars-2016\/\" \/>\n<meta property=\"og:site_name\" content=\"CBIE\" \/>\n<meta property=\"article:published_time\" content=\"2016-03-08T13:53:19+00:00\" \/>\n<meta property=\"article:modified_time\" content=\"2016-06-02T13:53:44+00:00\" \/>\n<meta property=\"og:image\" content=\"https:\/\/cbie.ca\/wp-content\/uploads\/2016\/05\/vietnam_photo.jpg\" \/>\n\t<meta property=\"og:image:width\" content=\"600\" \/>\n\t<meta property=\"og:image:height\" content=\"400\" \/>\n\t<meta property=\"og:image:type\" content=\"image\/jpeg\" \/>\n<meta name=\"author\" content=\"CBIE-BCEI\" \/>\n<meta name=\"twitter:card\" content=\"summary_large_image\" \/>\n<meta name=\"twitter:label1\" content=\"\u00c9crit par\" \/>\n\t<meta name=\"twitter:data1\" content=\"CBIE-BCEI\" \/>\n\t<meta name=\"twitter:label2\" content=\"Dur\u00e9e de lecture estim\u00e9e\" \/>\n\t<meta name=\"twitter:data2\" content=\"3 minutes\" \/>\n<script type=\"application\/ld+json\" class=\"yoast-schema-graph\">{\"@context\":\"https:\\\/\\\/schema.org\",\"@graph\":[{\"@type\":\"Article\",\"@id\":\"https:\\\/\\\/cbie.ca\\\/fr\\\/e-internationaliste-mars-2016\\\/#article\",\"isPartOf\":{\"@id\":\"https:\\\/\\\/cbie.ca\\\/fr\\\/e-internationaliste-mars-2016\\\/\"},\"author\":{\"name\":\"CBIE-BCEI\",\"@id\":\"https:\\\/\\\/cbie.ca\\\/#\\\/schema\\\/person\\\/cb3789156294f7d322bca9b07f192e1c\"},\"headline\":\"E-Internationaliste mars 2016\",\"datePublished\":\"2016-03-08T13:53:19+00:00\",\"dateModified\":\"2016-06-02T13:53:44+00:00\",\"mainEntityOfPage\":{\"@id\":\"https:\\\/\\\/cbie.ca\\\/fr\\\/e-internationaliste-mars-2016\\\/\"},\"wordCount\":572,\"image\":{\"@id\":\"https:\\\/\\\/cbie.ca\\\/fr\\\/e-internationaliste-mars-2016\\\/#primaryimage\"},\"thumbnailUrl\":\"https:\\\/\\\/cbie.ca\\\/wp-content\\\/uploads\\\/2016\\\/05\\\/vietnam_photo.jpg\",\"articleSection\":[\"Non classifi\u00e9(e)\"],\"inLanguage\":\"fr-FR\"},{\"@type\":\"WebPage\",\"@id\":\"https:\\\/\\\/cbie.ca\\\/fr\\\/e-internationaliste-mars-2016\\\/\",\"url\":\"https:\\\/\\\/cbie.ca\\\/fr\\\/e-internationaliste-mars-2016\\\/\",\"name\":\"E-Internationaliste mars 2016 - CBIE\",\"isPartOf\":{\"@id\":\"https:\\\/\\\/cbie.ca\\\/#website\"},\"primaryImageOfPage\":{\"@id\":\"https:\\\/\\\/cbie.ca\\\/fr\\\/e-internationaliste-mars-2016\\\/#primaryimage\"},\"image\":{\"@id\":\"https:\\\/\\\/cbie.ca\\\/fr\\\/e-internationaliste-mars-2016\\\/#primaryimage\"},\"thumbnailUrl\":\"https:\\\/\\\/cbie.ca\\\/wp-content\\\/uploads\\\/2016\\\/05\\\/vietnam_photo.jpg\",\"datePublished\":\"2016-03-08T13:53:19+00:00\",\"dateModified\":\"2016-06-02T13:53:44+00:00\",\"author\":{\"@id\":\"https:\\\/\\\/cbie.ca\\\/#\\\/schema\\\/person\\\/cb3789156294f7d322bca9b07f192e1c\"},\"breadcrumb\":{\"@id\":\"https:\\\/\\\/cbie.ca\\\/fr\\\/e-internationaliste-mars-2016\\\/#breadcrumb\"},\"inLanguage\":\"fr-FR\",\"potentialAction\":[{\"@type\":\"ReadAction\",\"target\":[\"https:\\\/\\\/cbie.ca\\\/fr\\\/e-internationaliste-mars-2016\\\/\"]}]},{\"@type\":\"ImageObject\",\"inLanguage\":\"fr-FR\",\"@id\":\"https:\\\/\\\/cbie.ca\\\/fr\\\/e-internationaliste-mars-2016\\\/#primaryimage\",\"url\":\"https:\\\/\\\/cbie.ca\\\/wp-content\\\/uploads\\\/2016\\\/05\\\/vietnam_photo.jpg\",\"contentUrl\":\"https:\\\/\\\/cbie.ca\\\/wp-content\\\/uploads\\\/2016\\\/05\\\/vietnam_photo.jpg\",\"width\":600,\"height\":400},{\"@type\":\"BreadcrumbList\",\"@id\":\"https:\\\/\\\/cbie.ca\\\/fr\\\/e-internationaliste-mars-2016\\\/#breadcrumb\",\"itemListElement\":[{\"@type\":\"ListItem\",\"position\":1,\"name\":\"Home\",\"item\":\"https:\\\/\\\/cbie.ca\\\/fr\\\/\"},{\"@type\":\"ListItem\",\"position\":2,\"name\":\"E-Internationaliste mars 2016\"}]},{\"@type\":\"WebSite\",\"@id\":\"https:\\\/\\\/cbie.ca\\\/#website\",\"url\":\"https:\\\/\\\/cbie.ca\\\/\",\"name\":\"Canadian Bureau for International Education\",\"description\":\"\",\"potentialAction\":[{\"@type\":\"SearchAction\",\"target\":{\"@type\":\"EntryPoint\",\"urlTemplate\":\"https:\\\/\\\/cbie.ca\\\/?s={search_term_string}\"},\"query-input\":{\"@type\":\"PropertyValueSpecification\",\"valueRequired\":true,\"valueName\":\"search_term_string\"}}],\"inLanguage\":\"fr-FR\"},{\"@type\":\"Person\",\"@id\":\"https:\\\/\\\/cbie.ca\\\/#\\\/schema\\\/person\\\/cb3789156294f7d322bca9b07f192e1c\",\"name\":\"CBIE-BCEI\",\"image\":{\"@type\":\"ImageObject\",\"inLanguage\":\"fr-FR\",\"@id\":\"https:\\\/\\\/secure.gravatar.com\\\/avatar\\\/d274f7550e676f39e6efa6dab362dac481e1572fbefce28e0a1d4904346afba8?s=96&d=mm&r=g\",\"url\":\"https:\\\/\\\/secure.gravatar.com\\\/avatar\\\/d274f7550e676f39e6efa6dab362dac481e1572fbefce28e0a1d4904346afba8?s=96&d=mm&r=g\",\"contentUrl\":\"https:\\\/\\\/secure.gravatar.com\\\/avatar\\\/d274f7550e676f39e6efa6dab362dac481e1572fbefce28e0a1d4904346afba8?s=96&d=mm&r=g\",\"caption\":\"CBIE-BCEI\"},\"url\":\"https:\\\/\\\/cbie.ca\\\/fr\\\/author\\\/cbie-2-2-2-2-2-2\\\/\"}]}<\/script>\n<!-- \/ Yoast SEO plugin. -->","yoast_head_json":{"title":"E-Internationaliste mars 2016 - CBIE","robots":{"index":"index","follow":"follow","max-snippet":"max-snippet:-1","max-image-preview":"max-image-preview:large","max-video-preview":"max-video-preview:-1"},"canonical":"https:\/\/cbie.ca\/fr\/e-internationaliste-mars-2016\/","og_locale":"fr_FR","og_type":"article","og_title":"E-Internationaliste mars 2016 - CBIE","og_description":"Mission de renforcement des capacit\u00e9s d\u2019anglais langue seconde au Vietnam : 29 f\u00e9vrier \u2013 5 mars 2016 Le BCEI m\u00e8nera une d\u00e9l\u00e9gation de 12 \u00e9tablissements canadiens d\u2019enseignement sup\u00e9rieur au Vietnam [&hellip;]","og_url":"https:\/\/cbie.ca\/fr\/e-internationaliste-mars-2016\/","og_site_name":"CBIE","article_published_time":"2016-03-08T13:53:19+00:00","article_modified_time":"2016-06-02T13:53:44+00:00","og_image":[{"width":600,"height":400,"url":"https:\/\/cbie.ca\/wp-content\/uploads\/2016\/05\/vietnam_photo.jpg","type":"image\/jpeg"}],"author":"CBIE-BCEI","twitter_card":"summary_large_image","twitter_misc":{"\u00c9crit par":"CBIE-BCEI","Dur\u00e9e de lecture estim\u00e9e":"3 minutes"},"schema":{"@context":"https:\/\/schema.org","@graph":[{"@type":"Article","@id":"https:\/\/cbie.ca\/fr\/e-internationaliste-mars-2016\/#article","isPartOf":{"@id":"https:\/\/cbie.ca\/fr\/e-internationaliste-mars-2016\/"},"author":{"name":"CBIE-BCEI","@id":"https:\/\/cbie.ca\/#\/schema\/person\/cb3789156294f7d322bca9b07f192e1c"},"headline":"E-Internationaliste mars 2016","datePublished":"2016-03-08T13:53:19+00:00","dateModified":"2016-06-02T13:53:44+00:00","mainEntityOfPage":{"@id":"https:\/\/cbie.ca\/fr\/e-internationaliste-mars-2016\/"},"wordCount":572,"image":{"@id":"https:\/\/cbie.ca\/fr\/e-internationaliste-mars-2016\/#primaryimage"},"thumbnailUrl":"https:\/\/cbie.ca\/wp-content\/uploads\/2016\/05\/vietnam_photo.jpg","articleSection":["Non classifi\u00e9(e)"],"inLanguage":"fr-FR"},{"@type":"WebPage","@id":"https:\/\/cbie.ca\/fr\/e-internationaliste-mars-2016\/","url":"https:\/\/cbie.ca\/fr\/e-internationaliste-mars-2016\/","name":"E-Internationaliste mars 2016 - CBIE","isPartOf":{"@id":"https:\/\/cbie.ca\/#website"},"primaryImageOfPage":{"@id":"https:\/\/cbie.ca\/fr\/e-internationaliste-mars-2016\/#primaryimage"},"image":{"@id":"https:\/\/cbie.ca\/fr\/e-internationaliste-mars-2016\/#primaryimage"},"thumbnailUrl":"https:\/\/cbie.ca\/wp-content\/uploads\/2016\/05\/vietnam_photo.jpg","datePublished":"2016-03-08T13:53:19+00:00","dateModified":"2016-06-02T13:53:44+00:00","author":{"@id":"https:\/\/cbie.ca\/#\/schema\/person\/cb3789156294f7d322bca9b07f192e1c"},"breadcrumb":{"@id":"https:\/\/cbie.ca\/fr\/e-internationaliste-mars-2016\/#breadcrumb"},"inLanguage":"fr-FR","potentialAction":[{"@type":"ReadAction","target":["https:\/\/cbie.ca\/fr\/e-internationaliste-mars-2016\/"]}]},{"@type":"ImageObject","inLanguage":"fr-FR","@id":"https:\/\/cbie.ca\/fr\/e-internationaliste-mars-2016\/#primaryimage","url":"https:\/\/cbie.ca\/wp-content\/uploads\/2016\/05\/vietnam_photo.jpg","contentUrl":"https:\/\/cbie.ca\/wp-content\/uploads\/2016\/05\/vietnam_photo.jpg","width":600,"height":400},{"@type":"BreadcrumbList","@id":"https:\/\/cbie.ca\/fr\/e-internationaliste-mars-2016\/#breadcrumb","itemListElement":[{"@type":"ListItem","position":1,"name":"Home","item":"https:\/\/cbie.ca\/fr\/"},{"@type":"ListItem","position":2,"name":"E-Internationaliste mars 2016"}]},{"@type":"WebSite","@id":"https:\/\/cbie.ca\/#website","url":"https:\/\/cbie.ca\/","name":"Canadian Bureau for International Education","description":"","potentialAction":[{"@type":"SearchAction","target":{"@type":"EntryPoint","urlTemplate":"https:\/\/cbie.ca\/?s={search_term_string}"},"query-input":{"@type":"PropertyValueSpecification","valueRequired":true,"valueName":"search_term_string"}}],"inLanguage":"fr-FR"},{"@type":"Person","@id":"https:\/\/cbie.ca\/#\/schema\/person\/cb3789156294f7d322bca9b07f192e1c","name":"CBIE-BCEI","image":{"@type":"ImageObject","inLanguage":"fr-FR","@id":"https:\/\/secure.gravatar.com\/avatar\/d274f7550e676f39e6efa6dab362dac481e1572fbefce28e0a1d4904346afba8?s=96&d=mm&r=g","url":"https:\/\/secure.gravatar.com\/avatar\/d274f7550e676f39e6efa6dab362dac481e1572fbefce28e0a1d4904346afba8?s=96&d=mm&r=g","contentUrl":"https:\/\/secure.gravatar.com\/avatar\/d274f7550e676f39e6efa6dab362dac481e1572fbefce28e0a1d4904346afba8?s=96&d=mm&r=g","caption":"CBIE-BCEI"},"url":"https:\/\/cbie.ca\/fr\/author\/cbie-2-2-2-2-2-2\/"}]}},"_links":{"self":[{"href":"https:\/\/cbie.ca\/fr\/wp-json\/wp\/v2\/posts\/19716","targetHints":{"allow":["GET"]}}],"collection":[{"href":"https:\/\/cbie.ca\/fr\/wp-json\/wp\/v2\/posts"}],"about":[{"href":"https:\/\/cbie.ca\/fr\/wp-json\/wp\/v2\/types\/post"}],"author":[{"embeddable":true,"href":"https:\/\/cbie.ca\/fr\/wp-json\/wp\/v2\/users\/2"}],"replies":[{"embeddable":true,"href":"https:\/\/cbie.ca\/fr\/wp-json\/wp\/v2\/comments?post=19716"}],"version-history":[{"count":0,"href":"https:\/\/cbie.ca\/fr\/wp-json\/wp\/v2\/posts\/19716\/revisions"}],"wp:featuredmedia":[{"embeddable":true,"href":"https:\/\/cbie.ca\/fr\/wp-json\/wp\/v2\/media\/18314"}],"wp:attachment":[{"href":"https:\/\/cbie.ca\/fr\/wp-json\/wp\/v2\/media?parent=19716"}],"wp:term":[{"taxonomy":"category","embeddable":true,"href":"https:\/\/cbie.ca\/fr\/wp-json\/wp\/v2\/categories?post=19716"},{"taxonomy":"post_tag","embeddable":true,"href":"https:\/\/cbie.ca\/fr\/wp-json\/wp\/v2\/tags?post=19716"}],"curies":[{"name":"wp","href":"https:\/\/api.w.org\/{rel}","templated":true}]}}