{"id":19701,"date":"2016-04-04T13:29:43","date_gmt":"2016-04-04T13:29:43","guid":{"rendered":"http:\/\/198.12.153.159\/~cbie\/?p=19701&#038;lang=fr"},"modified":"2016-06-02T14:01:42","modified_gmt":"2016-06-02T14:01:42","slug":"avril-2016","status":"publish","type":"post","link":"https:\/\/cbie.ca\/fr\/avril-2016\/","title":{"rendered":"E-Internationaliste avril 2016"},"content":{"rendered":"<h2><strong>Anniversaire d\u2019or du BCEI<\/strong><\/h2>\n<p><a href=\"https:\/\/www.youtube.com\/watch?v=Uc-eW2shE2c\" target=\"_blank\"><img decoding=\"async\" src=\"https:\/\/mp.cbie.ca\/public\/video-f.jpg\" alt=\"\" loading=\"lazy\" \/><\/a><\/p>\n<p>Le gouverneur g\u00e9n\u00e9ral, pr\u00e9sident d\u2019honneur du Bureau canadien de l\u2019\u00e9ducation internationale, le tr\u00e8s honorable David Johnston, t\u00e9moigne de la vision mondiale et de la formule de r\u00e9ussite du BCEI. <a href=\"https:\/\/www.youtube.com\/watch?v=Uc-eW2shE2c\" target=\"_blank\">\u00c9coutez-le<\/a>!<\/p>\n<hr \/>\n<h2><strong>Congr\u00e8s du 50<sup>e<\/sup> anniversaire et demande de propositions!<\/strong><\/h2>\n<p><a href=\"https:\/\/cbie.ca\/fr\/evenements\/congres-annuel-2016\/\" target=\"_blank\"><img decoding=\"async\" src=\"https:\/\/mp.cbie.ca\/public\/header-f1.jpg\" alt=\"\" loading=\"lazy\" \/><\/a><br \/>\n\u00c0 vos calendriers! Le congr\u00e8s du 50<sup>e<\/sup> anniversaire du BCEI,<em> L\u2019internationalisation pour tous<\/em>, aura lieu du 13\u00a0au 16 novembre 2016 au Westin d\u2019Ottawa. Tous les d\u00e9tails seront affich\u00e9s sur le <a href=\"https:\/\/cbie.ca\/fr\/evenements\/congres-annuel-2016\/\" target=\"_blank\">site du BCEI<\/a>. Nous acceptons toujours des propositions pour les s\u00e9ances simultan\u00e9es. Date limite de soumission\u00a0: le 15 avril 2016.<\/p>\n<hr \/>\n<h2><strong>Colloques r\u00e9gionaux<\/strong><\/h2>\n<p><a href=\"http:\/\/www.cbie-bcei.ca\/fr\/evenements\/reunions-des-chapitres-regionaux\/\" target=\"_blank\"><img decoding=\"async\" src=\"https:\/\/mp.cbie.ca\/public\/Regional-e4.jpg\" alt=\"\" loading=\"lazy\" \/><\/a><br \/>\nLes colloques r\u00e9gionaux de 2016 sont en cours! Tous les d\u00e9tails se trouvent sur <a href=\"http:\/\/www.cbie-bcei.ca\/fr\/evenements\/reunions-des-chapitres-regionaux\/\" target=\"_blank\">notre site<\/a>\u00a0:<\/p>\n<ul>\n<li>Qu\u00e9bec\u00a0: <strong>2-3 mai 2016<\/strong>, Laval, QC (Coll\u00e8ge Montmorency)<\/li>\n<li>Atlantique\u00a0: <strong>25 mai 2016<\/strong>, Fredericton, N.-B. (University of New Brunswick)<\/li>\n<li>Ontario\u00a0:<strong> 16-17 mai 2016<\/strong>, Oshawa Ontario (Durham College et institut de technologie de la University of Ontario)<\/li>\n<li>Ouest\u00a0:\u00a0<strong>23-24 juin 2016<\/strong> Regina, SK (University of Regina, University of Saskatchewan et Saskatchewan Polytechnic)<\/li>\n<\/ul>\n<p>Pour la premi\u00e8re fois cette ann\u00e9e, le colloque r\u00e9gional du Qu\u00e9bec du BCEI se tiendra dans un c\u00e9gep. Les 2 et 3 mai prochains, une centaine de membres en provenance d\u2019\u00e9tablissements d\u2019enseignement sup\u00e9rieur de toutes les r\u00e9gions de la province se r\u00e9uniront au Coll\u00e8ge Montmorency \u00e0 Laval pour \u00e9changer autour du th\u00e8me Collaboration locale, action mondiale.<\/p>\n<p><em>\u00abNous sommes tr\u00e8s heureux d\u2019accueillir nos partenaires du Qu\u00e9bec pour ce rendez-vous annuel tr\u00e8s attendu, souligne le directeur g\u00e9n\u00e9ral du Coll\u00e8ge Montmorency, monsieur Herv\u00e9 Pilon. Les \u00e9changes sur nos exp\u00e9riences et sur nos r\u00e9alisations respectives nous permettent de d\u00e9couvrir les meilleures pratiques en mati\u00e8re d\u2019internationalisation des activit\u00e9s \u00e9ducatives et de nous en inspirer. C\u2019est d\u2019ailleurs ce qu\u2019\u00e9voque le th\u00e8me retenu pour cette \u00e9dition. C\u2019est en unissant nos forces et nos expertises au sein d\u2019une m\u00eame organisation, entre partenaires socio\u00e9conomiques d\u2019une r\u00e9gion ou entre c\u00e9geps et universit\u00e9s que la port\u00e9e de nos actions \u00e0 l\u2019international sera d\u00e9cupl\u00e9e. \u00bb<\/em><\/p>\n<p>Cet \u00e9v\u00e9nement est organis\u00e9 en collaboration avec la F\u00e9d\u00e9ration des c\u00e9geps, l\u2019Universit\u00e9 Concordia, l\u2019Universit\u00e9 du Qu\u00e9bec \u00e0 Montr\u00e9al, l\u2019Universit\u00e9 du Qu\u00e9bec \u00e0 Trois-Rivi\u00e8res et l\u2019Universit\u00e9 Laval.\u00a0 Les inscriptions seront en cours \u00e0 compter du 4 avril 2016.<\/p>\n<hr \/>\n<h2><strong>Bourses de recherche postdoctorales \u00e0 la facult\u00e9 de droit de l\u2019Universit\u00e9 McGill<\/strong><\/h2>\n<p><a href=\"https:\/\/www.mcgill.ca\/humanrights\/mcgill-centre-human-rights-legal-pluralism\" target=\"_blank\"><img decoding=\"async\" src=\"https:\/\/mp.cbie.ca\/public\/McGill1.jpg\" alt=\"\" loading=\"lazy\" \/><\/a><br \/>\nLe Centre sur les droits de la personne et le pluralisme juridique de la facult\u00e9 de droit de l\u2019Universit\u00e9 McGill se r\u00e9jouit de pouvoir offrir deux <a href=\"https:\/\/www.mcgill.ca\/humanrights\/mcgill-centre-human-rights-legal-pluralism\">bourses de recherches de niveau postdoctoral<\/a> \u00e0 compter de l\u2019ann\u00e9e scolaire 2016-2017. Ces bourses auront une premi\u00e8re dur\u00e9e d\u2019un an avec possibilit\u00e9 de renouvellement pour une ann\u00e9e suppl\u00e9mentaire.<\/p>\n<hr \/>\n<h2><strong>Avantages de l\u2019adh\u00e9sion au BCEI<\/strong><\/h2>\n<p><a href=\"https:\/\/cbie.ca\/fr\/membres\/ce-que-le-bcei-propose-a-ses-membres\/\" target=\"_blank\"><img decoding=\"async\" class=\"aligncenter\" src=\"https:\/\/mp.cbie.ca\/public\/Member-f1.png\" alt=\"\" loading=\"lazy\" \/><\/a>\u00cates-vous membre du BCEI? Saviez-vous que vous b\u00e9n\u00e9ficiez d\u2019un tarif r\u00e9duit \u00e0 tous les webinaires du BCEI? Consultez notre s\u00e9lection d\u2019avril sur le recrutement international! Cliquez <a href=\"https:\/\/cbie.ca\/fr\/membres\/ce-que-le-bcei-propose-a-ses-membres\/\" target=\"_blank\">ici<\/a> pour en savoir plus ou posez vos questions sur l\u2019adh\u00e9sion \u00e0 notre responsable des services aux membres, <a href=\"mailto:saleryani@cbie.ca\" target=\"_blank\">Shereen Aleryani<\/a>.<\/p>\n<hr \/>\n<h2><strong>Bourses de recherche de Bodleian Libraries<\/strong><\/h2>\n<p><a href=\"http:\/\/www.bodleian.ox.ac.uk\/subjects-and-libraries\/collections\" target=\"_blank\"><img loading=\"lazy\" decoding=\"async\" class=\"alignleft\" src=\"https:\/\/mp.cbie.ca\/public\/Bodleian2.jpg\" alt=\"\" width=\"300\" height=\"65\" \/><\/a>Pour la quatri\u00e8me fois, en 2016-2017, la Fondation de la Banque royale du Canada permettra aux Bodleian Libraries d\u2019octroyer des <a href=\"http:\/\/www.bodleian.ox.ac.uk\/subjects-and-libraries\/collections\" target=\"_blank\">bourses de recherche<\/a> pour aider les chercheurs de niveau deuxi\u00e8me cycle et plus. Les boursiers b\u00e9n\u00e9ficieront des recherches des collections sp\u00e9ciales des Bodleian Libraries pendant leur semestre \u00e0 l\u2019\u00e9tranger \u00e0 la University of Oxford.<\/p>\n<hr \/>\n<h2><strong>50 ans d\u00e9j\u00e0!<\/strong><\/h2>\n<p><img decoding=\"async\" src=\"https:\/\/mp.cbie.ca\/public\/502.jpg\" alt=\"\" loading=\"lazy\" \/><\/p>\n<p>Saviez-vous qu\u2019en 1988, le BCEI a fait le premier sondage national du Canada sur la satisfaction des \u00e9tudiants internationaux? Ce sondage a entra\u00een\u00e9 de grandes am\u00e9liorations des perspectives d\u2019emploi des \u00e9tudiants internationaux et a am\u00e9lior\u00e9 les services sur les campus et du gouvernement.<\/p>\n<hr \/>\n<h2><strong>Vous participez au recrutement des \u00e9tudiants internationaux? Nos webinaires d\u2019avril sont pour vous! (en anglais seulement)<\/strong><\/h2>\n<p><strong><a href=\"https:\/\/attendee.gotowebinar.com\/register\/1905769584209213188\" target=\"_blank\">Rethinking Recruitment and Agent Engagement (Focus on Eastern Canada)<\/a><\/strong><\/p>\n<p>Dans \u00ab\u00a0Rethinking Recruitment and Agent Engagement\u00a0\u00bb nous pr\u00e9senterons les principales strat\u00e9gies possibles pour accro\u00eetre votre notori\u00e9t\u00e9 et faire en sorte que les interactions des \u00e9tudiants avec votre marque soient positives.<\/p>\n<p><strong>Animatrice\u00a0: <\/strong>Caroline L\u00e9vesque, responsable du d\u00e9veloppement des affaires, ICEF Canada<br \/>\n<strong>Date\u00a0:<\/strong> 15 avril 2016<br \/>\n<strong>Heure\u00a0:<\/strong> 13\u00a0h \u2013 14\u00a0h (heure de l\u2019Est)<br \/>\n<strong>Frais\u00a0: <\/strong>110\u00a0$ (membres), 155\u00a0$ (non-membres)<\/p>\n<p><strong><a href=\"https:\/\/attendee.gotowebinar.com\/register\/8058924725289995524\" target=\"_blank\">Rethinking Recruitment and Agent Engagement (Focus on Western and Northern Canada)<\/a><\/strong><\/p>\n<p><strong>Animatrice\u00a0: <\/strong>Sarah Mines, directrice des ventes, ICEF Canada<br \/>\n<strong>Date\u00a0:<\/strong> 22 avril 2016<br \/>\n<strong>Heure\u00a0:<\/strong> 13 h \u2013 14 h (heure de l\u2019Est)<br \/>\n<strong>Frais : <\/strong>110\u00a0$ (membres), 155\u00a0$ (non-membres)<\/p>\n<p><strong><a href=\"https:\/\/attendee.gotowebinar.com\/register\/3446311818560781828\" target=\"_blank\">How Digital Marketing can Help You Reach and Recruit More International Students<\/a><\/strong><\/p>\n<p>Le marketing num\u00e9rique donne aux \u00e9tablissements canadiens d\u2019enseignement une fa\u00e7on id\u00e9ale et rentable de dynamiser leur pr\u00e9sence sur les march\u00e9s internationaux. Les tactiques num\u00e9riques sont cibl\u00e9es, mesurables et personnalisables aux objectifs de recrutement de chaque \u00e9cole.<\/p>\n<p><strong>Animateur\u00a0: <\/strong>Philippe Taza, PDG, Higher Education Marketing<br \/>\n<strong>Date\u00a0:<\/strong> 29 avril 2016<br \/>\n<strong>Heure\u00a0:<\/strong> 13 h 30 \u2013 14 h 30<br \/>\n<strong>Frais\u00a0: 110\u00a0$ (membres), 155 $ (non-membres) <\/strong><strong>\u00ad\u00ad\u00ad\u00ad\u00ad\u00ad<\/strong><\/p>\n<hr \/>\n<h2><strong>Demande de d\u00e9clarations d\u2019int\u00e9r\u00eat envers la publication d\u2019\u00e9tudes de cas dans \u00ab\u00a0Un monde \u00e0 apprendre 2016\u00a0\u00bb<\/strong><\/h2>\n<p><a href=\"http:\/\/www.cbie-bcei.ca\/fr\/news\/demande-de-declarations-dinteret-envers-la-publication-detudes-de-cas-dans-un-monde-a-apprendre-2016\/\" target=\"_blank\"><img decoding=\"async\" src=\"https:\/\/mp.cbie.ca\/public\/Abroad1.jpg\" alt=\"\" loading=\"lazy\" \/><\/a><\/p>\n<p>Le BCEI invite ses membres \u2013 \u00e9coles de tous les niveaux, commissions et conseils scolaires, coll\u00e8ges, c\u00e9geps, \u00e9coles polytechniques, universit\u00e9s, \u00e9coles de langue \u2013 \u00e0 indiquer leur volont\u00e9 de fournir une \u00e9tude de cas pour \u00ab Un monde \u00e0 apprendre\u00a0: R\u00e9sultats et potentiel du Canada en mati\u00e8re d\u2019\u00e9ducation internationale 2016 \u00bb. Ce rapport annuel favorise notre compr\u00e9hension collective des grands enjeux des initiatives d\u2019\u00e9ducation internationale au Canada. Le rapport de cette ann\u00e9e\u00a0 met l\u2019accent sur les \u00e9tudes \u00e0 l\u2019\u00e9tranger.<\/p>\n<div>\n<p>Nous cherchons des \u00e9tudes de cas qui pr\u00e9sentent des programmes, politiques, strat\u00e9gies ou bien des m\u00e9thodes novatrices \u00e0 propos des <a href=\"https:\/\/cbie.ca\/fr\/lexique-du-canada-sur-les-etudes-a-letranger\/\">\u00e9tudes a l\u2019\u00e9tranger<\/a>. <a href=\"http:\/\/www.cbie-bcei.ca\/fr\/news\/demande-de-declarations-dinteret-envers-la-publication-detudes-de-cas-dans-un-monde-a-apprendre-2016\/\" target=\"_blank\">Cliquez ici pour de plus amples renseignements<\/a>.<\/p>\n<hr \/>\n<h2><strong>LE BLOGUE \u00c9TUDIANT\u00a0: <a href=\"http:\/\/ietudiantscanada.ca\/la-vie-etudiante-au-canada-es-tu-pret\/\" target=\"_blank\">La vie \u00e9tudiante au Canada. Es-tu pr\u00eat?<\/a><\/strong><\/h2>\n<\/div>\n<p><a href=\"http:\/\/ietudiantscanada.ca\/la-vie-etudiante-au-canada-es-tu-pret\/\" target=\"_blank\"><img decoding=\"async\" src=\"https:\/\/mp.cbie.ca\/public\/Blog1.jpg\" alt=\"\" loading=\"lazy\" \/><\/a><\/p>\n<p>Le <a href=\"http:\/\/ietudiantscanada.ca\/\" target=\"_blank\">blogue \u00e9tudiant<\/a> vedette de ce mois est une ressource tr\u00e8s utile pour les \u00e9tudiants qui se pr\u00e9parent \u00e0 leur arriv\u00e9e au Canada. L\u2019<a href=\"http:\/\/ietudiantscanada.ca\/la-vie-etudiante-au-canada-es-tu-pret\/\" target=\"_blank\">aide-m\u00e9moire avant le d\u00e9part<\/a> pr\u00e9sente les \u00e9tapes importantes \u00e0 faire avant de partir (trouver et demander l\u2019admission aux programmes scolaires, les permis, visas, voyages, h\u00e9bergement sur le campus et d\u2019autres conseils utiles, etc.) pour se pr\u00e9parer \u00e0 r\u00e9ussir!<\/p>\n<div>\n<p>Le blogue \u00e9tudiant du BCEI publie des articles de nos membres pour les \u00e9tudiants internationaux qui s\u2019int\u00e9ressent au Canada et les Canadiens qui envisagent de poursuivre des \u00e9tudes \u00e0 l\u2019\u00e9tranger. Pour savoir comment \u00eatre publi\u00e9, communiquez avec <a href=\"mailto:krauh@cbie.ca\" target=\"_blank\">krauh@cbie.ca<\/a>.<\/p>\n<\/div>\n<hr \/>\n<h2><strong>Rejoignez-nous \u00e0 NAFSA 2016<\/strong><\/h2>\n<p><a href=\"https:\/\/www.nafsa.org\/Attend_Events\/Annual_Conference\/Registration\/\" target=\"_blank\"><img decoding=\"async\" src=\"https:\/\/mp.cbie.ca\/public\/NAFSA1.jpg\" alt=\"\" loading=\"lazy\" \/><\/a><br \/>\n29 mai \u2013 3 juin, 2016<br \/>\nDenver, CO \u2013 Colorado Convention Center<br \/>\nDate limite de\u00a0<a href=\"https:\/\/www.nafsa.org\/Attend_Events\/Annual_Conference\/Registration\/\" target=\"_blank\">pr\u00e9inscription<\/a> : 15 avril 2016<\/p>\n<hr \/>\n<h2><strong>Soyez de la f\u00eate sur Instagram!<\/strong><\/h2>\n<p><a href=\"https:\/\/www.instagram.com\/cbiebcei\/\" target=\"_blank\"><img loading=\"lazy\" decoding=\"async\" class=\"alignleft\" src=\"https:\/\/mp.cbie.ca\/public\/50-insta1.jpg\" alt=\"\" width=\"50\" height=\"50\" \/><\/a>Le BCEI est maintenant sur Instagram! Suivez-nous \u00e0 <a href=\"https:\/\/www.instagram.com\/cbiebcei\/\">CBIEBCEI<\/a>.<\/p>\n","protected":false},"excerpt":{"rendered":"<p>Anniversaire d\u2019or du BCEI Le gouverneur g\u00e9n\u00e9ral, pr\u00e9sident d\u2019honneur du Bureau canadien de l\u2019\u00e9ducation internationale, le tr\u00e8s honorable David Johnston, t\u00e9moigne de la vision mondiale et de la formule de [&hellip;]<\/p>\n","protected":false},"author":2,"featured_media":16418,"comment_status":"closed","ping_status":"closed","sticky":false,"template":"","format":"standard","meta":{"_acf_changed":false,"footnotes":""},"categories":[68],"tags":[],"class_list":["post-19701","post","type-post","status-publish","format-standard","has-post-thumbnail","hentry","category-non-classifiee"],"acf":[],"yoast_head":"<!-- This site is optimized with the Yoast SEO plugin v27.5 - https:\/\/yoast.com\/product\/yoast-seo-wordpress\/ -->\n<title>E-Internationaliste avril 2016 - CBIE<\/title>\n<meta name=\"robots\" content=\"index, follow, max-snippet:-1, max-image-preview:large, max-video-preview:-1\" \/>\n<link rel=\"canonical\" href=\"https:\/\/cbie.ca\/fr\/avril-2016\/\" \/>\n<meta property=\"og:locale\" content=\"fr_FR\" \/>\n<meta property=\"og:type\" content=\"article\" \/>\n<meta property=\"og:title\" content=\"E-Internationaliste avril 2016 - CBIE\" \/>\n<meta property=\"og:description\" content=\"Anniversaire d\u2019or du BCEI Le gouverneur g\u00e9n\u00e9ral, pr\u00e9sident d\u2019honneur du Bureau canadien de l\u2019\u00e9ducation internationale, le tr\u00e8s honorable David Johnston, t\u00e9moigne de la vision mondiale et de la formule de [&hellip;]\" \/>\n<meta property=\"og:url\" content=\"https:\/\/cbie.ca\/fr\/avril-2016\/\" \/>\n<meta property=\"og:site_name\" content=\"CBIE\" \/>\n<meta property=\"article:published_time\" content=\"2016-04-04T13:29:43+00:00\" \/>\n<meta property=\"article:modified_time\" content=\"2016-06-02T14:01:42+00:00\" \/>\n<meta property=\"og:image\" content=\"https:\/\/cbie.ca\/wp-content\/uploads\/2016\/04\/nations-capital.jpg\" \/>\n\t<meta property=\"og:image:width\" content=\"1500\" \/>\n\t<meta property=\"og:image:height\" content=\"938\" \/>\n\t<meta property=\"og:image:type\" content=\"image\/jpeg\" \/>\n<meta name=\"author\" content=\"CBIE-BCEI\" \/>\n<meta name=\"twitter:card\" content=\"summary_large_image\" \/>\n<meta name=\"twitter:label1\" content=\"\u00c9crit par\" \/>\n\t<meta name=\"twitter:data1\" content=\"CBIE-BCEI\" \/>\n\t<meta name=\"twitter:label2\" content=\"Dur\u00e9e de lecture estim\u00e9e\" \/>\n\t<meta name=\"twitter:data2\" content=\"6 minutes\" \/>\n<script type=\"application\/ld+json\" class=\"yoast-schema-graph\">{\"@context\":\"https:\\\/\\\/schema.org\",\"@graph\":[{\"@type\":\"Article\",\"@id\":\"https:\\\/\\\/cbie.ca\\\/fr\\\/avril-2016\\\/#article\",\"isPartOf\":{\"@id\":\"https:\\\/\\\/cbie.ca\\\/fr\\\/avril-2016\\\/\"},\"author\":{\"name\":\"CBIE-BCEI\",\"@id\":\"https:\\\/\\\/cbie.ca\\\/#\\\/schema\\\/person\\\/cb3789156294f7d322bca9b07f192e1c\"},\"headline\":\"E-Internationaliste avril 2016\",\"datePublished\":\"2016-04-04T13:29:43+00:00\",\"dateModified\":\"2016-06-02T14:01:42+00:00\",\"mainEntityOfPage\":{\"@id\":\"https:\\\/\\\/cbie.ca\\\/fr\\\/avril-2016\\\/\"},\"wordCount\":1128,\"image\":{\"@id\":\"https:\\\/\\\/cbie.ca\\\/fr\\\/avril-2016\\\/#primaryimage\"},\"thumbnailUrl\":\"https:\\\/\\\/cbie.ca\\\/wp-content\\\/uploads\\\/2016\\\/04\\\/nations-capital.jpg\",\"articleSection\":[\"Non classifi\u00e9(e)\"],\"inLanguage\":\"fr-FR\"},{\"@type\":\"WebPage\",\"@id\":\"https:\\\/\\\/cbie.ca\\\/fr\\\/avril-2016\\\/\",\"url\":\"https:\\\/\\\/cbie.ca\\\/fr\\\/avril-2016\\\/\",\"name\":\"E-Internationaliste avril 2016 - CBIE\",\"isPartOf\":{\"@id\":\"https:\\\/\\\/cbie.ca\\\/#website\"},\"primaryImageOfPage\":{\"@id\":\"https:\\\/\\\/cbie.ca\\\/fr\\\/avril-2016\\\/#primaryimage\"},\"image\":{\"@id\":\"https:\\\/\\\/cbie.ca\\\/fr\\\/avril-2016\\\/#primaryimage\"},\"thumbnailUrl\":\"https:\\\/\\\/cbie.ca\\\/wp-content\\\/uploads\\\/2016\\\/04\\\/nations-capital.jpg\",\"datePublished\":\"2016-04-04T13:29:43+00:00\",\"dateModified\":\"2016-06-02T14:01:42+00:00\",\"author\":{\"@id\":\"https:\\\/\\\/cbie.ca\\\/#\\\/schema\\\/person\\\/cb3789156294f7d322bca9b07f192e1c\"},\"breadcrumb\":{\"@id\":\"https:\\\/\\\/cbie.ca\\\/fr\\\/avril-2016\\\/#breadcrumb\"},\"inLanguage\":\"fr-FR\",\"potentialAction\":[{\"@type\":\"ReadAction\",\"target\":[\"https:\\\/\\\/cbie.ca\\\/fr\\\/avril-2016\\\/\"]}]},{\"@type\":\"ImageObject\",\"inLanguage\":\"fr-FR\",\"@id\":\"https:\\\/\\\/cbie.ca\\\/fr\\\/avril-2016\\\/#primaryimage\",\"url\":\"https:\\\/\\\/cbie.ca\\\/wp-content\\\/uploads\\\/2016\\\/04\\\/nations-capital.jpg\",\"contentUrl\":\"https:\\\/\\\/cbie.ca\\\/wp-content\\\/uploads\\\/2016\\\/04\\\/nations-capital.jpg\",\"width\":1500,\"height\":938},{\"@type\":\"BreadcrumbList\",\"@id\":\"https:\\\/\\\/cbie.ca\\\/fr\\\/avril-2016\\\/#breadcrumb\",\"itemListElement\":[{\"@type\":\"ListItem\",\"position\":1,\"name\":\"Home\",\"item\":\"https:\\\/\\\/cbie.ca\\\/fr\\\/\"},{\"@type\":\"ListItem\",\"position\":2,\"name\":\"E-Internationaliste avril 2016\"}]},{\"@type\":\"WebSite\",\"@id\":\"https:\\\/\\\/cbie.ca\\\/#website\",\"url\":\"https:\\\/\\\/cbie.ca\\\/\",\"name\":\"Canadian Bureau for International Education\",\"description\":\"\",\"potentialAction\":[{\"@type\":\"SearchAction\",\"target\":{\"@type\":\"EntryPoint\",\"urlTemplate\":\"https:\\\/\\\/cbie.ca\\\/?s={search_term_string}\"},\"query-input\":{\"@type\":\"PropertyValueSpecification\",\"valueRequired\":true,\"valueName\":\"search_term_string\"}}],\"inLanguage\":\"fr-FR\"},{\"@type\":\"Person\",\"@id\":\"https:\\\/\\\/cbie.ca\\\/#\\\/schema\\\/person\\\/cb3789156294f7d322bca9b07f192e1c\",\"name\":\"CBIE-BCEI\",\"image\":{\"@type\":\"ImageObject\",\"inLanguage\":\"fr-FR\",\"@id\":\"https:\\\/\\\/secure.gravatar.com\\\/avatar\\\/d274f7550e676f39e6efa6dab362dac481e1572fbefce28e0a1d4904346afba8?s=96&d=mm&r=g\",\"url\":\"https:\\\/\\\/secure.gravatar.com\\\/avatar\\\/d274f7550e676f39e6efa6dab362dac481e1572fbefce28e0a1d4904346afba8?s=96&d=mm&r=g\",\"contentUrl\":\"https:\\\/\\\/secure.gravatar.com\\\/avatar\\\/d274f7550e676f39e6efa6dab362dac481e1572fbefce28e0a1d4904346afba8?s=96&d=mm&r=g\",\"caption\":\"CBIE-BCEI\"},\"url\":\"https:\\\/\\\/cbie.ca\\\/fr\\\/author\\\/cbie-2-2-2-2-2-2\\\/\"}]}<\/script>\n<!-- \/ Yoast SEO plugin. -->","yoast_head_json":{"title":"E-Internationaliste avril 2016 - CBIE","robots":{"index":"index","follow":"follow","max-snippet":"max-snippet:-1","max-image-preview":"max-image-preview:large","max-video-preview":"max-video-preview:-1"},"canonical":"https:\/\/cbie.ca\/fr\/avril-2016\/","og_locale":"fr_FR","og_type":"article","og_title":"E-Internationaliste avril 2016 - CBIE","og_description":"Anniversaire d\u2019or du BCEI Le gouverneur g\u00e9n\u00e9ral, pr\u00e9sident d\u2019honneur du Bureau canadien de l\u2019\u00e9ducation internationale, le tr\u00e8s honorable David Johnston, t\u00e9moigne de la vision mondiale et de la formule de [&hellip;]","og_url":"https:\/\/cbie.ca\/fr\/avril-2016\/","og_site_name":"CBIE","article_published_time":"2016-04-04T13:29:43+00:00","article_modified_time":"2016-06-02T14:01:42+00:00","og_image":[{"width":1500,"height":938,"url":"https:\/\/cbie.ca\/wp-content\/uploads\/2016\/04\/nations-capital.jpg","type":"image\/jpeg"}],"author":"CBIE-BCEI","twitter_card":"summary_large_image","twitter_misc":{"\u00c9crit par":"CBIE-BCEI","Dur\u00e9e de lecture estim\u00e9e":"6 minutes"},"schema":{"@context":"https:\/\/schema.org","@graph":[{"@type":"Article","@id":"https:\/\/cbie.ca\/fr\/avril-2016\/#article","isPartOf":{"@id":"https:\/\/cbie.ca\/fr\/avril-2016\/"},"author":{"name":"CBIE-BCEI","@id":"https:\/\/cbie.ca\/#\/schema\/person\/cb3789156294f7d322bca9b07f192e1c"},"headline":"E-Internationaliste avril 2016","datePublished":"2016-04-04T13:29:43+00:00","dateModified":"2016-06-02T14:01:42+00:00","mainEntityOfPage":{"@id":"https:\/\/cbie.ca\/fr\/avril-2016\/"},"wordCount":1128,"image":{"@id":"https:\/\/cbie.ca\/fr\/avril-2016\/#primaryimage"},"thumbnailUrl":"https:\/\/cbie.ca\/wp-content\/uploads\/2016\/04\/nations-capital.jpg","articleSection":["Non classifi\u00e9(e)"],"inLanguage":"fr-FR"},{"@type":"WebPage","@id":"https:\/\/cbie.ca\/fr\/avril-2016\/","url":"https:\/\/cbie.ca\/fr\/avril-2016\/","name":"E-Internationaliste avril 2016 - CBIE","isPartOf":{"@id":"https:\/\/cbie.ca\/#website"},"primaryImageOfPage":{"@id":"https:\/\/cbie.ca\/fr\/avril-2016\/#primaryimage"},"image":{"@id":"https:\/\/cbie.ca\/fr\/avril-2016\/#primaryimage"},"thumbnailUrl":"https:\/\/cbie.ca\/wp-content\/uploads\/2016\/04\/nations-capital.jpg","datePublished":"2016-04-04T13:29:43+00:00","dateModified":"2016-06-02T14:01:42+00:00","author":{"@id":"https:\/\/cbie.ca\/#\/schema\/person\/cb3789156294f7d322bca9b07f192e1c"},"breadcrumb":{"@id":"https:\/\/cbie.ca\/fr\/avril-2016\/#breadcrumb"},"inLanguage":"fr-FR","potentialAction":[{"@type":"ReadAction","target":["https:\/\/cbie.ca\/fr\/avril-2016\/"]}]},{"@type":"ImageObject","inLanguage":"fr-FR","@id":"https:\/\/cbie.ca\/fr\/avril-2016\/#primaryimage","url":"https:\/\/cbie.ca\/wp-content\/uploads\/2016\/04\/nations-capital.jpg","contentUrl":"https:\/\/cbie.ca\/wp-content\/uploads\/2016\/04\/nations-capital.jpg","width":1500,"height":938},{"@type":"BreadcrumbList","@id":"https:\/\/cbie.ca\/fr\/avril-2016\/#breadcrumb","itemListElement":[{"@type":"ListItem","position":1,"name":"Home","item":"https:\/\/cbie.ca\/fr\/"},{"@type":"ListItem","position":2,"name":"E-Internationaliste avril 2016"}]},{"@type":"WebSite","@id":"https:\/\/cbie.ca\/#website","url":"https:\/\/cbie.ca\/","name":"Canadian Bureau for International Education","description":"","potentialAction":[{"@type":"SearchAction","target":{"@type":"EntryPoint","urlTemplate":"https:\/\/cbie.ca\/?s={search_term_string}"},"query-input":{"@type":"PropertyValueSpecification","valueRequired":true,"valueName":"search_term_string"}}],"inLanguage":"fr-FR"},{"@type":"Person","@id":"https:\/\/cbie.ca\/#\/schema\/person\/cb3789156294f7d322bca9b07f192e1c","name":"CBIE-BCEI","image":{"@type":"ImageObject","inLanguage":"fr-FR","@id":"https:\/\/secure.gravatar.com\/avatar\/d274f7550e676f39e6efa6dab362dac481e1572fbefce28e0a1d4904346afba8?s=96&d=mm&r=g","url":"https:\/\/secure.gravatar.com\/avatar\/d274f7550e676f39e6efa6dab362dac481e1572fbefce28e0a1d4904346afba8?s=96&d=mm&r=g","contentUrl":"https:\/\/secure.gravatar.com\/avatar\/d274f7550e676f39e6efa6dab362dac481e1572fbefce28e0a1d4904346afba8?s=96&d=mm&r=g","caption":"CBIE-BCEI"},"url":"https:\/\/cbie.ca\/fr\/author\/cbie-2-2-2-2-2-2\/"}]}},"_links":{"self":[{"href":"https:\/\/cbie.ca\/fr\/wp-json\/wp\/v2\/posts\/19701","targetHints":{"allow":["GET"]}}],"collection":[{"href":"https:\/\/cbie.ca\/fr\/wp-json\/wp\/v2\/posts"}],"about":[{"href":"https:\/\/cbie.ca\/fr\/wp-json\/wp\/v2\/types\/post"}],"author":[{"embeddable":true,"href":"https:\/\/cbie.ca\/fr\/wp-json\/wp\/v2\/users\/2"}],"replies":[{"embeddable":true,"href":"https:\/\/cbie.ca\/fr\/wp-json\/wp\/v2\/comments?post=19701"}],"version-history":[{"count":0,"href":"https:\/\/cbie.ca\/fr\/wp-json\/wp\/v2\/posts\/19701\/revisions"}],"wp:featuredmedia":[{"embeddable":true,"href":"https:\/\/cbie.ca\/fr\/wp-json\/wp\/v2\/media\/16418"}],"wp:attachment":[{"href":"https:\/\/cbie.ca\/fr\/wp-json\/wp\/v2\/media?parent=19701"}],"wp:term":[{"taxonomy":"category","embeddable":true,"href":"https:\/\/cbie.ca\/fr\/wp-json\/wp\/v2\/categories?post=19701"},{"taxonomy":"post_tag","embeddable":true,"href":"https:\/\/cbie.ca\/fr\/wp-json\/wp\/v2\/tags?post=19701"}],"curies":[{"name":"wp","href":"https:\/\/api.w.org\/{rel}","templated":true}]}}