{"id":110130,"date":"2024-03-01T10:10:09","date_gmt":"2024-03-01T15:10:09","guid":{"rendered":"https:\/\/cbiemain.pcomms.ca\/?p=110130"},"modified":"2024-03-01T13:37:04","modified_gmt":"2024-03-01T18:37:04","slug":"le-bcei-organise-un-dialogue-national-sur-la-politique-en-matiere-deducation-internationale-ethique-et-durable-au-canada","status":"publish","type":"post","link":"https:\/\/cbie.ca\/fr\/le-bcei-organise-un-dialogue-national-sur-la-politique-en-matiere-deducation-internationale-ethique-et-durable-au-canada\/","title":{"rendered":"Le BCEI organise un dialogue national sur la politique en mati\u00e8re d\u2019\u00e9ducation internationale \u00e9thique et durable au Canada"},"content":{"rendered":"<p><strong>COMMUNIQU\u00c9 DU CONSEIL D&rsquo;ADMINISTRATION DU BCEI<\/strong><\/p>\n<p>\u00c9tant donn\u00e9 l\u2019environnement politique inconstant et incertain auquel est confront\u00e9 actuellement le secteur de l\u2019\u00e9ducation internationale (EI) au Canada, la retraite strat\u00e9gique du conseil d\u2019administration du BCEI, les 22 et 23 f\u00e9vrier 2024, s\u2019est av\u00e9r\u00e9e particuli\u00e8rement opportune. Elle a permis de faire le point sur l\u2019effet de la p\u00e9riode d\u2019instabilit\u00e9 actuelle sur le secteur et sur ce que les deux prochaines ann\u00e9es nous r\u00e9servent en l\u2019absence d\u2019un cadre de politiques plus holistique pour l\u2019EI au Canada.<\/p>\n<p>Selon le conseil d\u2019administration, il est imp\u00e9ratif que la communaut\u00e9 de l\u2019EI au Canada reconnaisse les changements individuels et collectifs n\u00e9cessaires pour \u00e9viter une nouvelle s\u00e9rie de mesures impos\u00e9es unilat\u00e9ralement par le gouvernement f\u00e9d\u00e9ral et fond\u00e9es sur l\u2019ensemble restreint d\u2019instruments de politiques \u00e0 la disposition de ce dernier. Le plafonnement des inscriptions n\u2019\u00e9tait pas la bonne solution, et ne l\u2019est toujours pas. Cette mesure a port\u00e9 atteinte \u00e0 l\u2019image de marque du Canada en mati\u00e8re d\u2019EI, cr\u00e9\u00e9 des tensions malsaines au sein du secteur et entre les diff\u00e9rentes r\u00e9gions du pays, et marginalis\u00e9 de potentiel.le.s \u00e9tudiant.e.s internationaux.ales qui ont respect\u00e9 toutes les r\u00e8gles en place.<\/p>\n<p>\u00c0 cette fin, le conseil demande au BCEI d\u2019acc\u00e9l\u00e9rer ses efforts en cours pour consulter et soutenir ses plus de 150 membres dans la mise en \u0153uvre de pratiques d\u2019\u00e9ducation internationale \u00e9thiques, durables et centr\u00e9es sur l\u2019\u00e9tudiant.e.<\/p>\n<p>Le conseil d\u2019administration souligne \u00e9galement la n\u00e9cessit\u00e9 d\u2019une approche mesur\u00e9e et \u00e9quilibr\u00e9e en mati\u00e8re de planification de l\u2019EI qui pourrait permettre au secteur de mieux s\u2019adapter \u00e0 des politiques et \u00e0 un environnement op\u00e9rationnel instables. Il note d\u2019ailleurs que m\u00eame si les \u00e9tablissements d\u2019enseignement canadiens offrent d\u00e9j\u00e0 une exp\u00e9rience d\u2019EI de haute qualit\u00e9 et forment des dipl\u00f4m\u00e9.e.s qualifi\u00e9.e.s et pr\u00eat.e.s pour le march\u00e9 de l\u2019emploi, ils peuvent en faire davantage, notamment en renfor\u00e7ant leur collaboration avec les communaut\u00e9s d\u2019accueil et les partenaires, ainsi qu\u2019en partageant entre eux des pratiques exemplaires. Pour les \u00e9tablissements qui ont augment\u00e9 leurs inscriptions de mani\u00e8re exponentielle sans investir du m\u00eame souffle dans leur capacit\u00e9 \u00e0 fournir un soutien ad\u00e9quat aux \u00e9tudiant.e.s internationaux.ales, le conseil d\u2019administration les encourage \u00e0 recalibrer le recrutement et les admissions pour refl\u00e9ter une capacit\u00e9 d\u2019accueil efficace et \u00e0 se pr\u00e9valoir de la formation, des outils et de l\u2019expertise fournis par le BCEI.<\/p>\n<p>Le conseil encourage \u00e9galement les communaut\u00e9s d\u2019accueil \u00e0 \u00e9laborer des plans plus efficaces et plus inclusifs pour reconna\u00eetre, exploiter et c\u00e9l\u00e9brer les contributions des \u00e9tudiant.e.s internationaux.ales au dynamisme communautaire, social et \u00e9conomique.<\/p>\n<p>Le conseil d\u2019administration s\u2019est dit pr\u00e9occup\u00e9 par le fait que le gouvernement justifie en partie le plafonnement temporaire des inscriptions d\u2019\u00e9tudiant.e.s internationaux.ales comme un moyen de se donner du temps pour r\u00e9orienter les politiques et les programmes afin de maintenir un environnement accueillant et favorable pour les \u00e9tudiant.e.s internationaux.ales, alors m\u00eame qu\u2019il n\u2019existe pas de d\u00e9finition op\u00e9rationnelle de ce que l\u2019on entend par \u00ab accueillant et favorable \u00bb. Or, selon le conseil, une telle d\u00e9finition est essentielle pour d\u00e9terminer les attentes des \u00e9tablissements, des communaut\u00e9s d\u2019accueil et des employeurs, et aussi pour les \u00e9tablissements d\u2019enseignement \u00ab d\u00e9sign\u00e9s \u00bb et la marque \u00c9duCanada elle-m\u00eame.<\/p>\n<p>Enfin, le conseil d\u2019administration invite tous les ordres de gouvernement \u00e0 collaborer davantage pour d\u00e9velopper et partager de mani\u00e8re proactive des donn\u00e9es compl\u00e8tes et coh\u00e9rentes sur l\u2019EI afin de fixer des objectifs de croissance raisonnables, afin de contr\u00f4ler et d\u2019\u00e9valuer la r\u00e9ussite de l\u2019EI, et afin de pouvoir rendre compte de celle-ci. Le conseil note que les personnes responsables de la prise de d\u00e9cision ne peuvent pas am\u00e9liorer ce qu\u2019elles ne peuvent pas mesurer. Un changement doit donc s\u2019op\u00e9rer si l\u2019objectif est de disposer de politiques et de programmes d\u2019EI fond\u00e9s sur des donn\u00e9es probantes.<\/p>\n<p>\u00c0 la suite de sa retraite strat\u00e9gique de f\u00e9vrier, le conseil d\u2019administration a annonc\u00e9 l\u2019intention du BCEI de convoquer des dirigeant.e.s principaux.ales de l\u2019ensemble du secteur de l\u2019\u00e9ducation internationale au Canada pour participer \u00e0 un dialogue national sur les politiques en mati\u00e8re d\u2019EI \u00e9thique et durable au Canada. La date pr\u00e9vue de ce dialogue national, soit le mois de mai 2024, t\u00e9moigne de l\u2019urgence pour les parties prenantes et les partenaires de l\u2019EI de parvenir \u00e0 un consensus sur une vision et un cadre durables, \u00e9thiques, responsables et centr\u00e9s sur les \u00e9tudiant.e.s pour le secteur de l\u2019EI au Canada. De plus amples informations concernant ce dialogue national seront communiqu\u00e9es dans les semaines \u00e0 venir aux personnes qui seront invit\u00e9es \u00e0 y participer.<\/p>\n","protected":false},"excerpt":{"rendered":"<p>COMMUNIQU\u00c9 DU CONSEIL D&rsquo;ADMINISTRATION DU BCEI \u00c9tant donn\u00e9 l\u2019environnement politique inconstant et incertain auquel est confront\u00e9 actuellement le secteur de l\u2019\u00e9ducation internationale (EI) au Canada, la retraite strat\u00e9gique du conseil [&hellip;]<\/p>\n","protected":false},"author":2,"featured_media":107528,"comment_status":"closed","ping_status":"closed","sticky":false,"template":"","format":"standard","meta":{"_acf_changed":false,"footnotes":""},"categories":[82],"tags":[],"class_list":["post-110130","post","type-post","status-publish","format-standard","has-post-thumbnail","hentry","category-press-releases-fr"],"acf":[],"yoast_head":"<!-- This site is optimized with the Yoast SEO plugin v27.4 - https:\/\/yoast.com\/product\/yoast-seo-wordpress\/ -->\n<title>Le BCEI organise un dialogue national sur la politique en mati\u00e8re d\u2019\u00e9ducation internationale \u00e9thique et durable au Canada - CBIE<\/title>\n<meta name=\"robots\" content=\"index, follow, max-snippet:-1, max-image-preview:large, max-video-preview:-1\" \/>\n<link rel=\"canonical\" href=\"https:\/\/cbie.ca\/fr\/le-bcei-organise-un-dialogue-national-sur-la-politique-en-matiere-deducation-internationale-ethique-et-durable-au-canada\/\" \/>\n<meta property=\"og:locale\" content=\"fr_FR\" \/>\n<meta property=\"og:type\" content=\"article\" \/>\n<meta property=\"og:title\" content=\"Le BCEI organise un dialogue national sur la politique en mati\u00e8re d\u2019\u00e9ducation internationale \u00e9thique et durable au Canada - CBIE\" \/>\n<meta property=\"og:description\" content=\"COMMUNIQU\u00c9 DU CONSEIL D&rsquo;ADMINISTRATION DU BCEI \u00c9tant donn\u00e9 l\u2019environnement politique inconstant et incertain auquel est confront\u00e9 actuellement le secteur de l\u2019\u00e9ducation internationale (EI) au Canada, la retraite strat\u00e9gique du conseil [&hellip;]\" \/>\n<meta property=\"og:url\" content=\"https:\/\/cbie.ca\/fr\/le-bcei-organise-un-dialogue-national-sur-la-politique-en-matiere-deducation-internationale-ethique-et-durable-au-canada\/\" \/>\n<meta property=\"og:site_name\" content=\"CBIE\" \/>\n<meta property=\"article:published_time\" content=\"2024-03-01T15:10:09+00:00\" \/>\n<meta property=\"article:modified_time\" content=\"2024-03-01T18:37:04+00:00\" \/>\n<meta property=\"og:image\" content=\"https:\/\/cbie.ca\/wp-content\/uploads\/2024\/01\/CBIE-Announcement-FR.png\" \/>\n\t<meta property=\"og:image:width\" content=\"1600\" \/>\n\t<meta property=\"og:image:height\" content=\"900\" \/>\n\t<meta property=\"og:image:type\" content=\"image\/png\" \/>\n<meta name=\"author\" content=\"CBIE-BCEI\" \/>\n<meta name=\"twitter:card\" content=\"summary_large_image\" \/>\n<meta name=\"twitter:label1\" content=\"\u00c9crit par\" \/>\n\t<meta name=\"twitter:data1\" content=\"CBIE-BCEI\" \/>\n\t<meta name=\"twitter:label2\" content=\"Dur\u00e9e de lecture estim\u00e9e\" \/>\n\t<meta name=\"twitter:data2\" content=\"4 minutes\" \/>\n<script type=\"application\/ld+json\" class=\"yoast-schema-graph\">{\"@context\":\"https:\\\/\\\/schema.org\",\"@graph\":[{\"@type\":\"Article\",\"@id\":\"https:\\\/\\\/cbie.ca\\\/fr\\\/le-bcei-organise-un-dialogue-national-sur-la-politique-en-matiere-deducation-internationale-ethique-et-durable-au-canada\\\/#article\",\"isPartOf\":{\"@id\":\"https:\\\/\\\/cbie.ca\\\/fr\\\/le-bcei-organise-un-dialogue-national-sur-la-politique-en-matiere-deducation-internationale-ethique-et-durable-au-canada\\\/\"},\"author\":{\"name\":\"CBIE-BCEI\",\"@id\":\"https:\\\/\\\/cbie.ca\\\/#\\\/schema\\\/person\\\/cb3789156294f7d322bca9b07f192e1c\"},\"headline\":\"Le BCEI organise un dialogue national sur la politique en mati\u00e8re d\u2019\u00e9ducation internationale \u00e9thique et durable au Canada\",\"datePublished\":\"2024-03-01T15:10:09+00:00\",\"dateModified\":\"2024-03-01T18:37:04+00:00\",\"mainEntityOfPage\":{\"@id\":\"https:\\\/\\\/cbie.ca\\\/fr\\\/le-bcei-organise-un-dialogue-national-sur-la-politique-en-matiere-deducation-internationale-ethique-et-durable-au-canada\\\/\"},\"wordCount\":886,\"image\":{\"@id\":\"https:\\\/\\\/cbie.ca\\\/fr\\\/le-bcei-organise-un-dialogue-national-sur-la-politique-en-matiere-deducation-internationale-ethique-et-durable-au-canada\\\/#primaryimage\"},\"thumbnailUrl\":\"https:\\\/\\\/cbie.ca\\\/wp-content\\\/uploads\\\/2024\\\/01\\\/CBIE-Announcement-FR.png\",\"articleSection\":[\"Communiqu\u00e9\"],\"inLanguage\":\"fr-FR\"},{\"@type\":\"WebPage\",\"@id\":\"https:\\\/\\\/cbie.ca\\\/fr\\\/le-bcei-organise-un-dialogue-national-sur-la-politique-en-matiere-deducation-internationale-ethique-et-durable-au-canada\\\/\",\"url\":\"https:\\\/\\\/cbie.ca\\\/fr\\\/le-bcei-organise-un-dialogue-national-sur-la-politique-en-matiere-deducation-internationale-ethique-et-durable-au-canada\\\/\",\"name\":\"Le BCEI organise un dialogue national sur la politique en mati\u00e8re d\u2019\u00e9ducation internationale \u00e9thique et durable au Canada - CBIE\",\"isPartOf\":{\"@id\":\"https:\\\/\\\/cbie.ca\\\/#website\"},\"primaryImageOfPage\":{\"@id\":\"https:\\\/\\\/cbie.ca\\\/fr\\\/le-bcei-organise-un-dialogue-national-sur-la-politique-en-matiere-deducation-internationale-ethique-et-durable-au-canada\\\/#primaryimage\"},\"image\":{\"@id\":\"https:\\\/\\\/cbie.ca\\\/fr\\\/le-bcei-organise-un-dialogue-national-sur-la-politique-en-matiere-deducation-internationale-ethique-et-durable-au-canada\\\/#primaryimage\"},\"thumbnailUrl\":\"https:\\\/\\\/cbie.ca\\\/wp-content\\\/uploads\\\/2024\\\/01\\\/CBIE-Announcement-FR.png\",\"datePublished\":\"2024-03-01T15:10:09+00:00\",\"dateModified\":\"2024-03-01T18:37:04+00:00\",\"author\":{\"@id\":\"https:\\\/\\\/cbie.ca\\\/#\\\/schema\\\/person\\\/cb3789156294f7d322bca9b07f192e1c\"},\"breadcrumb\":{\"@id\":\"https:\\\/\\\/cbie.ca\\\/fr\\\/le-bcei-organise-un-dialogue-national-sur-la-politique-en-matiere-deducation-internationale-ethique-et-durable-au-canada\\\/#breadcrumb\"},\"inLanguage\":\"fr-FR\",\"potentialAction\":[{\"@type\":\"ReadAction\",\"target\":[\"https:\\\/\\\/cbie.ca\\\/fr\\\/le-bcei-organise-un-dialogue-national-sur-la-politique-en-matiere-deducation-internationale-ethique-et-durable-au-canada\\\/\"]}]},{\"@type\":\"ImageObject\",\"inLanguage\":\"fr-FR\",\"@id\":\"https:\\\/\\\/cbie.ca\\\/fr\\\/le-bcei-organise-un-dialogue-national-sur-la-politique-en-matiere-deducation-internationale-ethique-et-durable-au-canada\\\/#primaryimage\",\"url\":\"https:\\\/\\\/cbie.ca\\\/wp-content\\\/uploads\\\/2024\\\/01\\\/CBIE-Announcement-FR.png\",\"contentUrl\":\"https:\\\/\\\/cbie.ca\\\/wp-content\\\/uploads\\\/2024\\\/01\\\/CBIE-Announcement-FR.png\",\"width\":1600,\"height\":900},{\"@type\":\"BreadcrumbList\",\"@id\":\"https:\\\/\\\/cbie.ca\\\/fr\\\/le-bcei-organise-un-dialogue-national-sur-la-politique-en-matiere-deducation-internationale-ethique-et-durable-au-canada\\\/#breadcrumb\",\"itemListElement\":[{\"@type\":\"ListItem\",\"position\":1,\"name\":\"Home\",\"item\":\"https:\\\/\\\/cbie.ca\\\/fr\\\/\"},{\"@type\":\"ListItem\",\"position\":2,\"name\":\"Le BCEI organise un dialogue national sur la politique en mati\u00e8re d\u2019\u00e9ducation internationale \u00e9thique et durable au Canada\"}]},{\"@type\":\"WebSite\",\"@id\":\"https:\\\/\\\/cbie.ca\\\/#website\",\"url\":\"https:\\\/\\\/cbie.ca\\\/\",\"name\":\"Canadian Bureau for International Education\",\"description\":\"\",\"potentialAction\":[{\"@type\":\"SearchAction\",\"target\":{\"@type\":\"EntryPoint\",\"urlTemplate\":\"https:\\\/\\\/cbie.ca\\\/?s={search_term_string}\"},\"query-input\":{\"@type\":\"PropertyValueSpecification\",\"valueRequired\":true,\"valueName\":\"search_term_string\"}}],\"inLanguage\":\"fr-FR\"},{\"@type\":\"Person\",\"@id\":\"https:\\\/\\\/cbie.ca\\\/#\\\/schema\\\/person\\\/cb3789156294f7d322bca9b07f192e1c\",\"name\":\"CBIE-BCEI\",\"image\":{\"@type\":\"ImageObject\",\"inLanguage\":\"fr-FR\",\"@id\":\"https:\\\/\\\/secure.gravatar.com\\\/avatar\\\/d274f7550e676f39e6efa6dab362dac481e1572fbefce28e0a1d4904346afba8?s=96&d=mm&r=g\",\"url\":\"https:\\\/\\\/secure.gravatar.com\\\/avatar\\\/d274f7550e676f39e6efa6dab362dac481e1572fbefce28e0a1d4904346afba8?s=96&d=mm&r=g\",\"contentUrl\":\"https:\\\/\\\/secure.gravatar.com\\\/avatar\\\/d274f7550e676f39e6efa6dab362dac481e1572fbefce28e0a1d4904346afba8?s=96&d=mm&r=g\",\"caption\":\"CBIE-BCEI\"},\"url\":\"https:\\\/\\\/cbie.ca\\\/fr\\\/author\\\/cbie-2-2-2-2-2-2\\\/\"}]}<\/script>\n<!-- \/ Yoast SEO plugin. -->","yoast_head_json":{"title":"Le BCEI organise un dialogue national sur la politique en mati\u00e8re d\u2019\u00e9ducation internationale \u00e9thique et durable au Canada - CBIE","robots":{"index":"index","follow":"follow","max-snippet":"max-snippet:-1","max-image-preview":"max-image-preview:large","max-video-preview":"max-video-preview:-1"},"canonical":"https:\/\/cbie.ca\/fr\/le-bcei-organise-un-dialogue-national-sur-la-politique-en-matiere-deducation-internationale-ethique-et-durable-au-canada\/","og_locale":"fr_FR","og_type":"article","og_title":"Le BCEI organise un dialogue national sur la politique en mati\u00e8re d\u2019\u00e9ducation internationale \u00e9thique et durable au Canada - CBIE","og_description":"COMMUNIQU\u00c9 DU CONSEIL D&rsquo;ADMINISTRATION DU BCEI \u00c9tant donn\u00e9 l\u2019environnement politique inconstant et incertain auquel est confront\u00e9 actuellement le secteur de l\u2019\u00e9ducation internationale (EI) au Canada, la retraite strat\u00e9gique du conseil [&hellip;]","og_url":"https:\/\/cbie.ca\/fr\/le-bcei-organise-un-dialogue-national-sur-la-politique-en-matiere-deducation-internationale-ethique-et-durable-au-canada\/","og_site_name":"CBIE","article_published_time":"2024-03-01T15:10:09+00:00","article_modified_time":"2024-03-01T18:37:04+00:00","og_image":[{"width":1600,"height":900,"url":"https:\/\/cbie.ca\/wp-content\/uploads\/2024\/01\/CBIE-Announcement-FR.png","type":"image\/png"}],"author":"CBIE-BCEI","twitter_card":"summary_large_image","twitter_misc":{"\u00c9crit par":"CBIE-BCEI","Dur\u00e9e de lecture estim\u00e9e":"4 minutes"},"schema":{"@context":"https:\/\/schema.org","@graph":[{"@type":"Article","@id":"https:\/\/cbie.ca\/fr\/le-bcei-organise-un-dialogue-national-sur-la-politique-en-matiere-deducation-internationale-ethique-et-durable-au-canada\/#article","isPartOf":{"@id":"https:\/\/cbie.ca\/fr\/le-bcei-organise-un-dialogue-national-sur-la-politique-en-matiere-deducation-internationale-ethique-et-durable-au-canada\/"},"author":{"name":"CBIE-BCEI","@id":"https:\/\/cbie.ca\/#\/schema\/person\/cb3789156294f7d322bca9b07f192e1c"},"headline":"Le BCEI organise un dialogue national sur la politique en mati\u00e8re d\u2019\u00e9ducation internationale \u00e9thique et durable au Canada","datePublished":"2024-03-01T15:10:09+00:00","dateModified":"2024-03-01T18:37:04+00:00","mainEntityOfPage":{"@id":"https:\/\/cbie.ca\/fr\/le-bcei-organise-un-dialogue-national-sur-la-politique-en-matiere-deducation-internationale-ethique-et-durable-au-canada\/"},"wordCount":886,"image":{"@id":"https:\/\/cbie.ca\/fr\/le-bcei-organise-un-dialogue-national-sur-la-politique-en-matiere-deducation-internationale-ethique-et-durable-au-canada\/#primaryimage"},"thumbnailUrl":"https:\/\/cbie.ca\/wp-content\/uploads\/2024\/01\/CBIE-Announcement-FR.png","articleSection":["Communiqu\u00e9"],"inLanguage":"fr-FR"},{"@type":"WebPage","@id":"https:\/\/cbie.ca\/fr\/le-bcei-organise-un-dialogue-national-sur-la-politique-en-matiere-deducation-internationale-ethique-et-durable-au-canada\/","url":"https:\/\/cbie.ca\/fr\/le-bcei-organise-un-dialogue-national-sur-la-politique-en-matiere-deducation-internationale-ethique-et-durable-au-canada\/","name":"Le BCEI organise un dialogue national sur la politique en mati\u00e8re d\u2019\u00e9ducation internationale \u00e9thique et durable au Canada - CBIE","isPartOf":{"@id":"https:\/\/cbie.ca\/#website"},"primaryImageOfPage":{"@id":"https:\/\/cbie.ca\/fr\/le-bcei-organise-un-dialogue-national-sur-la-politique-en-matiere-deducation-internationale-ethique-et-durable-au-canada\/#primaryimage"},"image":{"@id":"https:\/\/cbie.ca\/fr\/le-bcei-organise-un-dialogue-national-sur-la-politique-en-matiere-deducation-internationale-ethique-et-durable-au-canada\/#primaryimage"},"thumbnailUrl":"https:\/\/cbie.ca\/wp-content\/uploads\/2024\/01\/CBIE-Announcement-FR.png","datePublished":"2024-03-01T15:10:09+00:00","dateModified":"2024-03-01T18:37:04+00:00","author":{"@id":"https:\/\/cbie.ca\/#\/schema\/person\/cb3789156294f7d322bca9b07f192e1c"},"breadcrumb":{"@id":"https:\/\/cbie.ca\/fr\/le-bcei-organise-un-dialogue-national-sur-la-politique-en-matiere-deducation-internationale-ethique-et-durable-au-canada\/#breadcrumb"},"inLanguage":"fr-FR","potentialAction":[{"@type":"ReadAction","target":["https:\/\/cbie.ca\/fr\/le-bcei-organise-un-dialogue-national-sur-la-politique-en-matiere-deducation-internationale-ethique-et-durable-au-canada\/"]}]},{"@type":"ImageObject","inLanguage":"fr-FR","@id":"https:\/\/cbie.ca\/fr\/le-bcei-organise-un-dialogue-national-sur-la-politique-en-matiere-deducation-internationale-ethique-et-durable-au-canada\/#primaryimage","url":"https:\/\/cbie.ca\/wp-content\/uploads\/2024\/01\/CBIE-Announcement-FR.png","contentUrl":"https:\/\/cbie.ca\/wp-content\/uploads\/2024\/01\/CBIE-Announcement-FR.png","width":1600,"height":900},{"@type":"BreadcrumbList","@id":"https:\/\/cbie.ca\/fr\/le-bcei-organise-un-dialogue-national-sur-la-politique-en-matiere-deducation-internationale-ethique-et-durable-au-canada\/#breadcrumb","itemListElement":[{"@type":"ListItem","position":1,"name":"Home","item":"https:\/\/cbie.ca\/fr\/"},{"@type":"ListItem","position":2,"name":"Le BCEI organise un dialogue national sur la politique en mati\u00e8re d\u2019\u00e9ducation internationale \u00e9thique et durable au Canada"}]},{"@type":"WebSite","@id":"https:\/\/cbie.ca\/#website","url":"https:\/\/cbie.ca\/","name":"Canadian Bureau for International Education","description":"","potentialAction":[{"@type":"SearchAction","target":{"@type":"EntryPoint","urlTemplate":"https:\/\/cbie.ca\/?s={search_term_string}"},"query-input":{"@type":"PropertyValueSpecification","valueRequired":true,"valueName":"search_term_string"}}],"inLanguage":"fr-FR"},{"@type":"Person","@id":"https:\/\/cbie.ca\/#\/schema\/person\/cb3789156294f7d322bca9b07f192e1c","name":"CBIE-BCEI","image":{"@type":"ImageObject","inLanguage":"fr-FR","@id":"https:\/\/secure.gravatar.com\/avatar\/d274f7550e676f39e6efa6dab362dac481e1572fbefce28e0a1d4904346afba8?s=96&d=mm&r=g","url":"https:\/\/secure.gravatar.com\/avatar\/d274f7550e676f39e6efa6dab362dac481e1572fbefce28e0a1d4904346afba8?s=96&d=mm&r=g","contentUrl":"https:\/\/secure.gravatar.com\/avatar\/d274f7550e676f39e6efa6dab362dac481e1572fbefce28e0a1d4904346afba8?s=96&d=mm&r=g","caption":"CBIE-BCEI"},"url":"https:\/\/cbie.ca\/fr\/author\/cbie-2-2-2-2-2-2\/"}]}},"_links":{"self":[{"href":"https:\/\/cbie.ca\/fr\/wp-json\/wp\/v2\/posts\/110130","targetHints":{"allow":["GET"]}}],"collection":[{"href":"https:\/\/cbie.ca\/fr\/wp-json\/wp\/v2\/posts"}],"about":[{"href":"https:\/\/cbie.ca\/fr\/wp-json\/wp\/v2\/types\/post"}],"author":[{"embeddable":true,"href":"https:\/\/cbie.ca\/fr\/wp-json\/wp\/v2\/users\/2"}],"replies":[{"embeddable":true,"href":"https:\/\/cbie.ca\/fr\/wp-json\/wp\/v2\/comments?post=110130"}],"version-history":[{"count":0,"href":"https:\/\/cbie.ca\/fr\/wp-json\/wp\/v2\/posts\/110130\/revisions"}],"wp:featuredmedia":[{"embeddable":true,"href":"https:\/\/cbie.ca\/fr\/wp-json\/wp\/v2\/media\/107528"}],"wp:attachment":[{"href":"https:\/\/cbie.ca\/fr\/wp-json\/wp\/v2\/media?parent=110130"}],"wp:term":[{"taxonomy":"category","embeddable":true,"href":"https:\/\/cbie.ca\/fr\/wp-json\/wp\/v2\/categories?post=110130"},{"taxonomy":"post_tag","embeddable":true,"href":"https:\/\/cbie.ca\/fr\/wp-json\/wp\/v2\/tags?post=110130"}],"curies":[{"name":"wp","href":"https:\/\/api.w.org\/{rel}","templated":true}]}}